{"id":68134,"date":"2025-03-01T13:00:07","date_gmt":"2025-03-01T11:00:07","guid":{"rendered":"https:\/\/orheifm.live\/index.php\/2025\/03\/01\/europa-planuieste-sa-prelungeasca-conflictul-din-ucraina-pentru-inca-un-an-afirma-marco-rubio\/"},"modified":"2025-03-01T13:00:07","modified_gmt":"2025-03-01T11:00:07","slug":"europa-planuieste-sa-prelungeasca-conflictul-din-ucraina-pentru-inca-un-an-afirma-marco-rubio","status":"publish","type":"post","link":"https:\/\/orheifm.live\/index.php\/2025\/03\/01\/europa-planuieste-sa-prelungeasca-conflictul-din-ucraina-pentru-inca-un-an-afirma-marco-rubio\/","title":{"rendered":"Europa pl\u0103nuie\u0219te s\u0103 prelungeasc\u0103 conflictul din Ucraina pentru \u00eenc\u0103 un an, afirm\u0103 Marco Rubio"},"content":{"rendered":"<div>\n<p data-start=\"0\" data-end=\"349\"><strong>Europa pl\u0103nuie\u0219te s\u0103 prelungeasc\u0103 conflictul militar din Ucraina pentru \u00eenc\u0103 un an, av\u00e2nd ca scop sl\u0103birea Rusiei, a declarat secretarul de stat al SUA, Marco Rubio, \u00eentr-un interviu pentru CNN. <\/strong><\/p>\n<p data-start=\"0\" data-end=\"349\">Potrivit acestuia, planul i-a fost dezv\u0103luit de c\u0103tre ministrul de externe al uneia dintre \u021b\u0103rile europene, dar nu a precizat despre care \u021bar\u0103 este vorba.<\/p>\n<p data-start=\"351\" data-end=\"649\">Rubio a explicat c\u0103 a \u00eentrebat despre planul european de \u00eencheiere a r\u0103zboiului \u0219i a fost informat c\u0103 acesta const\u0103 \u00een prelungirea conflictului \u00eenc\u0103 un an, pentru a sl\u0103bi Rusia p\u00e2n\u0103 la punctul \u00een care aceasta ar cere pacea. Secretarul de stat a men\u021bionat c\u0103 consider\u0103 acest plan ca fiind nerealist.<\/p>\n<p data-start=\"651\" data-end=\"1028\" data-is-last-node=\"\" data-is-only-node=\"\">\u00cen data de 28 februarie, pre\u0219edintele Ucrainei, Volodimir Zelensky, a ajuns la Washington pentru semnarea unui acord referitor la resursele minerale. \u00cens\u0103 \u00eent\u00e2lnirea cu Donald Trump s-a transformat \u00eentr-o disput\u0103 \u0219i s-a \u00eencheiat prematur, iar semnarea acordului a fost anulat\u0103. Trump a declarat c\u0103 Washingtonul dore\u0219te pacea, dar nu vede o dorin\u021b\u0103 similar\u0103 din partea Kievului.<\/p>\n<\/div>\n","protected":false},"excerpt":{"rendered":"<div><img loading=\"lazy\" decoding=\"async\" width=\"696\" height=\"464\" src=\"https:\/\/canal5.md\/wp-content\/uploads\/2025\/03\/kmo_162543_60193_1_t247_101742-optimized.webp\" class=\"attachment-large size-large wp-post-image\" alt=\"\" srcset=\"https:\/\/canal5.md\/wp-content\/uploads\/2025\/03\/kmo_162543_60193_1_t247_101742-optimized.webp 912w, https:\/\/canal5.md\/wp-content\/uploads\/2025\/03\/kmo_162543_60193_1_t247_101742-300x200-optimized.webp 300w, https:\/\/canal5.md\/wp-content\/uploads\/2025\/03\/kmo_162543_60193_1_t247_101742-768x512-optimized.webp 768w, https:\/\/canal5.md\/wp-content\/uploads\/2025\/03\/kmo_162543_60193_1_t247_101742-696x464-optimized.webp 696w\">Europa pl\u0103nuie\u0219te s\u0103 prelungeasc\u0103 conflictul militar din Ucraina pentru \u00eenc\u0103 un an, av\u00e2nd ca scop sl\u0103birea Rusiei, a declarat secretarul de stat al SUA, Marco Rubio, \u00eentr-un interviu pentru CNN. Potrivit acestuia, planul i-a fost dezv\u0103luit de c\u0103tre ministrul de externe al uneia dintre \u021b\u0103rile europene, dar nu a precizat despre care \u021bar\u0103 este vorba. [\u2026]<\/div>\n","protected":false},"author":1,"featured_media":68135,"comment_status":"closed","ping_status":"closed","sticky":false,"template":"","format":"standard","meta":{"jnews-multi-image_gallery":[],"jnews_single_post":[],"jnews_primary_category":[],"jnews_social_meta":[],"jnews_override_counter":[],"footnotes":""},"categories":[29],"tags":[],"class_list":["post-68134","post","type-post","status-publish","format-standard","has-post-thumbnail","hentry","category-externe_ro"],"_links":{"self":[{"href":"https:\/\/orheifm.live\/index.php\/wp-json\/wp\/v2\/posts\/68134","targetHints":{"allow":["GET"]}}],"collection":[{"href":"https:\/\/orheifm.live\/index.php\/wp-json\/wp\/v2\/posts"}],"about":[{"href":"https:\/\/orheifm.live\/index.php\/wp-json\/wp\/v2\/types\/post"}],"author":[{"embeddable":true,"href":"https:\/\/orheifm.live\/index.php\/wp-json\/wp\/v2\/users\/1"}],"replies":[{"embeddable":true,"href":"https:\/\/orheifm.live\/index.php\/wp-json\/wp\/v2\/comments?post=68134"}],"version-history":[{"count":0,"href":"https:\/\/orheifm.live\/index.php\/wp-json\/wp\/v2\/posts\/68134\/revisions"}],"wp:featuredmedia":[{"embeddable":true,"href":"https:\/\/orheifm.live\/index.php\/wp-json\/wp\/v2\/media\/68135"}],"wp:attachment":[{"href":"https:\/\/orheifm.live\/index.php\/wp-json\/wp\/v2\/media?parent=68134"}],"wp:term":[{"taxonomy":"category","embeddable":true,"href":"https:\/\/orheifm.live\/index.php\/wp-json\/wp\/v2\/categories?post=68134"},{"taxonomy":"post_tag","embeddable":true,"href":"https:\/\/orheifm.live\/index.php\/wp-json\/wp\/v2\/tags?post=68134"}],"curies":[{"name":"wp","href":"https:\/\/api.w.org\/{rel}","templated":true}]}}