{"id":68129,"date":"2025-03-01T12:00:07","date_gmt":"2025-03-01T10:00:07","guid":{"rendered":"https:\/\/orheifm.live\/index.php\/2025\/03\/01\/accesul-in-anumite-locuri-publice-din-chisinau-va-fi-limitat-pe-01-martie-2025-in-contextul-vizitei-oficiale-a-presedintelui-interimar-al-romaniei\/"},"modified":"2025-03-01T12:00:07","modified_gmt":"2025-03-01T10:00:07","slug":"accesul-in-anumite-locuri-publice-din-chisinau-va-fi-limitat-pe-01-martie-2025-in-contextul-vizitei-oficiale-a-presedintelui-interimar-al-romaniei","status":"publish","type":"post","link":"https:\/\/orheifm.live\/index.php\/2025\/03\/01\/accesul-in-anumite-locuri-publice-din-chisinau-va-fi-limitat-pe-01-martie-2025-in-contextul-vizitei-oficiale-a-presedintelui-interimar-al-romaniei\/","title":{"rendered":"Accesul \u00een anumite locuri publice din Chi\u0219in\u0103u va fi limitat pe 01 martie 2025, \u00een contextul vizitei oficiale a Pre\u0219edintelui interimar al Rom\u00e2niei"},"content":{"rendered":"<div>\n<div class=\"flex max-w-full flex-col flex-grow\">\n<div class=\"min-h-8 text-message relative flex w-full flex-col items-end gap-2 whitespace-normal break-words text-start [.text-message+&amp;]:mt-5\" dir=\"auto\" data-message-author-role=\"assistant\" data-message-id=\"97e4dd05-9c51-473a-b3df-aac5c75200a7\" data-message-model-slug=\"gpt-4o-mini\">\n<div class=\"flex w-full flex-col gap-1 empty:hidden first:pt-[3px]\">\n<div class=\"markdown prose w-full break-words dark:prose-invert light\">\n<p data-start=\"153\" data-end=\"928\" data-is-last-node=\"\" data-is-only-node=\"\"><strong>Prim\u0103ria Municipiului Chi\u0219in\u0103u informeaz\u0103 c\u0103, pe 01 martie 2025, va fi limitat temporar accesul persoanelor \u00een anumite zone ale capitalei, din cauza vizitei oficiale a E.S. dl Ilie Bolojan, Pre\u0219edintele interimar al Rom\u00e2niei.<\/strong><\/p>\n<p data-start=\"153\" data-end=\"928\" data-is-last-node=\"\" data-is-only-node=\"\">M\u0103sura se va aplica \u00eentre orele 08:00 \u0219i 21:00, \u00een centrul ora\u0219ului \u0219i pe arterele care fac leg\u0103tura cu Aeroportul Interna\u021bional Chi\u0219in\u0103u, inclusiv \u00een zona unde se va deplasa coloana oficial\u0103.<\/p>\n<p data-start=\"153\" data-end=\"928\" data-is-last-node=\"\" data-is-only-node=\"\">Accesul va fi restric\u021bionat \u00een zonele unde se desf\u0103\u0219oar\u0103 lucr\u0103ri de repara\u021bii sau alte activit\u0103\u021bi, precum \u0219i \u00een cadrul mitingurilor \u0219i mar\u0219urilor.<\/p>\n<p data-start=\"153\" data-end=\"928\" data-is-last-node=\"\" data-is-only-node=\"\">Excep\u021bie vor face manifest\u0103rile social-culturale, \u00eenregistrate anterior la Prim\u0103ria Municipiului Chi\u0219in\u0103u. Conduc\u0103torii auto sunt sf\u0103tui\u021bi s\u0103 urmeze indica\u021biile agen\u021bilor de circula\u021bie \u0219i s\u0103 manifeste r\u0103bdare.<\/p>\n<\/div>\n<\/div>\n<\/div>\n<\/div>\n<\/div>\n","protected":false},"excerpt":{"rendered":"<div><img loading=\"lazy\" decoding=\"async\" width=\"696\" height=\"458\" src=\"https:\/\/canal5.md\/wp-content\/uploads\/2025\/03\/800729-optimized.webp\" class=\"attachment-large size-large wp-post-image\" alt=\"\" srcset=\"https:\/\/canal5.md\/wp-content\/uploads\/2025\/03\/800729-optimized.webp 760w, https:\/\/canal5.md\/wp-content\/uploads\/2025\/03\/800729-300x197-optimized.webp 300w, https:\/\/canal5.md\/wp-content\/uploads\/2025\/03\/800729-696x458-optimized.webp 696w\">Prim\u0103ria Municipiului Chi\u0219in\u0103u informeaz\u0103 c\u0103, pe 01 martie 2025, va fi limitat temporar accesul persoanelor \u00een anumite zone ale capitalei, din cauza vizitei oficiale a E.S. dl Ilie Bolojan, Pre\u0219edintele interimar al Rom\u00e2niei. M\u0103sura se va aplica \u00eentre orele 08:00 \u0219i 21:00, \u00een centrul ora\u0219ului \u0219i pe arterele care fac leg\u0103tura cu Aeroportul Interna\u021bional Chi\u0219in\u0103u, [\u2026]<\/div>\n","protected":false},"author":1,"featured_media":68130,"comment_status":"closed","ping_status":"closed","sticky":false,"template":"","format":"standard","meta":{"jnews-multi-image_gallery":[],"jnews_single_post":[],"jnews_primary_category":[],"jnews_social_meta":[],"jnews_override_counter":[],"footnotes":""},"categories":[30],"tags":[],"class_list":["post-68129","post","type-post","status-publish","format-standard","has-post-thumbnail","hentry","category-social_ro"],"_links":{"self":[{"href":"https:\/\/orheifm.live\/index.php\/wp-json\/wp\/v2\/posts\/68129","targetHints":{"allow":["GET"]}}],"collection":[{"href":"https:\/\/orheifm.live\/index.php\/wp-json\/wp\/v2\/posts"}],"about":[{"href":"https:\/\/orheifm.live\/index.php\/wp-json\/wp\/v2\/types\/post"}],"author":[{"embeddable":true,"href":"https:\/\/orheifm.live\/index.php\/wp-json\/wp\/v2\/users\/1"}],"replies":[{"embeddable":true,"href":"https:\/\/orheifm.live\/index.php\/wp-json\/wp\/v2\/comments?post=68129"}],"version-history":[{"count":0,"href":"https:\/\/orheifm.live\/index.php\/wp-json\/wp\/v2\/posts\/68129\/revisions"}],"wp:featuredmedia":[{"embeddable":true,"href":"https:\/\/orheifm.live\/index.php\/wp-json\/wp\/v2\/media\/68130"}],"wp:attachment":[{"href":"https:\/\/orheifm.live\/index.php\/wp-json\/wp\/v2\/media?parent=68129"}],"wp:term":[{"taxonomy":"category","embeddable":true,"href":"https:\/\/orheifm.live\/index.php\/wp-json\/wp\/v2\/categories?post=68129"},{"taxonomy":"post_tag","embeddable":true,"href":"https:\/\/orheifm.live\/index.php\/wp-json\/wp\/v2\/tags?post=68129"}],"curies":[{"name":"wp","href":"https:\/\/api.w.org\/{rel}","templated":true}]}}