{"id":68123,"date":"2025-03-01T10:10:41","date_gmt":"2025-03-01T08:10:41","guid":{"rendered":"https:\/\/orheifm.live\/index.php\/2025\/03\/01\/boxerul-moldovean-egor-certicovtev-campion-la-turneul-international-dracula-open\/"},"modified":"2025-03-01T10:10:41","modified_gmt":"2025-03-01T08:10:41","slug":"boxerul-moldovean-egor-certicovtev-campion-la-turneul-international-dracula-open","status":"publish","type":"post","link":"https:\/\/orheifm.live\/index.php\/2025\/03\/01\/boxerul-moldovean-egor-certicovtev-campion-la-turneul-international-dracula-open\/","title":{"rendered":"Boxerul moldovean Egor Cert\u00eecov\u021bev, campion la Turneul Interna\u021bional \u201eDracula Open\u201d"},"content":{"rendered":"<div>\n<div class=\"flex max-w-full flex-col flex-grow\">\n<div class=\"min-h-8 text-message relative flex w-full flex-col items-end gap-2 whitespace-normal break-words text-start [.text-message+&amp;]:mt-5\" dir=\"auto\" data-message-author-role=\"assistant\" data-message-id=\"43afae91-0a44-419d-8bdd-c87685fb4d7d\" data-message-model-slug=\"gpt-4o\">\n<div class=\"flex w-full flex-col gap-1 empty:hidden first:pt-[3px]\">\n<div class=\"markdown prose w-full break-words dark:prose-invert light\">\n<p data-start=\"91\" data-end=\"279\"><strong>Boxerul din Moldova, Egor Cert\u00eecov\u021bev, a ob\u021binut o victorie impresionant\u0103 la Turneul Interna\u021bional de Box \u201eDracula Open\u201d din Rom\u00e2nia, unde a cucerit medalia de aur \u0219i centura de campion.<\/strong><\/p>\n<p data-start=\"281\" data-end=\"548\">Pugilistul din Tiraspol, care a concurat la categoria de greutate de p\u00e2n\u0103 la 48 kg, a disputat trei meciuri \u0219i le-a c\u00e2\u0219tigat pe toate. \u00cen final\u0103, Cert\u00eecov\u021bev l-a \u00eenvins pe adversarul din Rom\u00e2nia, dup\u0103 ce anterior trecuse de al\u021bi doi sportivi din Rom\u00e2nia \u0219i Letonia.<\/p>\n<p data-start=\"550\" data-end=\"882\">Competi\u021bia \u201eDracula Open\u201d a adunat \u00een acest an circa 500 de sportivi din 24 de \u021b\u0103ri, fiind una dintre cele mai importante competi\u021bii interna\u021bionale de box pentru juniori. Antrenorul Roman Hadjilenko a subliniat c\u0103 turneul a fost deosebit de amplu, atr\u0103g\u00e2nd boxeri nu doar din Europa, ci \u0219i din \u021b\u0103ri precum Kazahstan \u0219i Uzbekistan.<\/p>\n<p data-start=\"884\" data-end=\"1270\" data-is-last-node=\"\" data-is-only-node=\"\">Cert\u00eecov\u021bev este descris de antrenorii s\u0103i drept un boxer inteligent, rapid \u0219i tehnic, care impresioneaz\u0103 prin stilul s\u0103u de lupt\u0103 curat \u0219i strategic. Urm\u0103torul obiectiv al sportivului este Campionatul European pentru elevi, programat \u00een luna august \u00een Spania, unde anul trecut a reu\u0219it s\u0103 c\u00e2\u0219tige medalia de aur. \u00cen noul sezon, Egor Cert\u00eecov\u021bev \u00ee\u0219i propune s\u0103-\u0219i apere titlul european.<\/p>\n<p data-start=\"884\" data-end=\"1270\" data-is-last-node=\"\" data-is-only-node=\"\"><iframe loading=\"lazy\" title=\"YouTube video player\" src=\"https:\/\/www.youtube.com\/embed\/sLHxn3j-wHQ?si=58lJnMV9Ihk5aGpv\" width=\"560\" height=\"315\" frameborder=\"0\" allowfullscreen=\"allowfullscreen\"><\/iframe><\/p>\n<\/div>\n<\/div>\n<\/div>\n<\/div>\n<\/div>\n","protected":false},"excerpt":{"rendered":"<div><img loading=\"lazy\" decoding=\"async\" width=\"696\" height=\"458\" src=\"https:\/\/canal5.md\/wp-content\/uploads\/2025\/03\/800667-optimized.webp\" class=\"attachment-large size-large wp-post-image\" alt=\"\" srcset=\"https:\/\/canal5.md\/wp-content\/uploads\/2025\/03\/800667-optimized.webp 760w, https:\/\/canal5.md\/wp-content\/uploads\/2025\/03\/800667-300x197-optimized.webp 300w, https:\/\/canal5.md\/wp-content\/uploads\/2025\/03\/800667-696x458-optimized.webp 696w\">Boxerul din Moldova, Egor Cert\u00eecov\u021bev, a ob\u021binut o victorie impresionant\u0103 la Turneul Interna\u021bional de Box \u201eDracula Open\u201d din Rom\u00e2nia, unde a cucerit medalia de aur \u0219i centura de campion. Pugilistul din Tiraspol, care a concurat la categoria de greutate de p\u00e2n\u0103 la 48 kg, a disputat trei meciuri \u0219i le-a c\u00e2\u0219tigat pe toate. \u00cen final\u0103, [\u2026]<\/div>\n","protected":false},"author":1,"featured_media":68124,"comment_status":"closed","ping_status":"closed","sticky":false,"template":"","format":"standard","meta":{"jnews-multi-image_gallery":[],"jnews_single_post":[],"jnews_primary_category":[],"jnews_social_meta":[],"jnews_override_counter":[],"footnotes":""},"categories":[30],"tags":[],"class_list":["post-68123","post","type-post","status-publish","format-standard","has-post-thumbnail","hentry","category-social_ro"],"_links":{"self":[{"href":"https:\/\/orheifm.live\/index.php\/wp-json\/wp\/v2\/posts\/68123","targetHints":{"allow":["GET"]}}],"collection":[{"href":"https:\/\/orheifm.live\/index.php\/wp-json\/wp\/v2\/posts"}],"about":[{"href":"https:\/\/orheifm.live\/index.php\/wp-json\/wp\/v2\/types\/post"}],"author":[{"embeddable":true,"href":"https:\/\/orheifm.live\/index.php\/wp-json\/wp\/v2\/users\/1"}],"replies":[{"embeddable":true,"href":"https:\/\/orheifm.live\/index.php\/wp-json\/wp\/v2\/comments?post=68123"}],"version-history":[{"count":0,"href":"https:\/\/orheifm.live\/index.php\/wp-json\/wp\/v2\/posts\/68123\/revisions"}],"wp:featuredmedia":[{"embeddable":true,"href":"https:\/\/orheifm.live\/index.php\/wp-json\/wp\/v2\/media\/68124"}],"wp:attachment":[{"href":"https:\/\/orheifm.live\/index.php\/wp-json\/wp\/v2\/media?parent=68123"}],"wp:term":[{"taxonomy":"category","embeddable":true,"href":"https:\/\/orheifm.live\/index.php\/wp-json\/wp\/v2\/categories?post=68123"},{"taxonomy":"post_tag","embeddable":true,"href":"https:\/\/orheifm.live\/index.php\/wp-json\/wp\/v2\/tags?post=68123"}],"curies":[{"name":"wp","href":"https:\/\/api.w.org\/{rel}","templated":true}]}}