{"id":68121,"date":"2025-03-01T09:32:56","date_gmt":"2025-03-01T07:32:56","guid":{"rendered":"https:\/\/orheifm.live\/index.php\/2025\/03\/01\/prognoza-meteo-pentru-1-martie\/"},"modified":"2025-03-01T09:32:56","modified_gmt":"2025-03-01T07:32:56","slug":"prognoza-meteo-pentru-1-martie","status":"publish","type":"post","link":"https:\/\/orheifm.live\/index.php\/2025\/03\/01\/prognoza-meteo-pentru-1-martie\/","title":{"rendered":"Prognoza meteo pentru 1 martie"},"content":{"rendered":"<div>\n<p><strong>Prima zi de prim\u0103var\u0103 va \u00eencepe cu precipita\u021bii slabe sub form\u0103 de lapovi\u021b\u0103 umed\u0103.<\/strong><\/p>\n<p>Pe parcursul zilei \u00een sudul \u021b\u0103rii temperatura aerului va fi de +6\u2026+8\u00b0\u0421.<\/p>\n<p>\u00cen centru se a\u0219teapt\u0103 +4\u2026+6\u00b0C, iar \u00een nord termometrele vor ar\u0103ta +1\u2026+3\u00b0C. +3\u00b0\u0421.<\/p>\n<p>Temperatura minim\u0103 poate ajunge la -2 grade Celsius.<\/p>\n<\/div>\n","protected":false},"excerpt":{"rendered":"<div><img loading=\"lazy\" decoding=\"async\" width=\"696\" height=\"458\" src=\"https:\/\/canal5.md\/wp-content\/uploads\/2025\/03\/800647-optimized.webp\" class=\"attachment-large size-large wp-post-image\" alt=\"\" srcset=\"https:\/\/canal5.md\/wp-content\/uploads\/2025\/03\/800647-optimized.webp 760w, https:\/\/canal5.md\/wp-content\/uploads\/2025\/03\/800647-300x197-optimized.webp 300w, https:\/\/canal5.md\/wp-content\/uploads\/2025\/03\/800647-696x458-optimized.webp 696w\">Prima zi de prim\u0103var\u0103 va \u00eencepe cu precipita\u021bii slabe sub form\u0103 de lapovi\u021b\u0103 umed\u0103. Pe parcursul zilei \u00een sudul \u021b\u0103rii temperatura aerului va fi de +6\u2026+8\u00b0\u0421. \u00cen centru se a\u0219teapt\u0103 +4\u2026+6\u00b0C, iar \u00een nord termometrele vor ar\u0103ta +1\u2026+3\u00b0C. +3\u00b0\u0421. Temperatura minim\u0103 poate ajunge la -2 grade Celsius.<\/div>\n","protected":false},"author":1,"featured_media":68122,"comment_status":"closed","ping_status":"closed","sticky":false,"template":"","format":"standard","meta":{"jnews-multi-image_gallery":[],"jnews_single_post":[],"jnews_primary_category":[],"jnews_social_meta":[],"jnews_override_counter":[],"footnotes":""},"categories":[30],"tags":[],"class_list":["post-68121","post","type-post","status-publish","format-standard","has-post-thumbnail","hentry","category-social_ro"],"_links":{"self":[{"href":"https:\/\/orheifm.live\/index.php\/wp-json\/wp\/v2\/posts\/68121","targetHints":{"allow":["GET"]}}],"collection":[{"href":"https:\/\/orheifm.live\/index.php\/wp-json\/wp\/v2\/posts"}],"about":[{"href":"https:\/\/orheifm.live\/index.php\/wp-json\/wp\/v2\/types\/post"}],"author":[{"embeddable":true,"href":"https:\/\/orheifm.live\/index.php\/wp-json\/wp\/v2\/users\/1"}],"replies":[{"embeddable":true,"href":"https:\/\/orheifm.live\/index.php\/wp-json\/wp\/v2\/comments?post=68121"}],"version-history":[{"count":0,"href":"https:\/\/orheifm.live\/index.php\/wp-json\/wp\/v2\/posts\/68121\/revisions"}],"wp:featuredmedia":[{"embeddable":true,"href":"https:\/\/orheifm.live\/index.php\/wp-json\/wp\/v2\/media\/68122"}],"wp:attachment":[{"href":"https:\/\/orheifm.live\/index.php\/wp-json\/wp\/v2\/media?parent=68121"}],"wp:term":[{"taxonomy":"category","embeddable":true,"href":"https:\/\/orheifm.live\/index.php\/wp-json\/wp\/v2\/categories?post=68121"},{"taxonomy":"post_tag","embeddable":true,"href":"https:\/\/orheifm.live\/index.php\/wp-json\/wp\/v2\/tags?post=68121"}],"curies":[{"name":"wp","href":"https:\/\/api.w.org\/{rel}","templated":true}]}}