{"id":68119,"date":"2025-02-28T22:31:59","date_gmt":"2025-02-28T20:31:59","guid":{"rendered":"https:\/\/orheifm.live\/index.php\/2025\/02\/28\/stopari-temporare-ale-livrarii-apeii-potabile-in-capitala-pe-02-martie\/"},"modified":"2025-02-28T22:31:59","modified_gmt":"2025-02-28T20:31:59","slug":"stopari-temporare-ale-livrarii-apeii-potabile-in-capitala-pe-02-martie","status":"publish","type":"post","link":"https:\/\/orheifm.live\/index.php\/2025\/02\/28\/stopari-temporare-ale-livrarii-apeii-potabile-in-capitala-pe-02-martie\/","title":{"rendered":"Stop\u0103ri Temporare ale Livr\u0103rii Apeii Potabile \u00een Capital\u0103 pe 02 Martie"},"content":{"rendered":"<div>\n<p data-start=\"76\" data-end=\"401\"><strong>S.A. \u201eAp\u0103-Canal Chi\u0219in\u0103u\u201d anun\u021b\u0103 pentru data de 02 martie stop\u0103ri temporare ale livr\u0103rii apei potabile pe mai multe str\u0103zi din Chi\u0219in\u0103u.<\/strong><\/p>\n<p data-start=\"76\" data-end=\"401\">\u00cen intervalul 09:00 \u2013 15:00, consumatorii de pe Calea Basarabiei, adresele 30 \u0219i 30\/5, vor r\u0103m\u00e2ne f\u0103r\u0103 ap\u0103, \u00een urma lucr\u0103rilor planificate de c\u0103tre compania furnizoare.<\/p>\n<p data-start=\"403\" data-end=\"529\" data-is-last-node=\"\" data-is-only-node=\"\">To\u021bi consumatorii afecta\u021bi sunt ruga\u021bi s\u0103 \u00ee\u0219i asigure rezerva minim\u0103 de ap\u0103 pentru consum \u0219i uz casnic pe durata \u00eentreruperii.<\/p>\n<\/div>\n","protected":false},"excerpt":{"rendered":"<div><img loading=\"lazy\" decoding=\"async\" width=\"696\" height=\"391\" src=\"https:\/\/canal5.md\/wp-content\/uploads\/2025\/02\/apa30iunie-900x505-1-optimized.png\" class=\"attachment-large size-large wp-post-image\" alt=\"\" srcset=\"https:\/\/canal5.md\/wp-content\/uploads\/2025\/02\/apa30iunie-900x505-1-optimized.png 900w, https:\/\/canal5.md\/wp-content\/uploads\/2025\/02\/apa30iunie-900x505-1-300x168-optimized.png 300w, https:\/\/canal5.md\/wp-content\/uploads\/2025\/02\/apa30iunie-900x505-1-768x431-optimized.png 768w, https:\/\/canal5.md\/wp-content\/uploads\/2025\/02\/apa30iunie-900x505-1-696x391-optimized.png 696w\">S.A. \u201eAp\u0103-Canal Chi\u0219in\u0103u\u201d anun\u021b\u0103 pentru data de 02 martie stop\u0103ri temporare ale livr\u0103rii apei potabile pe mai multe str\u0103zi din Chi\u0219in\u0103u. \u00cen intervalul 09:00 \u2013 15:00, consumatorii de pe Calea Basarabiei, adresele 30 \u0219i 30\/5, vor r\u0103m\u00e2ne f\u0103r\u0103 ap\u0103, \u00een urma lucr\u0103rilor planificate de c\u0103tre compania furnizoare. To\u021bi consumatorii afecta\u021bi sunt ruga\u021bi s\u0103 \u00ee\u0219i asigure [\u2026]<\/div>\n","protected":false},"author":1,"featured_media":68120,"comment_status":"closed","ping_status":"closed","sticky":false,"template":"","format":"standard","meta":{"jnews-multi-image_gallery":[],"jnews_single_post":[],"jnews_primary_category":[],"jnews_social_meta":[],"jnews_override_counter":[],"footnotes":""},"categories":[30],"tags":[],"class_list":["post-68119","post","type-post","status-publish","format-standard","has-post-thumbnail","hentry","category-social_ro"],"_links":{"self":[{"href":"https:\/\/orheifm.live\/index.php\/wp-json\/wp\/v2\/posts\/68119","targetHints":{"allow":["GET"]}}],"collection":[{"href":"https:\/\/orheifm.live\/index.php\/wp-json\/wp\/v2\/posts"}],"about":[{"href":"https:\/\/orheifm.live\/index.php\/wp-json\/wp\/v2\/types\/post"}],"author":[{"embeddable":true,"href":"https:\/\/orheifm.live\/index.php\/wp-json\/wp\/v2\/users\/1"}],"replies":[{"embeddable":true,"href":"https:\/\/orheifm.live\/index.php\/wp-json\/wp\/v2\/comments?post=68119"}],"version-history":[{"count":0,"href":"https:\/\/orheifm.live\/index.php\/wp-json\/wp\/v2\/posts\/68119\/revisions"}],"wp:featuredmedia":[{"embeddable":true,"href":"https:\/\/orheifm.live\/index.php\/wp-json\/wp\/v2\/media\/68120"}],"wp:attachment":[{"href":"https:\/\/orheifm.live\/index.php\/wp-json\/wp\/v2\/media?parent=68119"}],"wp:term":[{"taxonomy":"category","embeddable":true,"href":"https:\/\/orheifm.live\/index.php\/wp-json\/wp\/v2\/categories?post=68119"},{"taxonomy":"post_tag","embeddable":true,"href":"https:\/\/orheifm.live\/index.php\/wp-json\/wp\/v2\/tags?post=68119"}],"curies":[{"name":"wp","href":"https:\/\/api.w.org\/{rel}","templated":true}]}}