{"id":68111,"date":"2025-02-28T21:46:07","date_gmt":"2025-02-28T19:46:07","guid":{"rendered":"https:\/\/orheifm.live\/index.php\/2025\/02\/28\/compania-aerofood-acuza-aeroportul-chisinau-de-blocarea-evacuarii-bunurilor-sale-si-cere-rezolvarea-conflictului-video\/"},"modified":"2025-02-28T21:46:07","modified_gmt":"2025-02-28T19:46:07","slug":"compania-aerofood-acuza-aeroportul-chisinau-de-blocarea-evacuarii-bunurilor-sale-si-cere-rezolvarea-conflictului-video","status":"publish","type":"post","link":"https:\/\/orheifm.live\/index.php\/2025\/02\/28\/compania-aerofood-acuza-aeroportul-chisinau-de-blocarea-evacuarii-bunurilor-sale-si-cere-rezolvarea-conflictului-video\/","title":{"rendered":"Compania Aerofood acuz\u0103 Aeroportul Chi\u0219in\u0103u de blocarea evacu\u0103rii bunurilor sale \u0219i cere rezolvarea conflictului |VIDEO"},"content":{"rendered":"<div>\n<p><strong>Compania \u201dAEROFOOD\u201d reclam\u0103 impedimente create de Aeroportul Chi\u0219in\u0103u la evacuarea bunurilor ce \u00eei apar\u021bin. Conducerea firmei men\u021bioneaz\u0103 \u00eentr-un comunicat de pres\u0103 c\u0103 a fost anun\u021bat\u0103 de institu\u021bie, dup\u0103 \u00eencetarea contractului de loca\u021biune, c\u0103 trebuie s\u0103 restituie, \u00een termen de 20 de zile, obiectele \u00eenchiriate de la aerogar\u0103 \u0219i, respectiv, le-ar fi putut lua pe ale sale. <\/strong><br \/>\n<iframe loading=\"lazy\" title=\"YouTube video player\" src=\"https:\/\/www.youtube.com\/embed\/lVzKq55eCMc?si=1RrK1B-xQXboW_b9\" width=\"560\" height=\"315\" frameborder=\"0\" allowfullscreen=\"allowfullscreen\"><\/iframe><br \/>\nPentru asta a fost creat\u0103 o comisie de predare-primire care s\u0103 verifice produsele, numai c\u0103 Aeroportul nu a desemnat personalul necesar pentru asta. Astfel, \u201dAEROFOOD\u201d cere aerog\u0103rii s\u0103 \u00eenceteze blocarea abuziv\u0103 a procesului de evacuare a propriet\u0103\u021bilor companiei.<\/p>\n<p>Compania SRL Aerofood a acuzat Aeroportul Chi\u0219in\u0103u de blocarea procesului de evacuare a propriet\u0103\u021bilor sale, dup\u0103 ce, \u00een urma expir\u0103rii contractului de loca\u021biune, firma a fost notificat\u0103 de aerogar\u0103 s\u0103-i returneze, \u00een termen de 20 de zile, bunurile pe care le \u00eenchiriase. Conform notific\u0103rii, Aeroportul a informat Aerofood c\u0103 trebuie s\u0103 restituie obiectele \u00een termenul men\u021bionat, iar pentru acest proces a fost constituit\u0103 o comisie de predare-primire.<\/p>\n<p>Cu toate acestea, la data de 25 februarie 2025, Aerofood a informat Aeroportul despre persoanele desemnate pentru respectiva comisie \u0219i a solicitat permisiunea de acces pentru evacuarea bunurilor.<\/p>\n<p>\u00cens\u0103, la \u00eent\u00e2lnirea bilateral\u0103 de pe 26 februarie 2025, reprezentan\u021bii celor dou\u0103 p\u0103r\u021bi au constatat c\u0103 aerogara nu desemnase \u00eenc\u0103 personalul s\u0103u \u0219i nu oferise permisiunea pentru accesul la bunuri, contrar celor convenite anterior.<\/p>\n<p>\u00cen urma acestei \u00eent\u00e2lniri, Aerofood a solicitat \u00eenc\u0103 o dat\u0103 Aeroportului s\u0103 rezolve problema \u0219i s\u0103 faciliteze evacuarea lucrurilor. Pe 27 februarie 2025, Directorul General al SRL Aerofood a avut o audien\u021b\u0103 la Aeroportul Chi\u0219in\u0103u, unde a aflat c\u0103 \u00eentreprinderea nu a respectat angajamentele asumate pe 26 februarie.<\/p>\n<p>Astfel, compania Aerofood a solicitat public ca Aeroportul s\u0103 elimine impedimentele, despre care spune c\u0103 sunt create artificial, \u0219i s\u0103 permit\u0103 dezasamblarea \u0219i evacuarea bunurilor sale, avertiz\u00e2nd c\u0103, \u00een cazul \u00een care blocajele continu\u0103, \u00ee\u0219i va ap\u0103ra drepturile prin intermediul instan\u021belor legale.<\/p>\n<\/div>\n","protected":false},"excerpt":{"rendered":"<div><img decoding=\"async\" width=\"696\" height=\"392\" src=\"https:\/\/canal5.md\/wp-content\/uploads\/2025\/02\/img_7876-1536x864-c-default-1024x576-optimized.webp\" class=\"attachment-large size-large wp-post-image\" alt=\"\" loading=\"lazy\" srcset=\"https:\/\/canal5.md\/wp-content\/uploads\/2025\/02\/img_7876-1536x864-c-default-1024x576-optimized.webp 1024w, https:\/\/canal5.md\/wp-content\/uploads\/2025\/02\/img_7876-1536x864-c-default-300x169-optimized.webp 300w, https:\/\/canal5.md\/wp-content\/uploads\/2025\/02\/img_7876-1536x864-c-default-768x432-optimized.webp 768w, https:\/\/canal5.md\/wp-content\/uploads\/2025\/02\/img_7876-1536x864-c-default-696x392-optimized.webp 696w, https:\/\/canal5.md\/wp-content\/uploads\/2025\/02\/img_7876-1536x864-c-default-1068x601-optimized.webp 1068w, https:\/\/canal5.md\/wp-content\/uploads\/2025\/02\/img_7876-1536x864-c-default-optimized.webp 1536w\">Compania \u201dAEROFOOD\u201d reclam\u0103 impedimente create de Aeroportul Chi\u0219in\u0103u la evacuarea bunurilor ce \u00eei apar\u021bin. Conducerea firmei men\u021bioneaz\u0103 \u00eentr-un comunicat de pres\u0103 c\u0103 a fost anun\u021bat\u0103 de institu\u021bie, dup\u0103 \u00eencetarea contractului de loca\u021biune, c\u0103 trebuie s\u0103 restituie, \u00een termen de 20 de zile, obiectele \u00eenchiriate de la aerogar\u0103 \u0219i, respectiv, le-ar fi putut lua pe ale [\u2026]<\/div>\n","protected":false},"author":1,"featured_media":68112,"comment_status":"closed","ping_status":"closed","sticky":false,"template":"","format":"standard","meta":{"jnews-multi-image_gallery":[],"jnews_single_post":[],"jnews_primary_category":[],"jnews_social_meta":[],"jnews_override_counter":[],"footnotes":""},"categories":[30],"tags":[],"class_list":["post-68111","post","type-post","status-publish","format-standard","has-post-thumbnail","hentry","category-social_ro"],"_links":{"self":[{"href":"https:\/\/orheifm.live\/index.php\/wp-json\/wp\/v2\/posts\/68111","targetHints":{"allow":["GET"]}}],"collection":[{"href":"https:\/\/orheifm.live\/index.php\/wp-json\/wp\/v2\/posts"}],"about":[{"href":"https:\/\/orheifm.live\/index.php\/wp-json\/wp\/v2\/types\/post"}],"author":[{"embeddable":true,"href":"https:\/\/orheifm.live\/index.php\/wp-json\/wp\/v2\/users\/1"}],"replies":[{"embeddable":true,"href":"https:\/\/orheifm.live\/index.php\/wp-json\/wp\/v2\/comments?post=68111"}],"version-history":[{"count":0,"href":"https:\/\/orheifm.live\/index.php\/wp-json\/wp\/v2\/posts\/68111\/revisions"}],"wp:featuredmedia":[{"embeddable":true,"href":"https:\/\/orheifm.live\/index.php\/wp-json\/wp\/v2\/media\/68112"}],"wp:attachment":[{"href":"https:\/\/orheifm.live\/index.php\/wp-json\/wp\/v2\/media?parent=68111"}],"wp:term":[{"taxonomy":"category","embeddable":true,"href":"https:\/\/orheifm.live\/index.php\/wp-json\/wp\/v2\/categories?post=68111"},{"taxonomy":"post_tag","embeddable":true,"href":"https:\/\/orheifm.live\/index.php\/wp-json\/wp\/v2\/tags?post=68111"}],"curies":[{"name":"wp","href":"https:\/\/api.w.org\/{rel}","templated":true}]}}