{"id":68107,"date":"2025-02-28T21:41:20","date_gmt":"2025-02-28T19:41:20","guid":{"rendered":"https:\/\/orheifm.live\/index.php\/2025\/02\/28\/aparam-adevarul-pentru-viitorul-copiilor-protestul-blocului-victorie-impotriva-falsificarii-istoriei-video\/"},"modified":"2025-02-28T21:41:20","modified_gmt":"2025-02-28T19:41:20","slug":"aparam-adevarul-pentru-viitorul-copiilor-protestul-blocului-victorie-impotriva-falsificarii-istoriei-video","status":"publish","type":"post","link":"https:\/\/orheifm.live\/index.php\/2025\/02\/28\/aparam-adevarul-pentru-viitorul-copiilor-protestul-blocului-victorie-impotriva-falsificarii-istoriei-video\/","title":{"rendered":"Ap\u0103r\u0103m adev\u0103rul pentru viitorul copiilor: Protestul Blocului \u201eVictorie\u201d \u00eempotriva falsific\u0103rii istoriei |VIDEO"},"content":{"rendered":"<div>\n<p><strong>Vineri, \u00een fa\u021ba cl\u0103dirii guvernului a avut loc un flashmob \u00eempotriva falsific\u0103rii istoriei. Cei prezen\u021bi au declarat c\u0103 autorit\u0103\u021bile distorsioneaz\u0103 inten\u021bionat faptele istorice, \u00eencerc\u00e2nd s\u0103 impun\u0103 tinerelor genera\u021bii o imagine fals\u0103 a trecutului. <\/strong><br \/>\n<iframe loading=\"lazy\" title=\"YouTube video player\" src=\"https:\/\/www.youtube.com\/embed\/Bk6Lxm9y6fc?si=c3ebBn8gByJgQegw\" width=\"560\" height=\"315\" frameborder=\"0\" allowfullscreen=\"allowfullscreen\"><\/iframe><br \/>\nAc\u021biunea reprezint\u0103 un r\u0103spuns la apari\u021bia manualului de istorie pentru clasa a 12-a, \u00een care, potrivit protestatarilor, sunt distorsionate evenimentele cheie, sunt justificate crimele fascismului rom\u00e2no-german \u0219i este jignit\u0103 memoria celor care au reconstruit \u021bara. Societatea cere o revizuire imediat\u0103 a materialelor educa\u021bionale.<\/p>\n<p>Flashmob-ul \u00eempotriva falsific\u0103rii istoriei \u00een manualele \u0219colare a \u00eenceput \u00een fa\u021ba cl\u0103dirii guvernului cu un moment de reculegere. Astfel, cei prezen\u021bi au dorit s\u0103-\u0219i exprime dezacordul fa\u021b\u0103 de modul \u00een care, \u00een ultima vreme, autorit\u0103\u021bile, prin intermediul Ministerului Educa\u021biei \u0219i Cercet\u0103rii, \u00eencearc\u0103 s\u0103 impun\u0103 o interpretare a anumitor evenimente din istoria \u021b\u0103rii noastre.<\/p>\n<p>Participan\u021bii la ac\u021biune au spus c\u0103 au venit \u201epentru a ap\u0103ra adev\u0103rul \u00een numele viitorului copiilor\u201d.<\/p>\n<p>Guvernul nostru vrea s\u0103 rescrie istoria. Ei vor s\u0103 c\u0103lce \u00een picioare memoria marilor solda\u021bi sovietici. Haide\u021bi s\u0103 p\u0103str\u0103m un moment de reculegere. Mul\u021bumesc..<\/p>\n<p>Activistul Blocului \u201eVictorie\u201d, Valerii Klimenko, a calificat drept ofensatoare afirma\u021biile la adresa celor care au venit s\u0103 refac\u0103 republica dup\u0103 \u00eencheierea celui de-al Doilea R\u0103zboi Mondial.<\/p>\n<p>El a amintit despre profesorii de la Institutul de Medicin\u0103 din Leningrad, care au fost transfera\u021bi in corpore din evacuare la Chi\u0219in\u0103u \u0219i au preg\u0103tit zeci de mii de medici, dar \u0219i despre speciali\u0219tii care au reconstruit, creat \u0219i dezvoltat diverse ramuri \u00een republic\u0103.<\/p>\n<p>VALERII KLIMENKO, activist Blocul \u201eVictorie\u201d<\/p>\n<p>De ce nu se spune c\u0103 ace\u0219ti \u201ebe\u021bivi\u201d, cum \u00eei numesc ei, au creat industria \u00een Moldova, care nu exista \u00eenainte de r\u0103zboi? Nu era industrie \u00eenainte de r\u0103zboi \u2013 aceasta au f\u0103cut-o \u201ebe\u021bivii\u201d care au venit aici, inginerii, speciali\u0219tii de \u00eenalt\u0103 clas\u0103. Ei nu au reu\u0219it \u00eenc\u0103 s\u0103 fure tot ce au construit ace\u0219ti \u201ebe\u021bivi\u201d aici. Fur\u0103 de mai bine de 30 de ani, \u00eempart \u00eentre ei \u0219i nu reu\u0219esc s\u0103 rezolve aceast\u0103 problem\u0103 p\u00e2n\u0103 la cap\u0103t. Acum s-au apucat s\u0103 v\u00e2nd\u0103 Palatul Feroviarilor.<\/p>\n<p>Un alt participant la flashmob a declarat c\u0103 afirma\u021biile din manual sunt inacceptabile. \u00cen opinia sa, aceasta este o tentativ\u0103 de reabilitare a crimelor \u00eempotriva umanit\u0103\u021bii.<\/p>\n<p>Se \u00eencearc\u0103 s\u0103 fie substituite faptele istorice \u0219i adev\u0103rul istoric. Noi condamn\u0103m cu fermitate aceste tentative, tentative minuscule care au un singur scop \u2013 de a ne schimba con\u0219tiin\u021ba social\u0103, de a ne schimba istoria, de a o rescrie \u0219i de a aduce prejudiciu valorilor noastre pe care le imp\u0103rt\u0103\u0219im \u2013 \u00eentregul spa\u021biu European \u0219i Euroasiatic. Noi, pe l\u00e2ng\u0103 faptul c\u0103 condamn\u0103m aceste ac\u021biuni, cred c\u0103 vom \u00eentreprinde toate ac\u021biunile pentru nu admite repetarea astfel de ac\u021biuni \u0219i tentrative.<\/p>\n<p>\u00cen primul r\u00e2nd \u00een pestpectiva c\u00ee astfel ac\u021biuni dup\u0103 opinia mea constituie \u0219i o infrac\u021biune, o infrac\u021binue impotriva cominit\u00ee\u021bii \u0219i societ\u0103\u021bii noastre din RM. \u0218i, defapt, \u00een esen\u021ba sa, este o tentativ\u0103 de reabilitare a crimelor impotriva umanit\u0103\u021bii, a crimilelor naziste \u0219i a crimelor regimurilor totalitare.<\/p>\n<p>Iar activistul Blocului \u201eVictorie\u201d, Iurii Vitneanschi a f\u0103cut apel la unirea eforturilor societ\u0103\u021bii pentru ca astfel de manuale s\u0103 nu mai apar\u0103.<\/p>\n<p>IURII VITNEANSCHI, activist Blocul \u201eVictorie\u201d<\/p>\n<p>Aceasta nu este un manual, este pur \u0219i simplu un element de propagand\u0103. A fost f\u0103cut pentru a schimba complet ideologia, ideile tinerelor genera\u021bii, pentru a rescrie complet istoria. Este o profanare a istoriei. Suntem indigna\u021bi c\u0103 p\u00e2n\u0103 \u0219i astfel de probleme, cum ar fi Holocaustul din timpul celui de-al Doilea R\u0103zboi Mondial, chiar \u0219i aceste \u00eentreb\u0103ri au \u00eencercat s\u0103 le interpreteze.<\/p>\n<p>A\u0219 dori s\u0103 fac un apel c\u0103tre \u00eentreaga comunitate, \u00een special c\u0103tre colectivele pedagogice, istorici, exper\u021bi, inclusiv elevii, pentru a lupta p\u00e2n\u0103 la cap\u0103t, pentru ca aceste manuale s\u0103 fie retrase din toate institu\u021biile de \u00eenv\u0103\u021b\u0103m\u00e2nt.<\/p>\n<p>Amintim c\u0103 noul manual de istorie pentru clasa a 12-a a fost introdus \u00een septembrie 2024. Apari\u021bia acestuia a provocat o und\u0103 de indignare \u00een societatea moldoveneasc\u0103 din cauza interpret\u0103rilor distorsionate ale unor evenimente istorice.<\/p>\n<p>\u00cen mod special, se atrage aten\u021bia asupra \u00eencerc\u0103rilor de a justifica politica regimului dictatorial al lui Antonescu \u0219i, de fapt, de a \u00eenlocui concepte, av\u00e2nd \u00een vedere c\u0103 trupele rom\u00e2no-fasciste care au p\u0103truns pe teritoriul Moldovei pe 22 iunie 1941 au fost numite \u00een manual \u201eeliberatori\u201d.<\/p>\n<p>Mai mult, sunt prezente afirma\u021bii jignitoare la adresa celor care au venit s\u0103 refac\u0103 republica dup\u0103 \u00eencheierea celui de-al Doilea R\u0103zboi Mondial. Av\u00e2nd \u00een vedere ecoul enorm \u00een societate, deputatul grupului parlamentar \u201eVictoria\u201d, Alexandr Nesterovski, a propus ca ministrul Dan Perciun s\u0103 fie audiat \u00een Parlament pe aceast\u0103 tem\u0103, dar majoritatea PAS a respins ini\u021biativa.<\/p>\n<p>Ministrul Educa\u021biei a declarat ini\u021bial c\u0103 manualul a fost preg\u0103tit de istorici de renume, iar apoi, \u00eencerc\u00e2nd s\u0103 aplaneze scandalul, a propus celor dou\u0103 organiza\u021bii evreie\u0219ti, care s-au aflat printre critici, s\u0103 preg\u0103teasc\u0103 o recenzie asupra publica\u021biei.<\/p>\n<p>\u00cen comunitatea evreiasc\u0103, ca r\u0103spuns la aceasta, s-a subliniat c\u0103 o expertiz\u0103 complet\u0103, solicitat\u0103 de ace\u0219tia, a fost deja realizat\u0103 de Institutul Na\u021bional de Studii ale Holocaustului \u201eElie Wiesel\u201d din Bucure\u0219ti.<\/p>\n<p>Conform concluziilor prezentate, regimul mare\u0219alului Antonescu a desf\u0103\u0219urat activ un genocid \u00eempotriva evreilor \u0219i romilor cu mult \u00eenainte ca nazi\u0219tii s\u0103 adopte a\u0219a-numita \u201esolu\u021bie final\u0103\u201d pentru exterminarea popula\u021biei evreie\u0219ti din Europa.<\/p>\n<\/div>\n","protected":false},"excerpt":{"rendered":"<div><img loading=\"lazy\" decoding=\"async\" width=\"696\" height=\"392\" src=\"https:\/\/canal5.md\/wp-content\/uploads\/2025\/02\/8bdf64ec-bc0c-4143-8d4f-1080fc32c3a8-1-optimized.jpg\" class=\"attachment-large size-large wp-post-image\" alt=\"\" srcset=\"https:\/\/canal5.md\/wp-content\/uploads\/2025\/02\/8bdf64ec-bc0c-4143-8d4f-1080fc32c3a8-1-optimized.jpg 800w, https:\/\/canal5.md\/wp-content\/uploads\/2025\/02\/8bdf64ec-bc0c-4143-8d4f-1080fc32c3a8-1-300x169-optimized.jpg 300w, https:\/\/canal5.md\/wp-content\/uploads\/2025\/02\/8bdf64ec-bc0c-4143-8d4f-1080fc32c3a8-1-768x432-optimized.jpg 768w, https:\/\/canal5.md\/wp-content\/uploads\/2025\/02\/8bdf64ec-bc0c-4143-8d4f-1080fc32c3a8-1-696x392-optimized.jpg 696w\">Vineri, \u00een fa\u021ba cl\u0103dirii guvernului a avut loc un flashmob \u00eempotriva falsific\u0103rii istoriei. Cei prezen\u021bi au declarat c\u0103 autorit\u0103\u021bile distorsioneaz\u0103 inten\u021bionat faptele istorice, \u00eencerc\u00e2nd s\u0103 impun\u0103 tinerelor genera\u021bii o imagine fals\u0103 a trecutului. Ac\u021biunea reprezint\u0103 un r\u0103spuns la apari\u021bia manualului de istorie pentru clasa a 12-a, \u00een care, potrivit protestatarilor, sunt distorsionate evenimentele cheie, sunt [\u2026]<\/div>\n","protected":false},"author":1,"featured_media":68108,"comment_status":"closed","ping_status":"closed","sticky":false,"template":"","format":"standard","meta":{"jnews-multi-image_gallery":[],"jnews_single_post":[],"jnews_primary_category":[],"jnews_social_meta":[],"jnews_override_counter":[],"footnotes":""},"categories":[30],"tags":[],"class_list":["post-68107","post","type-post","status-publish","format-standard","has-post-thumbnail","hentry","category-social_ro"],"_links":{"self":[{"href":"https:\/\/orheifm.live\/index.php\/wp-json\/wp\/v2\/posts\/68107","targetHints":{"allow":["GET"]}}],"collection":[{"href":"https:\/\/orheifm.live\/index.php\/wp-json\/wp\/v2\/posts"}],"about":[{"href":"https:\/\/orheifm.live\/index.php\/wp-json\/wp\/v2\/types\/post"}],"author":[{"embeddable":true,"href":"https:\/\/orheifm.live\/index.php\/wp-json\/wp\/v2\/users\/1"}],"replies":[{"embeddable":true,"href":"https:\/\/orheifm.live\/index.php\/wp-json\/wp\/v2\/comments?post=68107"}],"version-history":[{"count":0,"href":"https:\/\/orheifm.live\/index.php\/wp-json\/wp\/v2\/posts\/68107\/revisions"}],"wp:featuredmedia":[{"embeddable":true,"href":"https:\/\/orheifm.live\/index.php\/wp-json\/wp\/v2\/media\/68108"}],"wp:attachment":[{"href":"https:\/\/orheifm.live\/index.php\/wp-json\/wp\/v2\/media?parent=68107"}],"wp:term":[{"taxonomy":"category","embeddable":true,"href":"https:\/\/orheifm.live\/index.php\/wp-json\/wp\/v2\/categories?post=68107"},{"taxonomy":"post_tag","embeddable":true,"href":"https:\/\/orheifm.live\/index.php\/wp-json\/wp\/v2\/tags?post=68107"}],"curies":[{"name":"wp","href":"https:\/\/api.w.org\/{rel}","templated":true}]}}