{"id":68105,"date":"2025-02-28T21:36:24","date_gmt":"2025-02-28T19:36:24","guid":{"rendered":"https:\/\/orheifm.live\/index.php\/2025\/02\/28\/orasul-causeni-risca-sa-fie-inundat-de-gunoaie-iar-muncitorii-de-la-salubritate-nu-primesc-salarii-care-este-cauza-video\/"},"modified":"2025-02-28T21:36:24","modified_gmt":"2025-02-28T19:36:24","slug":"orasul-causeni-risca-sa-fie-inundat-de-gunoaie-iar-muncitorii-de-la-salubritate-nu-primesc-salarii-care-este-cauza-video","status":"publish","type":"post","link":"https:\/\/orheifm.live\/index.php\/2025\/02\/28\/orasul-causeni-risca-sa-fie-inundat-de-gunoaie-iar-muncitorii-de-la-salubritate-nu-primesc-salarii-care-este-cauza-video\/","title":{"rendered":"Ora\u0219ul C\u0103u\u0219eni risc\u0103 s\u0103 fie inundat de gunoaie, iar muncitorii de la salubritate nu primesc salarii. Care este cauza? |VIDEO"},"content":{"rendered":"<div>\n<p><strong>Haos la conducerea de v\u00e2rf, dezastru \u0219i \u00een regiuni. Ora\u0219ul C\u0103u\u0219eni risc\u0103 s\u0103 fie inundat de gunoaie. Angaja\u021bii de la \u00centreprinderea Municipal\u0103 Salubrizare \u0219i Amenajare nu \u0219i-au primit salariile de dou\u0103 luni. <\/strong><br \/>\n<iframe loading=\"lazy\" title=\"YouTube video player\" src=\"https:\/\/www.youtube.com\/embed\/w8MQKQTr1ZE?si=mgYXUQ-K-DkZhAVc\" width=\"560\" height=\"315\" frameborder=\"0\" allowfullscreen=\"allowfullscreen\"><\/iframe><br \/>\nRevolta\u021bi, ace\u0219tia au protestat \u00een aceast\u0103 s\u0103pt\u0103m\u00e2n\u0103 \u00een fa\u021ba prim\u0103riei cer\u00e2ndu-\u0219i lefurile. Oamenii spun c\u0103 dac\u0103 nu vor fi remunera\u021bi, sunt gata s\u0103 ias\u0103 la grev\u0103.<\/p>\n<p>Cei care au grij\u0103 de cur\u0103\u021benia din ora\u0219ul C\u0103u\u0219eni spun c\u0103 nu mai pot munci f\u0103r\u0103 ca s\u0103 fie salariii, mai ales c\u0103 totul se scumpe\u0219te \u0219i pl\u0103\u021bile la utilit\u0103\u021bi cresc de la o zi la alta.<\/p>\n<p>A doua lun\u0103 nu se d\u0103 salariul.<\/p>\n<p>Am dat telefoanele \u00een gaj \u0219i am luat p\u00e2ine \u00een cas\u0103 la copii. Avem credite mari, avem servicii comunale de pl\u0103tit. S\u0103 vrei s\u0103 bei un ceai, nimeni nu ne d\u0103 pe datorie. Avem datorii la toate magazinele.<\/p>\n<p>Acuma nu-i contract \u0219i nu se pl\u0103te\u0219te bani. E frumos acest lucru? Dar dac\u0103 o s\u0103 mai la\u0219i a\u0219a o lun\u0103 de zile, ce-o s\u0103 fie prin C\u0103u\u0219eni?<\/p>\n<p>\u2013 O s\u0103 fie haos.<\/p>\n<p>Muncim, \u00eenghe\u021b\u0103m, dar leafa\u2026<\/p>\n<p>\u2013 ce salariu ave\u021bi?<\/p>\n<p>-5.500.<\/p>\n<p>\u2013 De la ce or\u0103 \u00eencepe\u021bi lucru?<\/p>\n<p>\u2013 De la 4:00 p\u00e2n\u0103 la 8:00, m\u00e2nc\u0103m \u0219i continu\u0103m p\u00e2n\u0103 la 15:00-16:00. S\u0103 ne dea salariu la timp \u0219i s\u0103 fim salariza\u021bi normal.<\/p>\n<p>Noi tot avem copii mici acas\u0103. Eu am copil mic \u0219i el cere m\u00e2ncare.<\/p>\n<p>Re\u021binerea salalriilor pentru angaja\u021bii de la salubrizarea ora\u0219ului ar fi din cauza c\u0103 \u00centreprinderea ar avea doi \u0219efi.<\/p>\n<p>MIHAIL BOBICOV, \u0219ef interimar la \u00ceM Salubrizare \u0219i Amenajare<\/p>\n<p>Eu sunt \u0219ef numit de primar din data de 11.12.2024, dup\u0103 aia, Consiliul or\u0103\u0219enesc a intervenit cu o decizie prin care a fost numit alt conduc\u0103tor, am dat \u00een judecat\u0103, avem cauz\u0103 de c\u00e2\u0219tig, dar au apelat mai departe la Curtea de Apel \u0219i a\u0219tept\u0103m hot\u0103r\u00e2rea. \u2013 \u0218i p\u00e2n\u0103 atunci? \u2013 P\u00e2n\u0103 atunci nu avem semnate nici contractele cu oamenii.<\/p>\n<p>Oamenii au lucrat f\u0103r\u0103 contracte \u0219i despre aceast\u0103 situa\u021bie, primarul le-a spus \u00eenc\u0103 din noiembrie la fo\u0219tii conduc\u0103tori.<\/p>\n<p>Am \u00eencercat s\u0103 ob\u021binem \u0219i opinia \u0219efului numit de consilieri la conducerea \u00centreprinderii de Salubrizare, dar Ion Boicu avea telefonul deconectat. Nici primarul Alexandru Don\u021bu care este reprezentantul partidului Platforma Demnitate \u0219i Adev\u0103r, nu ne-a r\u0103spuns la apeluri.<\/p>\n<\/div>\n","protected":false},"excerpt":{"rendered":"<div><img decoding=\"async\" width=\"696\" height=\"392\" src=\"https:\/\/canal5.md\/wp-content\/uploads\/2025\/02\/3c283272d12f2239485dfae5fe61e129-1024x576-optimized.jpg\" class=\"attachment-large size-large wp-post-image\" alt=\"\" loading=\"lazy\" srcset=\"https:\/\/canal5.md\/wp-content\/uploads\/2025\/02\/3c283272d12f2239485dfae5fe61e129-1024x576-optimized.jpg 1024w, https:\/\/canal5.md\/wp-content\/uploads\/2025\/02\/3c283272d12f2239485dfae5fe61e129-300x169-optimized.jpg 300w, https:\/\/canal5.md\/wp-content\/uploads\/2025\/02\/3c283272d12f2239485dfae5fe61e129-768x432-optimized.jpg 768w, https:\/\/canal5.md\/wp-content\/uploads\/2025\/02\/3c283272d12f2239485dfae5fe61e129-696x392-optimized.jpg 696w, https:\/\/canal5.md\/wp-content\/uploads\/2025\/02\/3c283272d12f2239485dfae5fe61e129-1068x601-optimized.jpg 1068w, https:\/\/canal5.md\/wp-content\/uploads\/2025\/02\/3c283272d12f2239485dfae5fe61e129-optimized.jpg 1280w\">Haos la conducerea de v\u00e2rf, dezastru \u0219i \u00een regiuni. Ora\u0219ul C\u0103u\u0219eni risc\u0103 s\u0103 fie inundat de gunoaie. Angaja\u021bii de la \u00centreprinderea Municipal\u0103 Salubrizare \u0219i Amenajare nu \u0219i-au primit salariile de dou\u0103 luni. Revolta\u021bi, ace\u0219tia au protestat \u00een aceast\u0103 s\u0103pt\u0103m\u00e2n\u0103 \u00een fa\u021ba prim\u0103riei cer\u00e2ndu-\u0219i lefurile. Oamenii spun c\u0103 dac\u0103 nu vor fi remunera\u021bi, sunt gata s\u0103 [\u2026]<\/div>\n","protected":false},"author":1,"featured_media":68106,"comment_status":"closed","ping_status":"closed","sticky":false,"template":"","format":"standard","meta":{"jnews-multi-image_gallery":[],"jnews_single_post":[],"jnews_primary_category":[],"jnews_social_meta":[],"jnews_override_counter":[],"footnotes":""},"categories":[30],"tags":[],"class_list":["post-68105","post","type-post","status-publish","format-standard","has-post-thumbnail","hentry","category-social_ro"],"_links":{"self":[{"href":"https:\/\/orheifm.live\/index.php\/wp-json\/wp\/v2\/posts\/68105","targetHints":{"allow":["GET"]}}],"collection":[{"href":"https:\/\/orheifm.live\/index.php\/wp-json\/wp\/v2\/posts"}],"about":[{"href":"https:\/\/orheifm.live\/index.php\/wp-json\/wp\/v2\/types\/post"}],"author":[{"embeddable":true,"href":"https:\/\/orheifm.live\/index.php\/wp-json\/wp\/v2\/users\/1"}],"replies":[{"embeddable":true,"href":"https:\/\/orheifm.live\/index.php\/wp-json\/wp\/v2\/comments?post=68105"}],"version-history":[{"count":0,"href":"https:\/\/orheifm.live\/index.php\/wp-json\/wp\/v2\/posts\/68105\/revisions"}],"wp:featuredmedia":[{"embeddable":true,"href":"https:\/\/orheifm.live\/index.php\/wp-json\/wp\/v2\/media\/68106"}],"wp:attachment":[{"href":"https:\/\/orheifm.live\/index.php\/wp-json\/wp\/v2\/media?parent=68105"}],"wp:term":[{"taxonomy":"category","embeddable":true,"href":"https:\/\/orheifm.live\/index.php\/wp-json\/wp\/v2\/categories?post=68105"},{"taxonomy":"post_tag","embeddable":true,"href":"https:\/\/orheifm.live\/index.php\/wp-json\/wp\/v2\/tags?post=68105"}],"curies":[{"name":"wp","href":"https:\/\/api.w.org\/{rel}","templated":true}]}}