{"id":68103,"date":"2025-02-28T21:31:41","date_gmt":"2025-02-28T19:31:41","guid":{"rendered":"https:\/\/orheifm.live\/index.php\/2025\/02\/28\/tragedie-intr-un-spital-din-chisinau-un-copil-din-bubuieci-moare-dupa-o-trauma-suferita-la-scoala-acuzatii-de-neglijenta-in-ingrijirea-medicala-video\/"},"modified":"2025-02-28T21:31:41","modified_gmt":"2025-02-28T19:31:41","slug":"tragedie-intr-un-spital-din-chisinau-un-copil-din-bubuieci-moare-dupa-o-trauma-suferita-la-scoala-acuzatii-de-neglijenta-in-ingrijirea-medicala-video","status":"publish","type":"post","link":"https:\/\/orheifm.live\/index.php\/2025\/02\/28\/tragedie-intr-un-spital-din-chisinau-un-copil-din-bubuieci-moare-dupa-o-trauma-suferita-la-scoala-acuzatii-de-neglijenta-in-ingrijirea-medicala-video\/","title":{"rendered":"Tragedie \u00eentr-un spital din Chi\u0219in\u0103u: Un copil din Bubuieci moare dup\u0103 o traum\u0103 suferit\u0103 la \u0219coal\u0103. Acuza\u021bii de neglijen\u021b\u0103 \u00een \u00eengrijirea medical\u0103 |VIDEO"},"content":{"rendered":"<div>\n<p><strong>\u00cenc\u0103 un deces la spital. Un copil din Bubuieci a decedat \u00een aceast\u0103 s\u0103pt\u0103m\u00e2n\u0103 la Institutul Mamei \u0219i Copilului, unde a fost transportat \u00een stare grav\u0103. S-a \u00eent\u00e2mplat dup\u0103 ce a suferit o traum\u0103 la picior \u00een timp ce se afla la \u0219coal\u0103.<\/strong><br \/>\n<iframe loading=\"lazy\" title=\"YouTube video player\" src=\"https:\/\/www.youtube.com\/embed\/Q-rIDOl9Wsk?si=86sTFEe06CizzizT\" width=\"560\" height=\"315\" frameborder=\"0\" allowfullscreen=\"allowfullscreen\"><\/iframe><br \/>\nIni\u021bial, copilului \u00een v\u00e2rst\u0103 de 13 ani i-a fost pus piciorul \u00een ghips la Spitalul Clinic Municipal de Copii \u201eValentin Ignatenco\u201d, unde a revenit peste dou\u0103 zile, \u00eentruc\u00e2t b\u0103iatul acuza dureri, transmite \u0218tiri.md cu referire la realitatea.md.<\/p>\n<p>Detaliile despre acest caz au fost f\u0103cute publice de un deputat, \u00een plenul Legislativului, unde a solicitat ministrei S\u0103n\u0103t\u0103\u021bii s\u0103 ia m\u0103suri urgente. Parlamentara a acuzat medicii de neglijen\u021b\u0103.<\/p>\n<p>\u00cen replic\u0103, Ala Nemerenco a spus c\u0103 deputata nu cunoa\u0219te toate detaliile cazului \u0219i c\u0103 medicii de la Institutul Mamei \u0219i Copilului au f\u0103cut tot ce au putut, conform protocoalelor, \u00eens\u0103 b\u0103iatul a fost adus prea t\u00e2rziu la aceast\u0103 institu\u021bie.<\/p>\n<p>De asemenea, Nemerenco a cerut explica\u021bii de la Direc\u021bia municipal\u0103 de s\u0103n\u0103tate, pentru a \u00een\u021belege unde au fost admise gre\u0219eli.<\/p>\n<p>\u201eNu trebuie s\u0103 consider\u0103m c\u0103 to\u021bi medicii sunt neprofesioni\u0219ti c\u00e2nd se \u00eent\u00e2mpl\u0103 cazuri grave, finalizate cu deces. Am solicitat \u0219i o s\u0103 solicit raport din partea acestui Minister al S\u0103n\u0103t\u0103\u021bii, deoarece Spitalul Ignatenco este un spital municipal.<\/p>\n<p>Din punctul meu de vedere, am studiat raportul la ambele spitale, acolo sunt gre\u0219eli foarte mari din partea Spitalului Municipal Ignatenco. O s\u0103 vedem ce o s\u0103 ne r\u0103spund\u0103 Direc\u021bia s\u0103n\u0103tate. Copilul \u0103sta a trecut de multe ori prin Spitalul Ignatenco \u0219i a r\u0103mas cumva ie\u0219it din vizorul lor. El nu s-a adresat o singur\u0103 dat\u0103. (\u2026)<\/p>\n<p>Copilul \u0103sta trebuia s\u0103 ajung\u0103 cu mult timp \u00een urm\u0103 la Institutul Mamei \u0219i Copilului. \u0218i atunci el ar fi avut o \u0219ans\u0103 de salvare. Deci, el a ajuns \u00een sepsis. De copil s-au ocupat \u0219i academicieni. To\u021bi au alergat \u0219i s-au ocupat de copil, dar, dup\u0103 cum am spus, uneori nu putem s\u0103 intervenim\u201d, a explicat Ala Nemerenco.<\/p>\n<p>\u00cen acela\u0219i timp, vicedirectorul medical al Spitalului Clinic Municipal de Copii \u201eValentin Ignatenco\u201d, Vitalie Mihalcean, are o alt\u0103 versiune despre situa\u021bie. Acesta sus\u021bine c\u0103 copilul a fost de dou\u0103 ori adus la spital. Prima dat\u0103 lui i-a fost aplicat ghips la picior, dup\u0103 ce a suferit o traum\u0103 la ora de educa\u021bie fizic\u0103. Acesta a mers la spital a doua zi dup\u0103 cele \u00eent\u00e2mplate.<\/p>\n<p>A doua oar\u0103 copilul a plecat la spital duminic\u0103, 16 februarie, spun\u00e2nd c\u0103 are dureri. Acesta \u0219i-a scos ghipsul singur la domiciliu.<\/p>\n<p>\u201eLa spital a venit pe picioarele lui. A fost examinat \u0219i i s-a pus din nou ghips. Ulterior, am constatat c\u0103 era \u00een sepsis \u0219i am decis c\u0103 trebuie transferat la Institutul Mamei \u0219i Copilului, unde i se va acorda ajutor la alt nivel\u201d, a precizat Vitalie Mihalcean.<\/p>\n<p>De asemenea, vicedirectorul medical a spus c\u0103 a fost creat\u0103 o Comisie \u00een spital, iar to\u021bi medicii implica\u021bi urmeaz\u0103 s\u0103 prezinte explica\u021bii. Nu se cunoa\u0219te c\u00e2nd va fi gata un raport final asupra acestui caz.<\/p>\n<p>\u00centre timp, administra\u021bia Institutului Mamei \u0219i Copilului spune c\u0103, \u00een ciuda interven\u021biilor medicale prompte \u0219i a \u00eengrijirilor specializate, pacientul, o s\u0103pt\u0103m\u00e2n\u0103 mai t\u00e2rziu, a decedat. Ace\u0219ti sus\u021bine c\u0103 copilul a fost internat \u00een cadrul IMC la 18 februarie 2025, prezent\u00e2nd o stare extrem de grav\u0103 \u2013 critic\u0103, caracterizat\u0103 prin sepsis, osteomielit\u0103 grav\u0103, insuficien\u021b\u0103 respiratorie \u0219i cardiac\u0103.<\/p>\n<p>\u201e\u00cen ciuda interven\u021biilor medicale prompte \u0219i a \u00eengrijirilor specializate, starea pacientului nu s-a \u00eembun\u0103t\u0103\u021bit, iar pe data de 25 februarie 2025, pacientul a \u00eencetat din via\u021b\u0103. Cauzele exacte ale decesului vor fi stabilite \u00een urma unei expertize medico-legale, care va fi efectuat\u0103 \u00een conformitate cu procedurile \u00een vigoare\u201d, a transmis Maxim Cazacu, purt\u0103torul de cuv\u00e2nt al AIC.<\/p>\n<p>Cazul se afl\u0103 \u00een gestiunea Inspectoratului de Poli\u021bie Botanica, municipiul Chi\u0219in\u0103u. A fost ini\u021biat un proces penal, iar oamenii legii urmeaz\u0103 s\u0103 desf\u0103\u0219oare un \u0219ir de investiga\u021bii \u00een vederea stabilirii tuturor circumstan\u021belor.<\/p>\n<\/div>\n","protected":false},"excerpt":{"rendered":"<div><img decoding=\"async\" width=\"696\" height=\"392\" src=\"https:\/\/canal5.md\/wp-content\/uploads\/2025\/02\/e185ed16-95d1-4cef-997f-c08b4c8847f3_iuliamontaj23-1024x576-optimized.jpg\" class=\"attachment-large size-large wp-post-image\" alt=\"\" loading=\"lazy\" srcset=\"https:\/\/canal5.md\/wp-content\/uploads\/2025\/02\/e185ed16-95d1-4cef-997f-c08b4c8847f3_iuliamontaj23-1024x576-optimized.jpg 1024w, https:\/\/canal5.md\/wp-content\/uploads\/2025\/02\/e185ed16-95d1-4cef-997f-c08b4c8847f3_iuliamontaj23-300x169-optimized.jpg 300w, https:\/\/canal5.md\/wp-content\/uploads\/2025\/02\/e185ed16-95d1-4cef-997f-c08b4c8847f3_iuliamontaj23-768x432-optimized.jpg 768w, https:\/\/canal5.md\/wp-content\/uploads\/2025\/02\/e185ed16-95d1-4cef-997f-c08b4c8847f3_iuliamontaj23-1536x864-optimized.jpg 1536w, https:\/\/canal5.md\/wp-content\/uploads\/2025\/02\/e185ed16-95d1-4cef-997f-c08b4c8847f3_iuliamontaj23-696x392-optimized.jpg 696w, https:\/\/canal5.md\/wp-content\/uploads\/2025\/02\/e185ed16-95d1-4cef-997f-c08b4c8847f3_iuliamontaj23-1068x601-optimized.jpg 1068w, https:\/\/canal5.md\/wp-content\/uploads\/2025\/02\/e185ed16-95d1-4cef-997f-c08b4c8847f3_iuliamontaj23-optimized.jpg 1920w\">\u00cenc\u0103 un deces la spital. Un copil din Bubuieci a decedat \u00een aceast\u0103 s\u0103pt\u0103m\u00e2n\u0103 la Institutul Mamei \u0219i Copilului, unde a fost transportat \u00een stare grav\u0103. S-a \u00eent\u00e2mplat dup\u0103 ce a suferit o traum\u0103 la picior \u00een timp ce se afla la \u0219coal\u0103. Ini\u021bial, copilului \u00een v\u00e2rst\u0103 de 13 ani i-a fost pus piciorul \u00een [\u2026]<\/div>\n","protected":false},"author":1,"featured_media":68104,"comment_status":"closed","ping_status":"closed","sticky":false,"template":"","format":"standard","meta":{"jnews-multi-image_gallery":[],"jnews_single_post":[],"jnews_primary_category":[],"jnews_social_meta":[],"jnews_override_counter":[],"footnotes":""},"categories":[30],"tags":[],"class_list":["post-68103","post","type-post","status-publish","format-standard","has-post-thumbnail","hentry","category-social_ro"],"_links":{"self":[{"href":"https:\/\/orheifm.live\/index.php\/wp-json\/wp\/v2\/posts\/68103","targetHints":{"allow":["GET"]}}],"collection":[{"href":"https:\/\/orheifm.live\/index.php\/wp-json\/wp\/v2\/posts"}],"about":[{"href":"https:\/\/orheifm.live\/index.php\/wp-json\/wp\/v2\/types\/post"}],"author":[{"embeddable":true,"href":"https:\/\/orheifm.live\/index.php\/wp-json\/wp\/v2\/users\/1"}],"replies":[{"embeddable":true,"href":"https:\/\/orheifm.live\/index.php\/wp-json\/wp\/v2\/comments?post=68103"}],"version-history":[{"count":0,"href":"https:\/\/orheifm.live\/index.php\/wp-json\/wp\/v2\/posts\/68103\/revisions"}],"wp:featuredmedia":[{"embeddable":true,"href":"https:\/\/orheifm.live\/index.php\/wp-json\/wp\/v2\/media\/68104"}],"wp:attachment":[{"href":"https:\/\/orheifm.live\/index.php\/wp-json\/wp\/v2\/media?parent=68103"}],"wp:term":[{"taxonomy":"category","embeddable":true,"href":"https:\/\/orheifm.live\/index.php\/wp-json\/wp\/v2\/categories?post=68103"},{"taxonomy":"post_tag","embeddable":true,"href":"https:\/\/orheifm.live\/index.php\/wp-json\/wp\/v2\/tags?post=68103"}],"curies":[{"name":"wp","href":"https:\/\/api.w.org\/{rel}","templated":true}]}}