{"id":68101,"date":"2025-02-28T21:33:28","date_gmt":"2025-02-28T19:33:28","guid":{"rendered":"https:\/\/orheifm.live\/index.php\/2025\/02\/28\/presiuni-asupra-activistei-blocului-victoriei-svetlana-popan-instanta-ii-interzice-sa-paraseasca-tara-timp-de-un-an-video\/"},"modified":"2025-02-28T21:33:28","modified_gmt":"2025-02-28T19:33:28","slug":"presiuni-asupra-activistei-blocului-victoriei-svetlana-popan-instanta-ii-interzice-sa-paraseasca-tara-timp-de-un-an-video","status":"publish","type":"post","link":"https:\/\/orheifm.live\/index.php\/2025\/02\/28\/presiuni-asupra-activistei-blocului-victoriei-svetlana-popan-instanta-ii-interzice-sa-paraseasca-tara-timp-de-un-an-video\/","title":{"rendered":"Presiuni asupra activistei Blocului Victoriei, Svetlana Popan: Instan\u021ba \u00eei interzice s\u0103 p\u0103r\u0103seasc\u0103 \u021bara timp de un an |VIDEO"},"content":{"rendered":"<div>\n<p><strong>Noi presiuni asupra persoanelor cercetate penal! Activistei Svetlana Popan i s-a interzis s\u0103 p\u0103r\u0103seasc\u0103 \u021bara timp de un an. Aceast\u0103 decizie a fost luat\u0103 \u00een urma unei noi \u0219edin\u021be de judecat\u0103 \u00een cazul Ba\u0219canului G\u0103g\u0103uziei, Evghenia Gu\u021bul \u0219i activistei Svetlana Popan, care sunt acuzate de implicare \u00een finan\u021barea ilegal\u0103 a unui partid politic. <\/strong><br \/>\n<iframe loading=\"lazy\" title=\"YouTube video player\" src=\"https:\/\/www.youtube.com\/embed\/K3oNjDIMpjM?si=olb8886Z8VQqaMN2\" width=\"560\" height=\"315\" frameborder=\"0\" allowfullscreen=\"allowfullscreen\"><\/iframe><br \/>\nLa finalul \u0219edin\u021bei, liderul Autonomiei G\u0103g\u0103uze a declarat c\u0103 au fost prezentate din nou \u00eenregistr\u0103ri video care nu au vreo leg\u0103tur\u0103 nici cu ea, dar nici cu colega sa.<\/p>\n<p>La 28 februarie a avut loc o nou\u0103 \u0219edin\u021b\u0103 de judecat\u0103 \u00een cazul Ba\u0219canului G\u0103g\u0103uziei, Evghenia Gu\u021bul, \u0219i al activistei Svetlana Popan. Cea din urm\u0103, \u00een ciuda unei interven\u021bii chirurgicale recente, a fost nevoit\u0103 s\u0103 participe la \u0219edin\u021b\u0103 la cererea judec\u0103torului, care nu a considerat boala, interven\u021bia chirurgical\u0103 \u0219i internarea la spital drept motiv valid pentru absen\u021ba de la \u0219edin\u021b\u0103.<\/p>\n<p>Mai mult dec\u00e2t at\u00e2t, vineri, instan\u021ba a luat decizia de a-i interzice Svetlanei Popan s\u0103 p\u0103r\u0103seasc\u0103 \u021bara timp de un an. Motivele pentru aceast\u0103 decizie au fost c\u0103 activista a lipsit de la mai multe \u0219edin\u021be de judecat\u0103 fiind internat\u0103 \u00een spital.<\/p>\n<p>EVGHENIA GU\u021aUL, ba\u0219canul G\u0103g\u0103uziei<\/p>\n<p>Ast\u0103zi s-a \u00eent\u00e2mplat un astfel de caz. Judec\u0103torul a luat decizia de a-i interzice Svetlanei Popan s\u0103 p\u0103r\u0103seasc\u0103 \u021bara timp de un an. Acest lucru este legat de faptul c\u0103 ea a fost bolnav\u0103. Sincer, pur \u0219i simplu nu \u00een\u021beleg cum se poate lua o astfel de decizie, av\u00e2nd \u00een vedere c\u0103 exist\u0103 toate documentele medicale, toate actele din institu\u021biile medicale unde Svetlana Popan a urmat tratament, \u0219i totu\u0219i s-a luat o astfel de decizie.<\/p>\n<p>Nu \u0219tiu ce a motivat-o \u0219i ce o motiveaz\u0103 \u00een continuare, dar sunt semne rele, deoarece cred c\u0103 astfel de decizii nu sunt luate frecvent, poate c\u0103 este un caz aparte \u00een ceea ce ne prive\u0219te anume pe noi?<\/p>\n<p>Preciz\u0103m c\u0103, \u00een ultimele luni, \u0219edin\u021bele de judecat\u0103 au loc s\u0103pt\u0103m\u00e2nal sau chiar de dou\u0103 ori pe s\u0103pt\u0103m\u00e2n\u0103, iar acum, la decizia judec\u0103torului, vor fi patru, ceea ce, potrivit Evgheniei Gu\u021bul \u0219i Svetlanei Popan, este o pierdere de timp.<\/p>\n<p>Activistul Blocului \u201eVictorie\u201d, Iurii Vitneanschi, consider\u0103 c\u0103 acest num\u0103r de \u0219edin\u021be de judecat\u0103 a fost stabilit doar pentru a o \u00eempiedica pe Evghenia Gu\u021bul s\u0103-\u0219i \u00eendeplineasc\u0103 atribu\u021biile de ba\u0219can al autonomiei, deoarece aceasta este nevoit\u0103 s\u0103 fac\u0103 naveta aproape \u00een fiecare zi la Chi\u0219in\u0103u.<\/p>\n<p>IURII VITNEANSCHI, activist Blocul \u201eVictorie\u201d<\/p>\n<p>\u00cen acest caz, Ba\u0219canul este nevoit\u0103, fiind obligat\u0103 de instan\u021b\u0103, s\u0103 participe la toate aceste \u0219edin\u021be de judecat\u0103, astfel \u00eenc\u00e2t se \u00eencearc\u0103 sabotarea activit\u0103\u021bii din G\u0103g\u0103uzia, deoarece Ba\u0219canul trebuie s\u0103 fie prezent\u0103, \u00een primul r\u00e2nd, pe teritoriul autonomiei, nu s\u0103 mearg\u0103 prin instan\u021be.<\/p>\n<p>Evghenia Gu\u021bil recunoa\u0219te c\u0103 de c\u00e2teva luni bune vine la judec\u0103torie ca la serviciu. Potrivit acesteia, ast\u0103zi, de exemplu, au fost prezentate \u00eenregistr\u0103ri video care nu au nicio leg\u0103tur\u0103 cu ea.<\/p>\n<p>EVGHENIA GU\u021aUL, ba\u0219canul G\u0103g\u0103uziei<\/p>\n<p>Ast\u0103zi a continuat \u0219edin\u021ba de judecat\u0103 \u00eenceput\u0103 ieri. Ast\u0103zi din nou am ascultat \u0219i am privit ni\u0219te \u00eenregistr\u0103ri video, dar nu se \u00een\u021belege nimic, nu se vede nimic. Desigur, din nou nu se reg\u0103se\u0219te nici numele meu \u0219i nici al colegei mele.<\/p>\n<p>Ca \u0219i la \u0219edin\u021bele anterioare, judec\u0103toarea a interzis filmarea procesului. Urm\u0103toarea \u0219edin\u021b\u0103 va avea loc pe 4 martie. Amintim c\u0103 Ba\u0219canul Evghenia Gu\u021bul \u0219i activista Svetlana Popan sunt acuzate de implicare \u00een finan\u021barea ilegal\u0103 a unui partid politic. Ambele resping categoric toate acuza\u021biile, numind dosarul penal unul de natur\u0103 politic\u0103. Procurorii se ab\u021bin de la comentarii privind cazul.<\/p>\n<\/div>\n","protected":false},"excerpt":{"rendered":"<div><img loading=\"lazy\" decoding=\"async\" width=\"696\" height=\"464\" src=\"https:\/\/canal5.md\/wp-content\/uploads\/2024\/10\/gutul-1024x682-optimized.jpg\" class=\"attachment-large size-large wp-post-image\" alt=\"\" srcset=\"https:\/\/canal5.md\/wp-content\/uploads\/2024\/10\/gutul-1024x682-optimized.jpg 1024w, https:\/\/canal5.md\/wp-content\/uploads\/2024\/10\/gutul-300x200-optimized.jpg 300w, https:\/\/canal5.md\/wp-content\/uploads\/2024\/10\/gutul-768x512-optimized.jpg 768w, https:\/\/canal5.md\/wp-content\/uploads\/2024\/10\/gutul-696x464-optimized.jpg 696w, https:\/\/canal5.md\/wp-content\/uploads\/2024\/10\/gutul-1068x712-optimized.jpg 1068w, https:\/\/canal5.md\/wp-content\/uploads\/2024\/10\/gutul-optimized.jpg 1280w\">Noi presiuni asupra persoanelor cercetate penal! Activistei Svetlana Popan i s-a interzis s\u0103 p\u0103r\u0103seasc\u0103 \u021bara timp de un an. Aceast\u0103 decizie a fost luat\u0103 \u00een urma unei noi \u0219edin\u021be de judecat\u0103 \u00een cazul Ba\u0219canului G\u0103g\u0103uziei, Evghenia Gu\u021bul \u0219i activistei Svetlana Popan, care sunt acuzate de implicare \u00een finan\u021barea ilegal\u0103 a unui partid politic. La finalul [\u2026]<\/div>\n","protected":false},"author":1,"featured_media":68102,"comment_status":"closed","ping_status":"closed","sticky":false,"template":"","format":"standard","meta":{"jnews-multi-image_gallery":[],"jnews_single_post":[],"jnews_primary_category":[],"jnews_social_meta":[],"jnews_override_counter":[],"footnotes":""},"categories":[23],"tags":[],"class_list":["post-68101","post","type-post","status-publish","format-standard","has-post-thumbnail","hentry","category-politica_ro"],"_links":{"self":[{"href":"https:\/\/orheifm.live\/index.php\/wp-json\/wp\/v2\/posts\/68101","targetHints":{"allow":["GET"]}}],"collection":[{"href":"https:\/\/orheifm.live\/index.php\/wp-json\/wp\/v2\/posts"}],"about":[{"href":"https:\/\/orheifm.live\/index.php\/wp-json\/wp\/v2\/types\/post"}],"author":[{"embeddable":true,"href":"https:\/\/orheifm.live\/index.php\/wp-json\/wp\/v2\/users\/1"}],"replies":[{"embeddable":true,"href":"https:\/\/orheifm.live\/index.php\/wp-json\/wp\/v2\/comments?post=68101"}],"version-history":[{"count":0,"href":"https:\/\/orheifm.live\/index.php\/wp-json\/wp\/v2\/posts\/68101\/revisions"}],"wp:featuredmedia":[{"embeddable":true,"href":"https:\/\/orheifm.live\/index.php\/wp-json\/wp\/v2\/media\/68102"}],"wp:attachment":[{"href":"https:\/\/orheifm.live\/index.php\/wp-json\/wp\/v2\/media?parent=68101"}],"wp:term":[{"taxonomy":"category","embeddable":true,"href":"https:\/\/orheifm.live\/index.php\/wp-json\/wp\/v2\/categories?post=68101"},{"taxonomy":"post_tag","embeddable":true,"href":"https:\/\/orheifm.live\/index.php\/wp-json\/wp\/v2\/tags?post=68101"}],"curies":[{"name":"wp","href":"https:\/\/api.w.org\/{rel}","templated":true}]}}