{"id":68099,"date":"2025-02-28T21:28:35","date_gmt":"2025-02-28T19:28:35","guid":{"rendered":"https:\/\/orheifm.live\/index.php\/2025\/02\/28\/sandu-si-pas-sunt-datori-sa-restituie-pensionarilor-banii-furati-promisiuni-de-majorari-insuficiente-si-manipularea-cifrelor-video\/"},"modified":"2025-02-28T21:28:35","modified_gmt":"2025-02-28T19:28:35","slug":"sandu-si-pas-sunt-datori-sa-restituie-pensionarilor-banii-furati-promisiuni-de-majorari-insuficiente-si-manipularea-cifrelor-video","status":"publish","type":"post","link":"https:\/\/orheifm.live\/index.php\/2025\/02\/28\/sandu-si-pas-sunt-datori-sa-restituie-pensionarilor-banii-furati-promisiuni-de-majorari-insuficiente-si-manipularea-cifrelor-video\/","title":{"rendered":"Sandu \u0219i PAS sunt datori s\u0103 restituie pensionarilor banii fura\u021bi: Promisiuni de major\u0103ri insuficiente \u0219i manipularea cifrelor |VIDEO"},"content":{"rendered":"<div>\n<p><strong>Regimul Sandu-PAS nu are de g\u00e2nd s\u0103 \u00eentoarc\u0103 datoria pensionarilor care s-a acumulat de-a lungul anilor din cauza neachit\u0103rii compensa\u021biilor care nu corespund cre\u0219terii infla\u021biei. Ieri, parlamentul a aprobat \u00een prim\u0103 lectur\u0103 un proiect de lege privind indexarea pensiilor cu 10 la sut\u0103. <\/strong><br \/>\n<iframe loading=\"lazy\" title=\"YouTube video player\" src=\"https:\/\/www.youtube.com\/embed\/_OkVJq-Yh6k?si=m7vCF39Yt--oLkqA\" width=\"560\" height=\"315\" frameborder=\"0\" allowfullscreen=\"allowfullscreen\"><\/iframe><br \/>\nDeputa\u021bii PAS spun c\u0103 aceasta este ca o majorare \u0219i se pl\u00e2ng c\u0103, unele agen\u021bii guvernamentale au fost chiar nevoite s\u0103 economiseasc\u0103 bani pentru acest \u201ecadou generos\u201d pentru pensionari.<\/p>\n<p>Dar, nu s-a economisit de pe seama salariile mini\u0219trilor, ale deputa\u021bilor \u0219i armata de func\u021bionari birocra\u021bi. Cum, \u00een loc s\u0103 restituie pensionarilor ceea ce le-au furat autorit\u0103\u021bile \u00een urm\u0103 cu c\u00e2\u021biva ani, regimul Sandu-PAS, \u00een ajunul alegerilor parlamentare, \u00eei folose\u0219te cu cinism pe s\u0103raci \u00een scopuri propagandistice, \u00een comentariul colegei noastre Olga Dzeatcovscaia.<\/p>\n<p>N-o s\u0103 v\u0103 vin\u0103 s\u0103 crede\u021bi, iar voi, dragi pensionari, mai bine s\u0103 v\u0103 a\u0219eza\u021bi, pentru c\u0103 urmeaz\u0103 o \u0219tire bomb\u0103. \u0218tia\u021bi c\u0103 \u00een anii de guvernare ai regimului Sandu-PAS, autorit\u0103\u021bile v-au majorat pensiile \u2013 aten\u021bie \u2013 cu 157%?! Exact, anume aceast\u0103 cifr\u0103 a fost anun\u021bat\u0103 joi de c\u0103tre deputa\u021bii PAS.<\/p>\n<p>Pe c\u00e2nd voi, \u00een cel mai nerecunosc\u0103tor mod, num\u0103ra\u021bi b\u0103nu\u021bii, nu reu\u0219i\u021bi s\u0103 pl\u0103ti\u021bi facturile la gaz, electricitate \u0219i ap\u0103, scoate\u021bi din cas\u0103 ultimele lucruri ca s\u0103 le vinde\u021bi \u0219i s\u0103 cump\u0103ra\u021bi p\u00e2ine. Nu vede\u021bi, oare, c\u00e2t de mult are grij\u0103 de voi Sandu \u0219i partidul ei?<\/p>\n<p>Iar, zilele trecute, \u0219eful unei ditamai comisii economice, deputatul PAS Radu Marian, a mai venit cu o \u201enoutate\u201d \u2013 pentru prima dat\u0103 \u00een 20 de ani, combinatul de panifica\u021bie \u201eFranzelu\u021ba\u201d ar fi ob\u021binut un profit uria\u0219, inclusiv \u2013 din v\u00e2nzarea p\u00e2inii sociale. Ce s\u0103 mai spui? Pentru PAS, acesta e un motiv de bucurie \u0219i m\u00e2ndrie: c\u0103 o \u00eentreprindere c\u00e2\u0219tig\u0103 bani de pe spatele b\u0103tr\u00e2nilor s\u0103raci, care stau la coad\u0103 de la cinci diminea\u021ba ca s\u0103 cumpere p\u00e2ine ieftin\u0103. \u0218i, aten\u021bie, doar dou\u0103 p\u00e2ini de persoan\u0103 \u2013 acesta e \u201elimita\u201d.<\/p>\n<p>Un adev\u0103rat spectacol al absurdit\u0103\u021bii, ipocriziei \u0219i cinismului absolut!<br \/>\nIar un alt reprezentant al PAS \u2013 pe care nu o s\u0103-l vede\u021bi niciodat\u0103 st\u00e2nd la coad\u0103 dup\u0103 p\u00e2ine, al\u0103turi de pensionari, ne explic\u0103 m\u00e2ndru c\u0103, de fapt, \u00een buget a fost prev\u0103zut\u0103 ini\u021bial o indexare a pensiilor de doar 6%, dar, iat\u0103, s-a decis s\u0103 se mai adauge ceva \u00een plus.<\/p>\n<p>VASILE GR\u0102DINARU, deputat PAS<\/p>\n<p>Legisla\u021bia prevede astfel de 6%, noi \u00eentotdeauna ne dorim mai mult. A\u0219a cum am spus-o, pensia, de c\u00e2nd am venit noi, a crescut substan\u021bial, practic, de 1200 la 3000 practic va fi pensia minim\u0103. \u00centotdeauna am \u00eencercat s\u0103 facem mai mult, pentru \u0219tim c\u0103 este o sum\u0103, care nu este neap\u0103rat una foarte mare.<\/p>\n<p>Dar, aceast\u0103 cre\u0219tere de 10%, a fost identificat\u0103 de doamna pre\u0219edinte \u00eempreun\u0103 cu domnul prim-ministru \u0219i s-a sugerat s\u0103 facem aceast\u0103 cre\u0219tere astfel, \u00eenc\u00e2t s\u0103 avem un ritm mai mare a veniturilor pensionarilor, astfel \u00eenc\u00e2t s\u0103 ajungem la o pensie decent\u0103, a\u0219a cum o merit\u0103 to\u021bi cet\u0103\u021benii.<\/p>\n<p>Nu-i a\u0219a c\u0103-i minunat? Totul este perfect aici \u2013 Gr\u0103dinaru ne poveste\u0219te cum pre\u0219edinta nu doarme nop\u021bile, g\u00e2ndindu-se, \u00eempreun\u0103 cu premierul, cum s\u0103 fac\u0103 s\u0103 mai aloce 100 de lei pensionarilor, t\u0103ind din milioanele pe care le \u00eencaseaz\u0103 ea \u0219i func\u021bionarii. Din \u201em\u0103rinimia\u201d lor, dar de fapt, din surse bugetare, adic\u0103 \u2013 din banii no\u0219tri! De\u0219i, conform legii, Sandu nu are absolut nicio atribu\u021bie \u0219i niciun drept s\u0103 se ocupe de chestiunile legate de buget.<\/p>\n<p>Oare nu tot Sandu, \u00een plin\u0103 campanie electoral\u0103, la orice \u00eentrebare despre salarii \u0219i pensii, \u00een rarele sale \u00eent\u00e2lniri cu oamenii din raioane, r\u0103spundea c\u0103 acest subiect nu \u021bine de competen\u021bele ei \u0219i c\u0103 toate \u00eentreb\u0103rile trebuie adresate Guvernului? Dar iat\u0103 c\u0103 se apropie, din nou, alegerile \u0219i trebuie s\u0103 mai ademeneasc\u0103 electoratul.<\/p>\n<p>\u201eNe-am dorit \u00eentotdeauna s\u0103 major\u0103m mai mult pensiile\u201d, spune Gr\u0103dinaru. Doar c\u0103 aceste major\u0103ri nu par s\u0103 aib\u0103 vreo leg\u0103tur\u0103 real\u0103 cu pensiile, ci mai degrab\u0103 \u2013 cu salariile func\u021bionarilor \u0219i ale deputa\u021bilor PAS, care \u00eencaseaz\u0103 oficial peste 50 de mii de lei lunar.<\/p>\n<p>Poate c\u0103 nici nu e nevoie s\u0103 depun\u0103 un efort at\u00e2t de \u201emare\u201d pentru pensionari? S\u0103-\u0219i fac\u0103 pur \u0219i simplu datoria \u0219i s\u0103 respecte legea! Indexarea anual\u0103 a pensiilor este o obliga\u021bie a Guvernului \u0219i Parlamentului fa\u021b\u0103 de to\u021bi pensionarii, dar chiar \u0219i aici regimul Sandu-PAS a reu\u0219it s\u0103 dezbine oamenii pe categorii.<\/p>\n<p>\u0218i, mai ales, s\u0103 nu ne prezinte asta ca pe un \u201ecadou\u201d din partea Maiei \u0219i a lui Dorin. Pe unde mai pui c\u0103 cei din PAS ne spun c\u0103, pentru a realiza aceast\u0103 indexare \u201eistoric\u0103\u201d, a trebuit s\u0103 fac\u0103 economii! S\u0103rmanii! S\u0103 mai taie din milioanele \u0219i miliardele lor\u2026<\/p>\n<p>VASILE GR\u0102DINARU, deputat PAS<\/p>\n<p>Bugetul are venituri. \u0218i acum nu pot spune exact din care venituri, dar am avut anumite economii pe anumite cheltuieli bugetare , am avut anumite venituri suplimentare de la \u00eentreprinderile de stat, care erau mult mai modest prevenite anterior, \u00eens\u0103 acum observ\u0103m c\u0103 avem mai multe \u00eencas\u0103ri, \u0219i din asta s-au g\u0103sit ace\u0219ti bani \u0219i sprer\u0103m s\u0103 putem \u0219i mai mult. Dar, pentru aceast\u0103 etap\u0103, avem aceast\u0103 indexare de 6,1% \u0219i, plus deja 3,9%, care, \u00een opinia mea, este o cre\u0219tere.<\/p>\n<p>De fapt, ast\u0103zi, dup\u0103 patru ani de guvernare a regimului Sandu-PAS, este necesar\u0103 nu doar o indexare adecvat\u0103, ci \u0219i o majorare real\u0103 a pensiilor pentru toate categoriile de cet\u0103\u021beni, nu doar pentru una singur\u0103. C\u00e2nd un pensionar are un venit de 2.000 de lei, iar facturile la utilit\u0103\u021bi ajung aproape la 4.000 de lei, cum ar trebui s\u0103 tr\u0103iasc\u0103 acest om?<\/p>\n<p>Tarifele la \u00eenc\u0103lzire au crescut cu 40%, la energie electric\u0103 \u2013 cu 7 5 la sut\u0103, iar la gaz \u2013 cu 300%. Produsele de baz\u0103 s-au scumpit \u0219i ele \u2013 cu peste 200%, iar rata s\u0103r\u0103ciei a dep\u0103\u0219it 35 la sut\u0103. \u0218i, \u00een aceast\u0103 realitate, creat\u0103 de guvernarea PAS, c\u00e2nd infla\u021bia cumulat\u0103 pe patru ani a dep\u0103\u0219it 60%, Sandu anun\u021b\u0103 cu entuziasm o cre\u0219tere a pensiei minime cu\u2026 523 de lei?<\/p>\n<p>Nici m\u0103car nu le-a\u021bi returnat pensionarilor ceea ce, de fapt, le-a\u021bi luat, atunci c\u00e2nd, dup\u0103 criza energetic\u0103 din 2022, infla\u021bia a explodat cu 34%, iar voi, \u00eenc\u0103lc\u00e2nd grosolan legea, a\u021bi indexat pensiile nu conform ratei infla\u021biei, ci doar cu pu\u021bin peste 14%.<\/p>\n<p>\u00centoarce\u021bi pensionarilor ceea ce li se cuvine prin lege! Iar promisiunile electorale \u0219i discursurile voastre pline de vorbe goale p\u0103stra\u021bi-le pentru ascult\u0103torii vo\u0219tri de la Bruxelles.<\/p>\n<p>Dac\u0103 sunte\u021bi at\u00e2t de \u201egrijulii\u201d, de ce ignora\u021bi ini\u021biativele opozi\u021biei? To\u021bi exper\u021bii au subliniat necesitatea stabilirii unui minim de existen\u021b\u0103, inclusiv pentru pensionari, de cel pu\u021bin 5.000 de lei. Deputata grupului parlamentar \u201eVoctorie\u201d Reghina Apostolova a propus \u00een repetate r\u00e2nduri \u00een Parlament cre\u0219terea pensiei minime p\u00e2n\u0103 la 5.000 de lei. Opozi\u021bia sus\u021bine c\u0103 aceasta ar fi fost o adev\u0103rat\u0103 m\u0103sur\u0103 de sprijin din partea statului pentru pensionari.<\/p>\n<p>Dar\u2026 majoritatea parlamentar\u0103 ignor\u0103 toate aceste ini\u021biative. Ei spun c\u0103 bugetul \u201enu este un sac f\u0103r\u0103 fund\u201d. \u00cens\u0103, nu \u0219tiu cum se \u00eent\u00e2mpl\u0103 c\u0103, de fiecare dat\u0103 c\u00e2nd vine vorba de majorarea salariilor deputa\u021bilor, mini\u0219trilor, \u0219efilor de agen\u021bii \u0219i institu\u021bii nou-create, bugetul pare brusc s\u0103 devin\u0103 foarte \u201e\u00eenc\u0103p\u0103tor\u201d.<\/p>\n<p>\u00centr-un comentariu pentru canalul nostru, deputatul grupului parlamentar \u201eVictorie\u201d Vadim Fotescu a declarat c\u0103 regimul Sandu-PAS, sub pretextul a\u0219a-numitei index\u0103ri a pensiilor, comite, \u00eenc\u0103 o dat\u0103, un adev\u0103rat abuz.<\/p>\n<p>VADIM FOTESCU, deputat al grupului parlamentar \u201eVictorie\u201d<\/p>\n<p>Nimeni din PAS nici m\u0103car nu vrea s\u0103 aud\u0103 despre restituirea banilor oamenilor, a acelor 15% pe care nu i-au indexat anul trecut.<\/p>\n<p>Mai mult dec\u00e2t at\u00e2t, indexarea de 10% de ast\u0103zi nu se aplic\u0103 tuturor pensionarilor.<\/p>\n<p>\u00cen baza la ce? Ace\u0219ti bani nu apar\u021bin statului, ci oamenilor, care, pe parcursul activit\u0103\u021bii lor de munc\u0103, au contribuit la bugetul public.<\/p>\n<p>Aici vorbim despre o nedreptate cras\u0103. Dar nu este doar despre asta.<\/p>\n<p>Manipul\u00e2nd cifrele, PAS \u00eencearc\u0103 s\u0103 prezinte situa\u021bia ca \u0219i cum, la o infla\u021bie de aproximativ 8%, ei indexeaz\u0103 pensiile cu 10%. Numai c\u0103 \u201euit\u0103\u201d s\u0103 men\u021bioneze c\u00e2t de mult au crescut pre\u021burile \u2013 nu doar la produsele alimentare \u0219i de prim\u0103 necesitate, ci mai ales la facturile pentru utilit\u0103\u021bi. \u0218i, f\u0103r\u0103 \u00eendoial\u0103, dac\u0103 vorbim despre nivelul de trai, orice pensionar v\u0103 va spune ast\u0103zi c\u0103 via\u021ba sub regimul PAS a devenit mult mai grea dec\u00e2t era \u00eenainte.<\/p>\n<p>A\u0219a arat\u0103 o matematic\u0103, din via\u021ba majorit\u0103\u021bii cet\u0103\u021benilor \u021b\u0103rii noastre, \u00een special a pensionarilor. Dar oare chiar cred ei c\u0103 cet\u0103\u021benii sunt at\u00e2t de naivi \u00eenc\u00e2t s\u0103 accepte asta ca pe un mare act de generozitate \u0219i o realizare personal\u0103 a lor? \u0218i, \u00een acest context, nu ne r\u0103m\u00e2ne dec\u00e2t s\u0103 le ur\u0103m un singur lucru \u2013 ca \u0219i reprezentan\u021bii PAS s\u0103 beneficieze anume de o a\u0219a pensie la b\u0103tr\u00e2ne\u021be.<\/p>\n<\/div>\n","protected":false},"excerpt":{"rendered":"<div><img decoding=\"async\" width=\"696\" height=\"387\" src=\"https:\/\/canal5.md\/wp-content\/uploads\/2025\/02\/5a2e3622ae94bd7c31d3e9e01238f30d-1024x570-optimized.jpg\" class=\"attachment-large size-large wp-post-image\" alt=\"\" loading=\"lazy\" srcset=\"https:\/\/canal5.md\/wp-content\/uploads\/2025\/02\/5a2e3622ae94bd7c31d3e9e01238f30d-1024x570-optimized.jpg 1024w, https:\/\/canal5.md\/wp-content\/uploads\/2025\/02\/5a2e3622ae94bd7c31d3e9e01238f30d-300x167-optimized.jpg 300w, https:\/\/canal5.md\/wp-content\/uploads\/2025\/02\/5a2e3622ae94bd7c31d3e9e01238f30d-768x428-optimized.jpg 768w, https:\/\/canal5.md\/wp-content\/uploads\/2025\/02\/5a2e3622ae94bd7c31d3e9e01238f30d-696x388-optimized.jpg 696w, https:\/\/canal5.md\/wp-content\/uploads\/2025\/02\/5a2e3622ae94bd7c31d3e9e01238f30d-1068x595-optimized.jpg 1068w, https:\/\/canal5.md\/wp-content\/uploads\/2025\/02\/5a2e3622ae94bd7c31d3e9e01238f30d-optimized.jpg 1280w\">Regimul Sandu-PAS nu are de g\u00e2nd s\u0103 \u00eentoarc\u0103 datoria pensionarilor care s-a acumulat de-a lungul anilor din cauza neachit\u0103rii compensa\u021biilor care nu corespund cre\u0219terii infla\u021biei. Ieri, parlamentul a aprobat \u00een prim\u0103 lectur\u0103 un proiect de lege privind indexarea pensiilor cu 10 la sut\u0103. Deputa\u021bii PAS spun c\u0103 aceasta este ca o majorare \u0219i se pl\u00e2ng [\u2026]<\/div>\n","protected":false},"author":1,"featured_media":68100,"comment_status":"closed","ping_status":"closed","sticky":false,"template":"","format":"standard","meta":{"jnews-multi-image_gallery":[],"jnews_single_post":[],"jnews_primary_category":[],"jnews_social_meta":[],"jnews_override_counter":[],"footnotes":""},"categories":[23],"tags":[],"class_list":["post-68099","post","type-post","status-publish","format-standard","has-post-thumbnail","hentry","category-politica_ro"],"_links":{"self":[{"href":"https:\/\/orheifm.live\/index.php\/wp-json\/wp\/v2\/posts\/68099","targetHints":{"allow":["GET"]}}],"collection":[{"href":"https:\/\/orheifm.live\/index.php\/wp-json\/wp\/v2\/posts"}],"about":[{"href":"https:\/\/orheifm.live\/index.php\/wp-json\/wp\/v2\/types\/post"}],"author":[{"embeddable":true,"href":"https:\/\/orheifm.live\/index.php\/wp-json\/wp\/v2\/users\/1"}],"replies":[{"embeddable":true,"href":"https:\/\/orheifm.live\/index.php\/wp-json\/wp\/v2\/comments?post=68099"}],"version-history":[{"count":0,"href":"https:\/\/orheifm.live\/index.php\/wp-json\/wp\/v2\/posts\/68099\/revisions"}],"wp:featuredmedia":[{"embeddable":true,"href":"https:\/\/orheifm.live\/index.php\/wp-json\/wp\/v2\/media\/68100"}],"wp:attachment":[{"href":"https:\/\/orheifm.live\/index.php\/wp-json\/wp\/v2\/media?parent=68099"}],"wp:term":[{"taxonomy":"category","embeddable":true,"href":"https:\/\/orheifm.live\/index.php\/wp-json\/wp\/v2\/categories?post=68099"},{"taxonomy":"post_tag","embeddable":true,"href":"https:\/\/orheifm.live\/index.php\/wp-json\/wp\/v2\/tags?post=68099"}],"curies":[{"name":"wp","href":"https:\/\/api.w.org\/{rel}","templated":true}]}}