{"id":68097,"date":"2025-02-28T21:26:16","date_gmt":"2025-02-28T19:26:16","guid":{"rendered":"https:\/\/orheifm.live\/index.php\/2025\/02\/28\/feroviarii-protesteaza-in-toata-tara-cerand-achitarea-restantelor-salariale-uriase-video\/"},"modified":"2025-02-28T21:26:16","modified_gmt":"2025-02-28T19:26:16","slug":"feroviarii-protesteaza-in-toata-tara-cerand-achitarea-restantelor-salariale-uriase-video","status":"publish","type":"post","link":"https:\/\/orheifm.live\/index.php\/2025\/02\/28\/feroviarii-protesteaza-in-toata-tara-cerand-achitarea-restantelor-salariale-uriase-video\/","title":{"rendered":"Feroviarii protesteaz\u0103 \u00een toat\u0103 \u021bara cer\u00e2nd achitarea restan\u021belor salariale uria\u0219e |VIDEO"},"content":{"rendered":"<div>\n<p><strong>Feroviarii continu\u0103 protestele. Manifesta\u021biile sunt organizate din nou pe \u00eentreg teritoriul \u021b\u0103rii. Oamenii au ie\u0219it \u00een strad\u0103 pentru a cere achitarea restan\u021belor salariale uria\u0219e \u0219i m\u0103suri urgente de redresare a situa\u021biei critice din sector. <\/strong><br \/>\n<iframe loading=\"lazy\" title=\"YouTube video player\" src=\"https:\/\/www.youtube.com\/embed\/Phvr0W7HgSI?si=RrssNFHbvrImGjlU\" width=\"560\" height=\"315\" frameborder=\"0\" allowfullscreen=\"allowfullscreen\"><\/iframe><br \/>\n\u201dVrem salariile! Ne este greu! \u0219i Ne-au uitat!\u201d \u2013 acestea sunt mesajele pe care le scandeaz\u0103 protestatarii. Angaja\u021bii CFM spun c\u0103 se afl\u0103 \u00eentr-o criz\u0103 profund\u0103, c\u0103reia deja nu-i mai fac fa\u021b\u0103. \u0218i dac\u0103 autorit\u0103\u021bile nu vor achita datoriile \u00een viitorul apropiat, to\u021bi cei 4.800 de angaja\u021bi \u00ee\u0219i vor da demisia.<\/p>\n<p>Feroviarii de la Nodul Feroviar Ungheni au ie\u0219it \u00een strad\u0103 pentru a-\u0219i cere salariile restante. Ei sunt revolta\u021bi de lipsa de solu\u021bii \u0219i de indiferen\u021ba autorit\u0103\u021bilor fa\u021b\u0103 de situa\u021bia critic\u0103, care se agraveaz\u0103 cu fiecare zi. Oamenii dispera\u021bi spun c\u0103 au lucrat din greu luni la r\u00e2nd, iar acum sunt nevoi\u021bi s\u0103 cer\u0219easc\u0103 banii munci\u021bi.<\/p>\n<p>SVETLANA MORARU, pre\u0219edintele Sindicatului Feroviarilor Ungheni<\/p>\n<p>Pentru stat s-a lucrat, am lucrat \u0219i noapte \u0219i zi, nimeni nu s-a dat \u00een l\u0103turi, dar am ajuns acum c\u0103 noi nu suntem de vin\u0103 c\u0103 marfa nu merge, a\u0219a au ajuns timpurile. Ne adres\u0103m la Pre\u0219edin\u021bie, Parlament \u0219i la pre\u0219edinte, auzi\u021bi-ne, vrem salariile.<\/p>\n<p>Tr\u0103im cu pensia de invaliditate a copilului de o mie \u0219i ceva de lei, mi-i ru\u0219ine s\u0103 intru \u00een cas\u0103: tat\u0103 ce se aude de leaf\u0103? Unde e leafa? Unde e leafa? Ai trecut de 61 de ani, unde s\u0103 te duci, cine te prime\u0219te ca s\u0103 te duci la alt lucru, cui \u00eei trebuie\u0219ti?Maia Sandu, g\u00e2nde\u0219te-te la lume, g\u00e2nde\u0219te-te la popor, poporul te-a votat.<\/p>\n<p>IGOR BERIGHICI, \u0219eful depozitului de locomotive din Ungheni<\/p>\n<p>Vrem ca drepturile noastre constitu\u021bionale, ca cet\u0103\u021beni ai Republicii Moldova, s\u0103 fie respectate. Lucrez \u00een aceast\u0103 func\u021bie de \u0219apte luni \u0219i am primit doar un salariu. Iat\u0103 o familie \u2013 so\u021bul \u0219i so\u021bia, am\u00e2ndoi lucreaz\u0103 la calea ferat\u0103.<\/p>\n<p>Iat\u0103 ace\u0219ti oameni care nu primesc salariul, cum trebuie s\u0103 tr\u0103iasc\u0103? Aceasta este o \u00eentreprindere de stat, de importan\u021b\u0103 strategic\u0103, a\u0219a cum ne spun autorit\u0103\u021bile. Atunci statul s\u0103 se ocupe de aceste treburi.<\/p>\n<p>Da, suntem o organiza\u021bie comercial\u0103, da este business, dar dac\u0103 nu ne pute\u021bi ajuta, m\u0103car nu ne fura\u021bi. Ne-au luat spitalele, gr\u0103dini\u021bele, acum au pus ochii \u0219i pe proprietatea noastr\u0103. Pe de o parte ne iau, ne fur\u0103 \u0219i pe de alt\u0103 parte ne spun: c\u0103uta\u021bi bani.<\/p>\n<p>Deja at\u00e2ta ne-a \u00eenv\u0103\u021bat via\u021ba, \u00eenc\u00e2t noi deja vara acumul\u0103m bani \u00eenc\u00e2t cumva s\u0103 supravie\u021buim \u0219i asta tot. S-au mic\u0219orat cheltuielile noastre pentru c\u0103 o mare parte merge pentru comunale, m\u00e2nc\u0103m foarte pu\u021bin.<\/p>\n<p>Critic\u00e2nd autorit\u0103\u021bile pentru ineficien\u021b\u0103 \u00een gestionarea crizei financiare din sectorul feroviar, angaja\u021bii cer ac\u021biuni clare \u0219i rapide. Avem nevoie de solu\u021bii reale, nu doar de vorbe goale, iar salariile restante trebuie pl\u0103tite acum, nu \u00een luna viitoare sau peste c\u00e2teva luni, au mai declarat ace\u0219tia.<\/p>\n<p>ZINAIDA MELNICENCO, casier\u0103<\/p>\n<p>Noi venim la munc\u0103, ne \u00eendeplinim obliga\u021biile \u0219i ne facem lucrul. S\u0103 fie buni \u0219i s\u0103 ne achite. Noi pl\u0103tim impozite, ei primesc salarii \u00een fiecare lun\u0103, dar noi nu primim, a\u0219a c\u0103 \u2013 s\u0103 se g\u00e2ndeasc\u0103, s\u0103-\u0219i ridice fundurile din fotolii \u0219i s\u0103 vin\u0103 aici, nu s\u0103 stea acolo, altfel va fi mai r\u0103u dec\u00e2t \u00eenainte.<\/p>\n<p>Eu tr\u0103iesc din pensia so\u021bului. So\u021bul meu este invalid de gradul 2. El prime\u0219te pensia \u0219i tr\u0103im din aceasta. Asta e tot. \u0218i dac\u0103 nu ar fi el, am m\u00e2nca acadele.<\/p>\n<p>Ca la ni\u0219te c\u00e2ini. V\u0103 d\u0103m un os, iar carnea ne r\u0103m\u00e2ne nou\u0103.<\/p>\n<p>GALINA CIORNEA, \u0219ef de brigad\u0103 feroviar\u0103, Ungheni<\/p>\n<p>Noi, lucr\u0103torii feroviari de la PCH-1 Ungheni, am primit leafa ultima plat\u0103 pe 30 decembrie anul trecut. \u0218i acum, imagina\u021bi-v\u0103, deja dou\u0103 luni nu am primit niciun leu. Cum putem rezolva situa\u021bia? Eu, de exemplu, \u00eemi fac datoria \u0219i \u00eemi \u00eendeplinesc responsabilit\u0103\u021bile, la fel ca to\u021bi ceilal\u021bi. Este, \u00een primul r\u00e2nd, treaba Guvernului, a celor care conduc, deoarece Calea Ferat\u0103 este o \u00eentreprindere de stat.<\/p>\n<p>Ei tot spun c\u0103 \u201elucreaz\u0103, caut\u0103 solu\u021bii, se g\u00e2ndesc\u201d, dar c\u00e2t timp vor c\u0103uta solu\u021bii \u0219i vor lucra, cum vor supravie\u021bui ace\u0219ti oameni? Cred c\u0103 trebuie s\u0103 depun\u0103 toate eforturile c\u00e2t timp sunt la putere, \u00eenainte de alegeri, poate chiar mai repede.<\/p>\n<p>Feroviarii au declarat c\u0103 au ajuns la limita disper\u0103rii, fiind incapabili s\u0103-\u0219i s\u0103 pl\u0103teasc\u0103 facturile la utilit\u0103\u021bi \u0219i s\u0103-\u0219i achite creditele. Ei spun c\u0103 vor lupta p\u00e2n\u0103-n p\u00e2nzele albe \u0219i vor continua protestele p\u00e2n\u0103 vor fi auzi\u021bi de autorit\u0103\u021bi.<\/p>\n<p>Ca \u0219i \u00een luna februarie, vom protesta \u0219i \u00een luna martie, poate m\u0103car cineva ne va vedea, ne va auzi. \u0218i a\u0219a prea mult am t\u0103cut, am r\u0103bdat \u0219i am a\u0219teptat. Poate \u00een sf\u00e2r\u0219it cineva ne va lua \u00een seam\u0103, dar reiese c\u0103 nimeni, nici guvernarea trecut\u0103, nici aceast\u0103 guvernare.<\/p>\n<p>Dac\u0103 nu au nevoie de Calea Ferat\u0103, s\u0103 ias\u0103 cineva \u0219i s\u0103 ne spun\u0103, tovar\u0103\u0219i nu veni\u021bi, mai mult nu mai lucr\u0103m. Dar dac\u0103 au nevoie de noi, de ce nu primim salariile, noi doar nu cerem ajutor, cerem salariile noastre.<\/p>\n<p>\u0218i angaja\u021bii CFM din B\u0103l\u021bi \u0219i Basarabeasca au cerut cu disperare ajutor autorit\u0103\u021bilor, solicit\u00e2nd plata banilor munci\u021bi, deoarece nu mai pot supravie\u021bui f\u0103r\u0103 resurse financiare.<\/p>\n<p>IURII UZUN, pre\u0219edintele comitetului sindical, Basarabeasca<\/p>\n<p>Cerem ca Parlamentul, Pre\u0219edin\u021bia \u0219i conducerea \u021b\u0103rii s\u0103 respecte legisla\u021bia.<\/p>\n<p>Eu \u00een\u021beleg c\u0103, \u00een acest an, se vor organiza alegeri \u0219i to\u021bi vor s\u0103 fie de\u0219tep\u021bi, dar noi nu avem nevoie de politic\u0103, nou\u0103 ne trebuie bani, \u00eentoarce\u021bi-ne banii no\u0219tri. \u00cen primul r\u00e2nd banii.<\/p>\n<p>PETRU PU\u0218CARI, primarul ora\u0219ului Basarabeasca<\/p>\n<p>Ei at\u00e2t de sus s-au urcat, \u00eenc\u00e2t au uitat cine \u00eei alege \u0219i \u00eei angajeaz\u0103 la munc\u0103. La televizor vorbesc despre un viitor luminos, despre aderarea rapid\u0103 la Europa \u0219i despre via\u021ba ca \u00een Germania sau Fran\u021ba. Dar haide\u021bi s\u0103 ne imagin\u0103m: dac\u0103 \u00een Germania sau Fran\u021ba feroviarii nu ar primi salariul timp de o lun\u0103, \u021bara s-ar opri, pre\u0219edintele ar demisiona \u0219i ar avea loc alegeri anticipate.<\/p>\n<p>La fel, \u0219i feroviarii din Giurgiule\u0219ti \u0219i-au spus nemul\u021bumirea. \u0218i ei sunt revolta\u021bi de inac\u021biunile autorit\u0103\u021bilor.<\/p>\n<p>Au fost 120 de vagoane de metal, unde s-au dus to\u021bi banii ace\u0219tia, ei au blocat conturile la Calea Ferat\u0103 ca s\u0103 nu pl\u0103teasc\u0103 impozite \u0219i ei cer de la Calea Ferat\u0103 s\u0103 pl\u0103teasc\u0103 impozite la stat, dar banii unde se duc. Tot cineva aici se \u00eenv\u00e2rte\u0219te \u0219i Guvernul \u0219tie tare bine.<\/p>\n<p>Ne mai trebuie \u0219i medicamente, e greu s\u0103 st\u0103m at\u00e2ta timp f\u0103r\u0103 salarii.<\/p>\n<p>Pre\u015fedintele Federa\u0163iei Sindicale a Feroviarilor din Moldova, Ion Zaporojan, sus\u021bine c\u0103 poart\u0103 convorbiri cu Ministrerul Infrastructurii deja de dou\u0103 s\u0103pt\u0103m\u00e2ni, iar ace\u0219tia nu au propus nicio solu\u021bie.<\/p>\n<p>Mai mult, Zaporojan a precizat c\u0103, dac\u0103 timp de o s\u0103pt\u0103m\u00e2n\u0103 autorit\u0103\u021bile nu \u00eentreprind nimic, to\u021bi cei 4.800 de angaja\u021bi sunt gata s\u0103-\u0219i dea demisia. La fel, el a men\u021bionat c\u0103 protestele vor continua \u0219i \u00een luna martie.<\/p>\n<p>ION ZAPOROJAN, pre\u015fedintele Federa\u0163iei Sindicale a Feroviarilor din Moldova<\/p>\n<p>Ei tare caut\u0103 solu\u021bii, tare de mult timp, eu am obosit dec\u00e2nd caut\u0103 ei.<\/p>\n<p>Eu am fost la ministru, umblu deja de dou\u0103 s\u0103pt\u0103m\u00e2ni \u0219i p\u00e2n\u0103 ce nu v\u0103d nimic.<\/p>\n<p>O s\u0103 protest\u0103m, dac\u0103 ei nu ne aud, pe 14 martie, 28 martie, aprilie \u0219i a\u0219a mai departe. P\u00e2n\u0103 o s\u0103 fim auzi\u021bi.<\/p>\n<p>Le-am spus c\u0103 casa arde deja, nu c\u0103 mocne\u0219te, dar arde deja. \u0218i au scris deja mul\u021bi cerere ca s\u0103 \u00eenceteze contractul individual de munc\u0103 Deja a scris \u0219i Ocni\u021ba, \u0219i B\u0103l\u021bi, \u0219i ma\u0219ini\u0219tii de locomotive, practic, dac\u0103 \u00eenc\u0103 o s\u0103pt\u0103m\u00e2n\u0103 este a\u0219a, nu mai merg trenurile. \u2013 Dar c\u00e2te persoane? Ave\u021bi un num\u0103r? \u2013 To\u021bi au de g\u00e2nd s\u0103 scrie. To\u021bi 4.800.<\/p>\n<p>Deocamdat\u0103, Ministerul Infrastructurii nu a comentat manifesta\u021biile feroviarilor. Proteste au mai avut loc la Ocni\u021ba, Bender, Basarabeasca \u0219i Giurgiule\u0219ti. Preciz\u0103m c\u0103 proteste de amploare au avut loc pe \u00eentreg teritoriul \u021b\u0103rii \u0219i pe data de 14 februarie. Amintim c\u0103 \u00centreprinderea de Stat \u201eCalea Ferat\u0103 din Moldova\u201d a confirmat oficial datoria salarial\u0103 fa\u021b\u0103 de aproape 5.000 de angaja\u021bi pentru perioada august-decembrie 2024. Suma dep\u0103\u0219e\u0219te 190 de milioane de lei.<\/p>\n<\/div>\n","protected":false},"excerpt":{"rendered":"<div><img loading=\"lazy\" decoding=\"async\" width=\"696\" height=\"392\" src=\"https:\/\/canal5.md\/wp-content\/uploads\/2025\/02\/209a609f8c6b32dd9c316f8d7c7d3d9b-optimized.jpg\" class=\"attachment-large size-large wp-post-image\" alt=\"\" srcset=\"https:\/\/canal5.md\/wp-content\/uploads\/2025\/02\/209a609f8c6b32dd9c316f8d7c7d3d9b-optimized.jpg 809w, https:\/\/canal5.md\/wp-content\/uploads\/2025\/02\/209a609f8c6b32dd9c316f8d7c7d3d9b-300x169-optimized.jpg 300w, https:\/\/canal5.md\/wp-content\/uploads\/2025\/02\/209a609f8c6b32dd9c316f8d7c7d3d9b-768x433-optimized.jpg 768w, https:\/\/canal5.md\/wp-content\/uploads\/2025\/02\/209a609f8c6b32dd9c316f8d7c7d3d9b-696x392-optimized.jpg 696w\">Feroviarii continu\u0103 protestele. Manifesta\u021biile sunt organizate din nou pe \u00eentreg teritoriul \u021b\u0103rii. Oamenii au ie\u0219it \u00een strad\u0103 pentru a cere achitarea restan\u021belor salariale uria\u0219e \u0219i m\u0103suri urgente de redresare a situa\u021biei critice din sector. \u201dVrem salariile! Ne este greu! \u0219i Ne-au uitat!\u201d \u2013 acestea sunt mesajele pe care le scandeaz\u0103 protestatarii. Angaja\u021bii CFM spun c\u0103 [\u2026]<\/div>\n","protected":false},"author":1,"featured_media":68098,"comment_status":"closed","ping_status":"closed","sticky":false,"template":"","format":"standard","meta":{"jnews-multi-image_gallery":[],"jnews_single_post":[],"jnews_primary_category":[],"jnews_social_meta":[],"jnews_override_counter":[],"footnotes":""},"categories":[23],"tags":[],"class_list":["post-68097","post","type-post","status-publish","format-standard","has-post-thumbnail","hentry","category-politica_ro"],"_links":{"self":[{"href":"https:\/\/orheifm.live\/index.php\/wp-json\/wp\/v2\/posts\/68097","targetHints":{"allow":["GET"]}}],"collection":[{"href":"https:\/\/orheifm.live\/index.php\/wp-json\/wp\/v2\/posts"}],"about":[{"href":"https:\/\/orheifm.live\/index.php\/wp-json\/wp\/v2\/types\/post"}],"author":[{"embeddable":true,"href":"https:\/\/orheifm.live\/index.php\/wp-json\/wp\/v2\/users\/1"}],"replies":[{"embeddable":true,"href":"https:\/\/orheifm.live\/index.php\/wp-json\/wp\/v2\/comments?post=68097"}],"version-history":[{"count":0,"href":"https:\/\/orheifm.live\/index.php\/wp-json\/wp\/v2\/posts\/68097\/revisions"}],"wp:featuredmedia":[{"embeddable":true,"href":"https:\/\/orheifm.live\/index.php\/wp-json\/wp\/v2\/media\/68098"}],"wp:attachment":[{"href":"https:\/\/orheifm.live\/index.php\/wp-json\/wp\/v2\/media?parent=68097"}],"wp:term":[{"taxonomy":"category","embeddable":true,"href":"https:\/\/orheifm.live\/index.php\/wp-json\/wp\/v2\/categories?post=68097"},{"taxonomy":"post_tag","embeddable":true,"href":"https:\/\/orheifm.live\/index.php\/wp-json\/wp\/v2\/tags?post=68097"}],"curies":[{"name":"wp","href":"https:\/\/api.w.org\/{rel}","templated":true}]}}