{"id":68093,"date":"2025-02-28T20:30:10","date_gmt":"2025-02-28T18:30:10","guid":{"rendered":"https:\/\/orheifm.live\/index.php\/2025\/02\/28\/alerta-la-granita-cu-republica-moldova-din-cauza-unor-posibile-fragmente-de-drona\/"},"modified":"2025-02-28T20:30:10","modified_gmt":"2025-02-28T18:30:10","slug":"alerta-la-granita-cu-republica-moldova-din-cauza-unor-posibile-fragmente-de-drona","status":"publish","type":"post","link":"https:\/\/orheifm.live\/index.php\/2025\/02\/28\/alerta-la-granita-cu-republica-moldova-din-cauza-unor-posibile-fragmente-de-drona\/","title":{"rendered":"Alert\u0103 la grani\u021ba cu Republica Moldova, din cauza unor posibile fragmente de dron\u0103"},"content":{"rendered":"<div>\n<p><strong>Fragmente care par a proveni de la o dron\u0103 au fost semnalate vineri, 28 februarie curent, \u00een apropierea punctului de trecere a frontierei Giurgiule\u0219ti, jude\u021bul Gala\u021bi, Rom\u00e2nia. Informa\u021bia a fost transmis\u0103 autorit\u0103\u021bilor printr-un apel la serviciul de urgen\u021b\u0103 112.<\/strong><\/p>\n<p>Ministerul Ap\u0103r\u0103rii Na\u021bionale (MApN) din Rom\u00e2nia a anun\u021bat c\u0103 zona a fost imediat securizat\u0103 cu ajutorul echipajelor MApN \u0219i ale Ministerului Afacerilor Interne (MAI).<\/p>\n<div class=\"margin-auto\">\n<div id=\"admixer-hb-216-637568592982450705\"><\/div>\n<\/div>\n<p>\u201e\u00cen diminea\u021ba zilei de s\u00e2mb\u0103t\u0103, 1 martie, o echip\u0103 mixt\u0103 format\u0103 din speciali\u0219ti din Ministerul Ap\u0103r\u0103rii Na\u021bionale, Serviciul Rom\u00e2n de Informa\u021bii \u0219i Ministerul Afacerilor Interne va executa cercet\u0103ri la fa\u021ba locului, fragmentele urm\u00e2nd a fi ridicate \u00een vederea expertiz\u0103rii\u201d, se\u00a0arat\u0103\u00a0\u00een comunicatul transmis de MAI.<\/p>\n<p>Autorit\u0103\u021bile au precizat c\u0103 zona \u00een care s-au g\u0103sit fragmentele se afl\u0103 la aproximativ 500 de metri de frontiera cu\u00a0Republica Moldova, \u00eentr-o zon\u0103 extravilan\u0103, f\u0103r\u0103 a afecta infrastructura sau popula\u021bia.<\/p>\n<p>Investiga\u021biile sunt \u00een desf\u0103\u0219urare pentru a determina originea \u0219i natura fragmentelor descoperite.<\/p>\n<p><a href=\"https:\/\/realitatea.md\/alerta-la-granita-cu-republica-moldova-din-cauza-unor-posibile-fragmente-de-drona\/\">Realitate.md<\/a><\/p>\n<\/div>\n","protected":false},"excerpt":{"rendered":"<div><img loading=\"lazy\" decoding=\"async\" width=\"696\" height=\"391\" src=\"https:\/\/canal5.md\/wp-content\/uploads\/2025\/02\/politia-de-frontiera-900x505-1-optimized.jpg\" class=\"attachment-large size-large wp-post-image\" alt=\"\" srcset=\"https:\/\/canal5.md\/wp-content\/uploads\/2025\/02\/politia-de-frontiera-900x505-1-optimized.jpg 900w, https:\/\/canal5.md\/wp-content\/uploads\/2025\/02\/politia-de-frontiera-900x505-1-300x168-optimized.jpg 300w, https:\/\/canal5.md\/wp-content\/uploads\/2025\/02\/politia-de-frontiera-900x505-1-768x431-optimized.jpg 768w, https:\/\/canal5.md\/wp-content\/uploads\/2025\/02\/politia-de-frontiera-900x505-1-696x391-optimized.jpg 696w\">Fragmente care par a proveni de la o dron\u0103 au fost semnalate vineri, 28 februarie curent, \u00een apropierea punctului de trecere a frontierei Giurgiule\u0219ti, jude\u021bul Gala\u021bi, Rom\u00e2nia. Informa\u021bia a fost transmis\u0103 autorit\u0103\u021bilor printr-un apel la serviciul de urgen\u021b\u0103 112. Ministerul Ap\u0103r\u0103rii Na\u021bionale (MApN) din Rom\u00e2nia a anun\u021bat c\u0103 zona a fost imediat securizat\u0103 cu ajutorul [\u2026]<\/div>\n","protected":false},"author":1,"featured_media":68094,"comment_status":"closed","ping_status":"closed","sticky":false,"template":"","format":"standard","meta":{"jnews-multi-image_gallery":[],"jnews_single_post":[],"jnews_primary_category":[],"jnews_social_meta":[],"jnews_override_counter":[],"footnotes":""},"categories":[30],"tags":[],"class_list":["post-68093","post","type-post","status-publish","format-standard","has-post-thumbnail","hentry","category-social_ro"],"_links":{"self":[{"href":"https:\/\/orheifm.live\/index.php\/wp-json\/wp\/v2\/posts\/68093","targetHints":{"allow":["GET"]}}],"collection":[{"href":"https:\/\/orheifm.live\/index.php\/wp-json\/wp\/v2\/posts"}],"about":[{"href":"https:\/\/orheifm.live\/index.php\/wp-json\/wp\/v2\/types\/post"}],"author":[{"embeddable":true,"href":"https:\/\/orheifm.live\/index.php\/wp-json\/wp\/v2\/users\/1"}],"replies":[{"embeddable":true,"href":"https:\/\/orheifm.live\/index.php\/wp-json\/wp\/v2\/comments?post=68093"}],"version-history":[{"count":0,"href":"https:\/\/orheifm.live\/index.php\/wp-json\/wp\/v2\/posts\/68093\/revisions"}],"wp:featuredmedia":[{"embeddable":true,"href":"https:\/\/orheifm.live\/index.php\/wp-json\/wp\/v2\/media\/68094"}],"wp:attachment":[{"href":"https:\/\/orheifm.live\/index.php\/wp-json\/wp\/v2\/media?parent=68093"}],"wp:term":[{"taxonomy":"category","embeddable":true,"href":"https:\/\/orheifm.live\/index.php\/wp-json\/wp\/v2\/categories?post=68093"},{"taxonomy":"post_tag","embeddable":true,"href":"https:\/\/orheifm.live\/index.php\/wp-json\/wp\/v2\/tags?post=68093"}],"curies":[{"name":"wp","href":"https:\/\/api.w.org\/{rel}","templated":true}]}}