{"id":68091,"date":"2025-02-28T20:25:26","date_gmt":"2025-02-28T18:25:26","guid":{"rendered":"https:\/\/orheifm.live\/index.php\/2025\/02\/28\/donald-trump-spune-ca-a-vorbit-din-nou-cu-vladimir-putin-in-urma-cu-cateva-zile\/"},"modified":"2025-02-28T20:25:26","modified_gmt":"2025-02-28T18:25:26","slug":"donald-trump-spune-ca-a-vorbit-din-nou-cu-vladimir-putin-in-urma-cu-cateva-zile","status":"publish","type":"post","link":"https:\/\/orheifm.live\/index.php\/2025\/02\/28\/donald-trump-spune-ca-a-vorbit-din-nou-cu-vladimir-putin-in-urma-cu-cateva-zile\/","title":{"rendered":"Donald Trump spune c\u0103 a vorbit din nou cu Vladimir Putin \u00een urm\u0103 cu c\u00e2teva zile"},"content":{"rendered":"<div>\n<p><strong>Pre\u0219edintele Donald Trump a dezv\u0103luit, vineri, c\u0103 a vorbit cu Vladimir Putin \u201eacum c\u00e2teva zile\u201d, ad\u0103ug\u00e2nd c\u0103 el crede c\u0103 pre\u0219edintele Rusiei dore\u0219te s\u0103 ajung\u0103 la o \u00een\u021belegere cu privire la \u00eencheierea r\u0103zboiului din Ucraina, potrivit Sky News. Trump a f\u0103cut declara\u021bia \u00een timpul \u00eent\u00e2lnirii foarte tensionate din Biroul Oval cu Volodimir Zelenski. <\/strong><\/p>\n<p>Aceast\u0103 declara\u021bie vine \u00een contextul \u00een care rela\u021biile dintre SUA \u0219i Rusia par s\u0103 se \u00eembun\u0103t\u0103\u021beasc\u0103 dup\u0103 revenirea lui Trump la Casa Alb\u0103. \u00cen ultimele s\u0103pt\u0103m\u00e2ni a existat o convorbire telefonic\u0103 \u00eentre Trump \u0219i pre\u0219edintele Rusiei, precum \u0219i \u00eent\u00e2lniri \u00eentre oficialii americani \u0219i ru\u0219i \u00een Arabia Saudit\u0103 \u0219i Turcia.<\/p>\n<p>\u00cen Biroul Oval, Trump le-a spus reporterilor \u201eNu sunt aliniat cu Putin\u201d \u0219i a afirmat c\u0103 este aliniat cu SUA \u0219i cu binele lumii. Volodimir Zelenski a fost primit vineri la Casa Alb\u0103 \u0219i a avut o discu\u021bie foarte tensionat\u0103 cu Donald trump \u0219i JD Vance, vicepre\u0219edintele SUA.<\/p>\n<p>\u00cen timpul schimbului tensionat de replici dintre Volodimir Zelenski, Donald Trump \u0219i JD Vance, pre\u0219edintele ucrainean le-a transmis liderilor americani c\u0103 SUA nu simt direct consecin\u021bele r\u0103zboiului, dar este posibil ca acest lucru s\u0103 se schimbe \u00een viitor. Ca r\u0103spuns, Donald Trump a spus: \u201eNu ne spune nou\u0103 ce vom sim\u021bi. \u00cencerc\u0103m s\u0103 rezolv\u0103m o problem\u0103. Nu sunte\u021bi \u00een pozi\u021bia de a dicta acest lucru. Acum nu ave\u021bi nicio carte \u00een m\u00e2n\u0103, cu noi, ve\u021bi avea\u201d.<\/p>\n<p>Trump a mai spus c\u0103 Zelenski are \u201eur\u0103 extraordinar\u0103\u201d fa\u021b\u0103 de Putin, \u00eenainte de a ad\u0103uga: \u201eNici cealalt\u0103 parte\u201d nu este \u201eexact \u00eendr\u0103gostit\u201d de el. \u201eVrei s\u0103 fiu dur, pot fi mai dur dec\u00e2t orice fiin\u021b\u0103 uman\u0103 pe care ai v\u0103zut-o vreodat\u0103\u2026 dar nu vei ajunge niciodat\u0103 la o \u00een\u021belegere a\u0219a\u201d, a ad\u0103ugat Trump. Cei doi \u0219efi de stat s-a \u00eent\u00e2lnit pentru a semna un acord \u00eentre SUA \u0219i Ucraina privind resursele minerale ucrainene.<\/p>\n<p><a href=\"https:\/\/www.digi24.ro\/stiri\/externe\/donald-trump-spune-ca-a-vorbit-din-nou-cu-vladimir-putin-in-urma-cu-cateva-zile-3140285\">Digi24.ro<\/a><\/p>\n<\/div>\n","protected":false},"excerpt":{"rendered":"<div><img loading=\"lazy\" decoding=\"async\" width=\"696\" height=\"393\" src=\"https:\/\/canal5.md\/wp-content\/uploads\/2025\/02\/ymm4njfmzdlmmdjjmjm0yjc0nzlkogi2owy2otc0mq.thumb_-optimized.jpg\" class=\"attachment-large size-large wp-post-image\" alt=\"\" srcset=\"https:\/\/canal5.md\/wp-content\/uploads\/2025\/02\/ymm4njfmzdlmmdjjmjm0yjc0nzlkogi2owy2otc0mq.thumb_-optimized.jpg 780w, https:\/\/canal5.md\/wp-content\/uploads\/2025\/02\/ymm4njfmzdlmmdjjmjm0yjc0nzlkogi2owy2otc0mq.thumb_-300x169-optimized.jpg 300w, https:\/\/canal5.md\/wp-content\/uploads\/2025\/02\/ymm4njfmzdlmmdjjmjm0yjc0nzlkogi2owy2otc0mq.thumb_-768x433-optimized.jpg 768w, https:\/\/canal5.md\/wp-content\/uploads\/2025\/02\/ymm4njfmzdlmmdjjmjm0yjc0nzlkogi2owy2otc0mq.thumb_-696x393-optimized.jpg 696w\">Pre\u0219edintele Donald Trump a dezv\u0103luit, vineri, c\u0103 a vorbit cu Vladimir Putin \u201eacum c\u00e2teva zile\u201d, ad\u0103ug\u00e2nd c\u0103 el crede c\u0103 pre\u0219edintele Rusiei dore\u0219te s\u0103 ajung\u0103 la o \u00een\u021belegere cu privire la \u00eencheierea r\u0103zboiului din Ucraina, potrivit Sky News. Trump a f\u0103cut declara\u021bia \u00een timpul \u00eent\u00e2lnirii foarte tensionate din Biroul Oval cu Volodimir Zelenski. Aceast\u0103 declara\u021bie [\u2026]<\/div>\n","protected":false},"author":1,"featured_media":68092,"comment_status":"closed","ping_status":"closed","sticky":false,"template":"","format":"standard","meta":{"jnews-multi-image_gallery":[],"jnews_single_post":[],"jnews_primary_category":[],"jnews_social_meta":[],"jnews_override_counter":[],"footnotes":""},"categories":[29],"tags":[],"class_list":["post-68091","post","type-post","status-publish","format-standard","has-post-thumbnail","hentry","category-externe_ro"],"_links":{"self":[{"href":"https:\/\/orheifm.live\/index.php\/wp-json\/wp\/v2\/posts\/68091","targetHints":{"allow":["GET"]}}],"collection":[{"href":"https:\/\/orheifm.live\/index.php\/wp-json\/wp\/v2\/posts"}],"about":[{"href":"https:\/\/orheifm.live\/index.php\/wp-json\/wp\/v2\/types\/post"}],"author":[{"embeddable":true,"href":"https:\/\/orheifm.live\/index.php\/wp-json\/wp\/v2\/users\/1"}],"replies":[{"embeddable":true,"href":"https:\/\/orheifm.live\/index.php\/wp-json\/wp\/v2\/comments?post=68091"}],"version-history":[{"count":0,"href":"https:\/\/orheifm.live\/index.php\/wp-json\/wp\/v2\/posts\/68091\/revisions"}],"wp:featuredmedia":[{"embeddable":true,"href":"https:\/\/orheifm.live\/index.php\/wp-json\/wp\/v2\/media\/68092"}],"wp:attachment":[{"href":"https:\/\/orheifm.live\/index.php\/wp-json\/wp\/v2\/media?parent=68091"}],"wp:term":[{"taxonomy":"category","embeddable":true,"href":"https:\/\/orheifm.live\/index.php\/wp-json\/wp\/v2\/categories?post=68091"},{"taxonomy":"post_tag","embeddable":true,"href":"https:\/\/orheifm.live\/index.php\/wp-json\/wp\/v2\/tags?post=68091"}],"curies":[{"name":"wp","href":"https:\/\/api.w.org\/{rel}","templated":true}]}}