{"id":68089,"date":"2025-02-28T18:47:22","date_gmt":"2025-02-28T16:47:22","guid":{"rendered":"https:\/\/orheifm.live\/index.php\/2025\/02\/28\/femeie-cautata-pentru-trafic-de-droguri-retinuta-in-stare-de-ebrietate-la-balti\/"},"modified":"2025-02-28T18:47:22","modified_gmt":"2025-02-28T16:47:22","slug":"femeie-cautata-pentru-trafic-de-droguri-retinuta-in-stare-de-ebrietate-la-balti","status":"publish","type":"post","link":"https:\/\/orheifm.live\/index.php\/2025\/02\/28\/femeie-cautata-pentru-trafic-de-droguri-retinuta-in-stare-de-ebrietate-la-balti\/","title":{"rendered":"Femeie c\u0103utat\u0103 pentru trafic de droguri, re\u021binut\u0103 \u00een stare de ebrietate la B\u0103l\u021bi"},"content":{"rendered":"<div>\n<p data-start=\"88\" data-end=\"360\"><strong>O femeie de 28 de ani, c\u0103utat\u0103 pentru circula\u021bia ilegal\u0103 a drogurilor, a fost re\u021binut\u0103 de carabinieri pe peronul g\u0103rii auto din municipiul B\u0103l\u021bi. <\/strong><\/p>\n<p data-start=\"88\" data-end=\"360\">Potrivit Inspectoratului General de Carabinieri, aceasta se afla \u00een stare de ebrietate \u0219i manifesta un comportament suspect.<\/p>\n<p data-start=\"362\" data-end=\"621\" data-is-last-node=\"\" data-is-only-node=\"\">Dup\u0103 verific\u0103ri, s-a constatat c\u0103 femeia era c\u0103utat\u0103 conform art. 217, alin. (2) din Codul Penal al Republicii Moldova.<\/p>\n<p data-start=\"362\" data-end=\"621\" data-is-last-node=\"\" data-is-only-node=\"\">Carabinierii au \u00eentocmit un proces-verbal, iar suspecta a fost escortat\u0103 la Inspectoratul de Poli\u021bie B\u0103l\u021bi pentru continuarea cercet\u0103rilor.<\/p>\n<\/div>\n","protected":false},"excerpt":{"rendered":"<div><img loading=\"lazy\" decoding=\"async\" width=\"696\" height=\"392\" src=\"https:\/\/canal5.md\/wp-content\/uploads\/2025\/02\/cf46524fa66eaa33952b9cfa71a37c97611ae8848ec5cb57aa15803704212583-optimized.png\" class=\"attachment-large size-large wp-post-image\" alt=\"\" srcset=\"https:\/\/canal5.md\/wp-content\/uploads\/2025\/02\/cf46524fa66eaa33952b9cfa71a37c97611ae8848ec5cb57aa15803704212583-optimized.png 800w, https:\/\/canal5.md\/wp-content\/uploads\/2025\/02\/cf46524fa66eaa33952b9cfa71a37c97611ae8848ec5cb57aa15803704212583-300x169-optimized.png 300w, https:\/\/canal5.md\/wp-content\/uploads\/2025\/02\/cf46524fa66eaa33952b9cfa71a37c97611ae8848ec5cb57aa15803704212583-768x432-optimized.png 768w, https:\/\/canal5.md\/wp-content\/uploads\/2025\/02\/cf46524fa66eaa33952b9cfa71a37c97611ae8848ec5cb57aa15803704212583-696x392-optimized.png 696w\">O femeie de 28 de ani, c\u0103utat\u0103 pentru circula\u021bia ilegal\u0103 a drogurilor, a fost re\u021binut\u0103 de carabinieri pe peronul g\u0103rii auto din municipiul B\u0103l\u021bi. Potrivit Inspectoratului General de Carabinieri, aceasta se afla \u00een stare de ebrietate \u0219i manifesta un comportament suspect. Dup\u0103 verific\u0103ri, s-a constatat c\u0103 femeia era c\u0103utat\u0103 conform art. 217, alin. (2) din [\u2026]<\/div>\n","protected":false},"author":1,"featured_media":68090,"comment_status":"closed","ping_status":"closed","sticky":false,"template":"","format":"standard","meta":{"jnews-multi-image_gallery":[],"jnews_single_post":[],"jnews_primary_category":[],"jnews_social_meta":[],"jnews_override_counter":[],"footnotes":""},"categories":[30],"tags":[],"class_list":["post-68089","post","type-post","status-publish","format-standard","has-post-thumbnail","hentry","category-social_ro"],"_links":{"self":[{"href":"https:\/\/orheifm.live\/index.php\/wp-json\/wp\/v2\/posts\/68089","targetHints":{"allow":["GET"]}}],"collection":[{"href":"https:\/\/orheifm.live\/index.php\/wp-json\/wp\/v2\/posts"}],"about":[{"href":"https:\/\/orheifm.live\/index.php\/wp-json\/wp\/v2\/types\/post"}],"author":[{"embeddable":true,"href":"https:\/\/orheifm.live\/index.php\/wp-json\/wp\/v2\/users\/1"}],"replies":[{"embeddable":true,"href":"https:\/\/orheifm.live\/index.php\/wp-json\/wp\/v2\/comments?post=68089"}],"version-history":[{"count":0,"href":"https:\/\/orheifm.live\/index.php\/wp-json\/wp\/v2\/posts\/68089\/revisions"}],"wp:featuredmedia":[{"embeddable":true,"href":"https:\/\/orheifm.live\/index.php\/wp-json\/wp\/v2\/media\/68090"}],"wp:attachment":[{"href":"https:\/\/orheifm.live\/index.php\/wp-json\/wp\/v2\/media?parent=68089"}],"wp:term":[{"taxonomy":"category","embeddable":true,"href":"https:\/\/orheifm.live\/index.php\/wp-json\/wp\/v2\/categories?post=68089"},{"taxonomy":"post_tag","embeddable":true,"href":"https:\/\/orheifm.live\/index.php\/wp-json\/wp\/v2\/tags?post=68089"}],"curies":[{"name":"wp","href":"https:\/\/api.w.org\/{rel}","templated":true}]}}