{"id":68087,"date":"2025-02-28T18:44:26","date_gmt":"2025-02-28T16:44:26","guid":{"rendered":"https:\/\/orheifm.live\/index.php\/2025\/02\/28\/recomandari-pentru-siguranta-copiilor-in-vacanta-de-primavara\/"},"modified":"2025-02-28T18:44:26","modified_gmt":"2025-02-28T16:44:26","slug":"recomandari-pentru-siguranta-copiilor-in-vacanta-de-primavara","status":"publish","type":"post","link":"https:\/\/orheifm.live\/index.php\/2025\/02\/28\/recomandari-pentru-siguranta-copiilor-in-vacanta-de-primavara\/","title":{"rendered":"Recomand\u0103ri pentru siguran\u021ba copiilor \u00een vacan\u021ba de prim\u0103var\u0103"},"content":{"rendered":"<div>\n<p data-start=\"69\" data-end=\"358\"><strong>\u00cen perioada 3-9 martie 2025, elevii din \u00eentreaga \u021bar\u0103 se vor afla \u00een vacan\u021ba de prim\u0103var\u0103, iar poli\u021bia vine cu recomand\u0103ri pentru siguran\u021ba acestora. <\/strong><\/p>\n<p data-start=\"69\" data-end=\"358\">P\u0103rin\u021bii sunt \u00eendemna\u021bi s\u0103 supravegheze activit\u0103\u021bile copiilor, s\u0103 discute despre siguran\u021ba online \u0219i respectarea regulilor de circula\u021bie.<\/p>\n<p data-start=\"360\" data-end=\"655\" data-is-last-node=\"\" data-is-only-node=\"\">De asemenea, copiii sunt sf\u0103tui\u021bi s\u0103 fie aten\u021bi la traversarea str\u0103zilor, s\u0103 evite jocurile \u00een zonele cu trafic intens \u0219i s\u0103 nu interac\u021bioneze cu persoane necunoscute.<\/p>\n<p data-start=\"360\" data-end=\"655\" data-is-last-node=\"\" data-is-only-node=\"\">Autorit\u0103\u021bile subliniaz\u0103 importan\u021ba supravegherii \u0219i a comunic\u0103rii, pentru ca vacan\u021ba s\u0103 fie una sigur\u0103 \u0219i lipsit\u0103 de incidente.<\/p>\n<\/div>\n","protected":false},"excerpt":{"rendered":"<div><img loading=\"lazy\" decoding=\"async\" width=\"696\" height=\"458\" src=\"https:\/\/canal5.md\/wp-content\/uploads\/2025\/02\/800637-optimized.webp\" class=\"attachment-large size-large wp-post-image\" alt=\"\" srcset=\"https:\/\/canal5.md\/wp-content\/uploads\/2025\/02\/800637-optimized.webp 760w, https:\/\/canal5.md\/wp-content\/uploads\/2025\/02\/800637-300x197-optimized.webp 300w, https:\/\/canal5.md\/wp-content\/uploads\/2025\/02\/800637-696x458-optimized.webp 696w\">\u00cen perioada 3-9 martie 2025, elevii din \u00eentreaga \u021bar\u0103 se vor afla \u00een vacan\u021ba de prim\u0103var\u0103, iar poli\u021bia vine cu recomand\u0103ri pentru siguran\u021ba acestora. P\u0103rin\u021bii sunt \u00eendemna\u021bi s\u0103 supravegheze activit\u0103\u021bile copiilor, s\u0103 discute despre siguran\u021ba online \u0219i respectarea regulilor de circula\u021bie. De asemenea, copiii sunt sf\u0103tui\u021bi s\u0103 fie aten\u021bi la traversarea str\u0103zilor, s\u0103 evite jocurile [\u2026]<\/div>\n","protected":false},"author":1,"featured_media":68088,"comment_status":"closed","ping_status":"closed","sticky":false,"template":"","format":"standard","meta":{"jnews-multi-image_gallery":[],"jnews_single_post":[],"jnews_primary_category":[],"jnews_social_meta":[],"jnews_override_counter":[],"footnotes":""},"categories":[30],"tags":[],"class_list":["post-68087","post","type-post","status-publish","format-standard","has-post-thumbnail","hentry","category-social_ro"],"_links":{"self":[{"href":"https:\/\/orheifm.live\/index.php\/wp-json\/wp\/v2\/posts\/68087","targetHints":{"allow":["GET"]}}],"collection":[{"href":"https:\/\/orheifm.live\/index.php\/wp-json\/wp\/v2\/posts"}],"about":[{"href":"https:\/\/orheifm.live\/index.php\/wp-json\/wp\/v2\/types\/post"}],"author":[{"embeddable":true,"href":"https:\/\/orheifm.live\/index.php\/wp-json\/wp\/v2\/users\/1"}],"replies":[{"embeddable":true,"href":"https:\/\/orheifm.live\/index.php\/wp-json\/wp\/v2\/comments?post=68087"}],"version-history":[{"count":0,"href":"https:\/\/orheifm.live\/index.php\/wp-json\/wp\/v2\/posts\/68087\/revisions"}],"wp:featuredmedia":[{"embeddable":true,"href":"https:\/\/orheifm.live\/index.php\/wp-json\/wp\/v2\/media\/68088"}],"wp:attachment":[{"href":"https:\/\/orheifm.live\/index.php\/wp-json\/wp\/v2\/media?parent=68087"}],"wp:term":[{"taxonomy":"category","embeddable":true,"href":"https:\/\/orheifm.live\/index.php\/wp-json\/wp\/v2\/categories?post=68087"},{"taxonomy":"post_tag","embeddable":true,"href":"https:\/\/orheifm.live\/index.php\/wp-json\/wp\/v2\/tags?post=68087"}],"curies":[{"name":"wp","href":"https:\/\/api.w.org\/{rel}","templated":true}]}}