{"id":68085,"date":"2025-02-28T18:34:50","date_gmt":"2025-02-28T16:34:50","guid":{"rendered":"https:\/\/orheifm.live\/index.php\/2025\/02\/28\/calin-georgescu-a-contestat-masura-controlului-judiciar-cand-va-fi-judecata-cererea-fostului-candidat-la-presedintie\/"},"modified":"2025-02-28T18:34:50","modified_gmt":"2025-02-28T16:34:50","slug":"calin-georgescu-a-contestat-masura-controlului-judiciar-cand-va-fi-judecata-cererea-fostului-candidat-la-presedintie","status":"publish","type":"post","link":"https:\/\/orheifm.live\/index.php\/2025\/02\/28\/calin-georgescu-a-contestat-masura-controlului-judiciar-cand-va-fi-judecata-cererea-fostului-candidat-la-presedintie\/","title":{"rendered":"C\u0103lin Georgescu a contestat m\u0103sura controlului judiciar. C\u00e2nd va fi judecat\u0103 cererea fostului candidat la pre\u0219edin\u021bie"},"content":{"rendered":"<div>\n<p><strong>Fostul candidat la pre\u0219edin\u021bie C\u0103lin Georgescu a contestat, vineri, m\u0103sura controlului judiciar impus de instan\u021b\u0103, m\u0103sur\u0103 care \u00eei interzice, printre altele, s\u0103 p\u0103r\u0103seasc\u0103 \u0163ara f\u0103r\u0103 \u00eencuviin\u0163area autorit\u0103\u0163ilor judiciare. Potrivit informa\u021biilor Digi24, cererea sa va fi judecat\u0103 luni.\u00a0<\/strong><\/p>\n<p>C\u0103lin Georgescu a fost pus sub control judiciar de procurorii de la Parchetul General pe o perioad\u0103 de 60 de zile, el av\u00e2nd mai multe interdic\u0163ii, printre care s\u0103 p\u0103r\u0103seasc\u0103 \u0163ara f\u0103r\u0103 \u00eencuviin\u0163area autorit\u0103\u0163ilor judiciare, \u015fi nu are voie s\u0103 posteze pe re\u0163elele sociale con\u0163inut cu caracter legionar, fascist, antisemit, rasist sau xenofob.<\/p>\n<p>Acuza\u021biile care \u00eei sunt aduse lui C\u0103lin Georgescu: instigare la ac\u0163iuni \u00eempotriva ordinii constitu\u0163ionale, \u00een form\u0103 tentat\u0103; comunicarea de informa\u0163ii false; fals \u00een declara\u0163ii \u00een form\u0103 continuat\u0103; ini\u0163ierea sau constituirea unei organiza\u0163ii cu caracter fascist, rasist ori xenofob, aderarea sau sprijinirea, sub orice form\u0103, a unui astfel de grup; promovarea, \u00een public, a cultului persoanelor vinovate de s\u0103v\u00e2r\u015firea unor infrac\u0163iuni de genocid contra umanit\u0103\u0163ii \u015fi de crime de r\u0103zboi, precum \u015fi fapta de a promova, \u00een public, idei, concep\u0163ii sau doctrine fasciste, legionare, rasiste sau xenofobe; ini\u0163ierea sau constituirea unei organiza\u0163ii cu caracter antisemit, aderarea sau sprijinirea, sub orice form\u0103, a unei astfel de organiza\u0163ii.<\/p>\n<p>Fostul judec\u0103tor al CCR Tudorel Toader a afirmat despre acuza\u0163iile care i se aduc lui Georgescu c\u0103 sunt unele dintre cele mai grave infrac\u0163iuni, de natur\u0103 s\u0103 afecteze ordinea constitu\u0163ional\u0103, echilibrul puterilor \u00een stat, cu o pedeaps\u0103 mare, de p\u00e2n\u0103 la 25 de ani de \u00eenchisoare.<\/p>\n<p>\u00cen ce prive\u0219te acuza\u021bia de instigare la ac\u0163iune \u00eempotriva ordinii constitu\u0163ionale, fostul judec\u0103tor CCR a spus c\u0103 \u201eeste una dintre cele mai grave infrac\u0163iuni, o infrac\u0163iune, sigur, prev\u0103zut\u0103 \u00een Codul Penal, de natur\u0103 s\u0103 afecteze ordinea constitu\u0163ional\u0103, echilibrul puterilor \u00een stat.<\/p>\n<p>Sunt afectate valorile fundamentale, care \u00eenseamn\u0103 unitatea statului rom\u00e2n, integritatea statului rom\u00e2n, \u00eempiedic\u0103 puterile s\u0103-\u015fi exercite competen\u0163ele pe care le au, se urm\u0103re\u015fte chiar schimbarea ordinii constitu\u0163ionale, \u00eempiedicarea exercit\u0103rii competen\u0163elor puterilor \u00een stat\u201d.<\/p>\n<p>\u201ePrin aceast\u0103 infrac\u0163iune, care are o pedeaps\u0103 mare, p\u00e2n\u0103 la 20 de ani \u00eenchisoare, chiar 25 de ani, se creeaz\u0103 starea de pericol pentru ordinea constitu\u0163ional\u0103, pentru stabilitatea \u00een statul rom\u00e2n, pentru c\u0103 dac\u0103 ne uit\u0103m, este vorba \u015fi de o ac\u0163iune armat\u0103, care urm\u0103re\u015fte schimbarea ordinii constitu\u0163ionale, \u00eempiedicarea exercit\u0103rii puterilor \u00een stat\u201d, a ad\u0103ugat Tudorel Toader.<\/p>\n<p><a href=\"https:\/\/www.digi24.ro\/stiri\/calin-georgescu-a-contestat-masura-controlului-judiciar-3139719\">Digi24.ro<\/a><\/p>\n<\/div>\n","protected":false},"excerpt":{"rendered":"<div><img loading=\"lazy\" decoding=\"async\" width=\"696\" height=\"393\" src=\"https:\/\/canal5.md\/wp-content\/uploads\/2025\/02\/ndqwjmhhc2g9nti3ndniy2zlzjy3nzu5mdm1mwu5mjm1otyyzjvmnzy.thumb_-optimized.jpg\" class=\"attachment-large size-large wp-post-image\" alt=\"\" srcset=\"https:\/\/canal5.md\/wp-content\/uploads\/2025\/02\/ndqwjmhhc2g9nti3ndniy2zlzjy3nzu5mdm1mwu5mjm1otyyzjvmnzy.thumb_-optimized.jpg 780w, https:\/\/canal5.md\/wp-content\/uploads\/2025\/02\/ndqwjmhhc2g9nti3ndniy2zlzjy3nzu5mdm1mwu5mjm1otyyzjvmnzy.thumb_-300x169-optimized.jpg 300w, https:\/\/canal5.md\/wp-content\/uploads\/2025\/02\/ndqwjmhhc2g9nti3ndniy2zlzjy3nzu5mdm1mwu5mjm1otyyzjvmnzy.thumb_-768x433-optimized.jpg 768w, https:\/\/canal5.md\/wp-content\/uploads\/2025\/02\/ndqwjmhhc2g9nti3ndniy2zlzjy3nzu5mdm1mwu5mjm1otyyzjvmnzy.thumb_-696x393-optimized.jpg 696w\">Fostul candidat la pre\u0219edin\u021bie C\u0103lin Georgescu a contestat, vineri, m\u0103sura controlului judiciar impus de instan\u021b\u0103, m\u0103sur\u0103 care \u00eei interzice, printre altele, s\u0103 p\u0103r\u0103seasc\u0103 \u0163ara f\u0103r\u0103 \u00eencuviin\u0163area autorit\u0103\u0163ilor judiciare. Potrivit informa\u021biilor Digi24, cererea sa va fi judecat\u0103 luni.\u00a0 C\u0103lin Georgescu a fost pus sub control judiciar de procurorii de la Parchetul General pe o perioad\u0103 de [\u2026]<\/div>\n","protected":false},"author":1,"featured_media":68086,"comment_status":"closed","ping_status":"closed","sticky":false,"template":"","format":"standard","meta":{"jnews-multi-image_gallery":[],"jnews_single_post":[],"jnews_primary_category":[],"jnews_social_meta":[],"jnews_override_counter":[],"footnotes":""},"categories":[29],"tags":[],"class_list":["post-68085","post","type-post","status-publish","format-standard","has-post-thumbnail","hentry","category-externe_ro"],"_links":{"self":[{"href":"https:\/\/orheifm.live\/index.php\/wp-json\/wp\/v2\/posts\/68085","targetHints":{"allow":["GET"]}}],"collection":[{"href":"https:\/\/orheifm.live\/index.php\/wp-json\/wp\/v2\/posts"}],"about":[{"href":"https:\/\/orheifm.live\/index.php\/wp-json\/wp\/v2\/types\/post"}],"author":[{"embeddable":true,"href":"https:\/\/orheifm.live\/index.php\/wp-json\/wp\/v2\/users\/1"}],"replies":[{"embeddable":true,"href":"https:\/\/orheifm.live\/index.php\/wp-json\/wp\/v2\/comments?post=68085"}],"version-history":[{"count":0,"href":"https:\/\/orheifm.live\/index.php\/wp-json\/wp\/v2\/posts\/68085\/revisions"}],"wp:featuredmedia":[{"embeddable":true,"href":"https:\/\/orheifm.live\/index.php\/wp-json\/wp\/v2\/media\/68086"}],"wp:attachment":[{"href":"https:\/\/orheifm.live\/index.php\/wp-json\/wp\/v2\/media?parent=68085"}],"wp:term":[{"taxonomy":"category","embeddable":true,"href":"https:\/\/orheifm.live\/index.php\/wp-json\/wp\/v2\/categories?post=68085"},{"taxonomy":"post_tag","embeddable":true,"href":"https:\/\/orheifm.live\/index.php\/wp-json\/wp\/v2\/tags?post=68085"}],"curies":[{"name":"wp","href":"https:\/\/api.w.org\/{rel}","templated":true}]}}