{"id":68075,"date":"2025-02-28T14:54:03","date_gmt":"2025-02-28T12:54:03","guid":{"rendered":"https:\/\/orheifm.live\/index.php\/2025\/02\/28\/impact-puternic-pe-traseul-chisinau-ungheni-un-sofer-si-a-pierdut-viata\/"},"modified":"2025-02-28T14:54:03","modified_gmt":"2025-02-28T12:54:03","slug":"impact-puternic-pe-traseul-chisinau-ungheni-un-sofer-si-a-pierdut-viata","status":"publish","type":"post","link":"https:\/\/orheifm.live\/index.php\/2025\/02\/28\/impact-puternic-pe-traseul-chisinau-ungheni-un-sofer-si-a-pierdut-viata\/","title":{"rendered":"Impact puternic pe traseul Chi\u0219in\u0103u-Ungheni. Un \u0219ofer \u0219i-a pierdut via\u021ba"},"content":{"rendered":"<div>\n<p><strong>O persoan\u0103 de 68 de ani a decedat, dup\u0103 ce ma\u0219ina \u00een care se afla a fost implicat\u0103 ast\u0103zi, 28 februarie, \u00eentr-un accident rutier. Tragedia s-a produs pe traseul Chi\u0219in\u0103u-Ungheni.<\/strong><\/p>\n<p>\u201ePreliminar, poli\u021bi\u0219tii au stabilit c\u0103 ast\u0103zi, pe traseul Chi\u0219in\u0103u \u2013 Ungheni, un Mitsubishi condus de un b\u0103rbat de 68 ani, ar fi ie\u0219it pe banda de deplasare din sens opus, tampon\u00e2ndu-se frontal cu un autocamion, la volanul c\u0103ruia se afla un b\u0103rbat de 65 ani. \u00cen urma impactului, \u0219oferul din Mitsubishi a fost transportat la spital, unde \u00een scurt timp a decedat\u201d, transmite Poli\u021bia Na\u021bional\u0103.<\/p>\n<p>\u0218oferul autocamionului nu se afla sub influen\u021ba b\u0103uturilor alcoolice. Oamenii legii au ini\u021biat pe acest caz un proces penal pentru stabilirea tuturor circumstan\u021belor.<\/p>\n<p><a href=\"https:\/\/realitatea.md\/foto-impact-puternic-pe-traseul-chisinau-ungheni-un-sofer-si-a-pierdut-viata\/\" target=\"_blank\" rel=\"noopener\">realitatea.md<\/a><\/p>\n<\/div>\n","protected":false},"excerpt":{"rendered":"<div><img loading=\"lazy\" decoding=\"async\" width=\"696\" height=\"398\" src=\"https:\/\/canal5.md\/wp-content\/uploads\/2025\/02\/1-146-optimized.jpg\" class=\"attachment-large size-large wp-post-image\" alt=\"\" srcset=\"https:\/\/canal5.md\/wp-content\/uploads\/2025\/02\/1-146-optimized.jpg 923w, https:\/\/canal5.md\/wp-content\/uploads\/2025\/02\/1-146-300x172-optimized.jpg 300w, https:\/\/canal5.md\/wp-content\/uploads\/2025\/02\/1-146-768x439-optimized.jpg 768w, https:\/\/canal5.md\/wp-content\/uploads\/2025\/02\/1-146-696x398-optimized.jpg 696w\">O persoan\u0103 de 68 de ani a decedat, dup\u0103 ce ma\u0219ina \u00een care se afla a fost implicat\u0103 ast\u0103zi, 28 februarie, \u00eentr-un accident rutier. Tragedia s-a produs pe traseul Chi\u0219in\u0103u-Ungheni. \u201ePreliminar, poli\u021bi\u0219tii au stabilit c\u0103 ast\u0103zi, pe traseul Chi\u0219in\u0103u \u2013 Ungheni, un Mitsubishi condus de un b\u0103rbat de 68 ani, ar fi ie\u0219it pe banda [\u2026]<\/div>\n","protected":false},"author":1,"featured_media":68076,"comment_status":"closed","ping_status":"closed","sticky":false,"template":"","format":"standard","meta":{"jnews-multi-image_gallery":[],"jnews_single_post":[],"jnews_primary_category":[],"jnews_social_meta":[],"jnews_override_counter":[],"footnotes":""},"categories":[30],"tags":[],"class_list":["post-68075","post","type-post","status-publish","format-standard","has-post-thumbnail","hentry","category-social_ro"],"_links":{"self":[{"href":"https:\/\/orheifm.live\/index.php\/wp-json\/wp\/v2\/posts\/68075","targetHints":{"allow":["GET"]}}],"collection":[{"href":"https:\/\/orheifm.live\/index.php\/wp-json\/wp\/v2\/posts"}],"about":[{"href":"https:\/\/orheifm.live\/index.php\/wp-json\/wp\/v2\/types\/post"}],"author":[{"embeddable":true,"href":"https:\/\/orheifm.live\/index.php\/wp-json\/wp\/v2\/users\/1"}],"replies":[{"embeddable":true,"href":"https:\/\/orheifm.live\/index.php\/wp-json\/wp\/v2\/comments?post=68075"}],"version-history":[{"count":0,"href":"https:\/\/orheifm.live\/index.php\/wp-json\/wp\/v2\/posts\/68075\/revisions"}],"wp:featuredmedia":[{"embeddable":true,"href":"https:\/\/orheifm.live\/index.php\/wp-json\/wp\/v2\/media\/68076"}],"wp:attachment":[{"href":"https:\/\/orheifm.live\/index.php\/wp-json\/wp\/v2\/media?parent=68075"}],"wp:term":[{"taxonomy":"category","embeddable":true,"href":"https:\/\/orheifm.live\/index.php\/wp-json\/wp\/v2\/categories?post=68075"},{"taxonomy":"post_tag","embeddable":true,"href":"https:\/\/orheifm.live\/index.php\/wp-json\/wp\/v2\/tags?post=68075"}],"curies":[{"name":"wp","href":"https:\/\/api.w.org\/{rel}","templated":true}]}}