{"id":68073,"date":"2025-02-28T13:20:49","date_gmt":"2025-02-28T11:20:49","guid":{"rendered":"https:\/\/orheifm.live\/index.php\/2025\/02\/28\/un-sofer-din-capitala-pierde-controlul-volanului-si-provoaca-un-accident\/"},"modified":"2025-02-28T13:20:49","modified_gmt":"2025-02-28T11:20:49","slug":"un-sofer-din-capitala-pierde-controlul-volanului-si-provoaca-un-accident","status":"publish","type":"post","link":"https:\/\/orheifm.live\/index.php\/2025\/02\/28\/un-sofer-din-capitala-pierde-controlul-volanului-si-provoaca-un-accident\/","title":{"rendered":"Un \u0219ofer din Capital\u0103 pierde controlul volanului \u0219i provoac\u0103 un accident"},"content":{"rendered":"<div>\n<p><strong>Un \u0219ofer \u00eencep\u0103tor din Capital\u0103 a avut ghinion \u00een aceast\u0103 dup\u0103-amiaz\u0103, pierz\u00e2nd controlul volanului \u0219i provoc\u00e2nd un accident.<\/strong><\/p>\n<p>Acesta a dobor\u00e2t un pilon din plastic \u0219i un indicator stradal pe strada Constantin T\u0103nase, la intersec\u021bia cu strada Eugen Doga, \u00een jurul orei 16:25.<\/p>\n<p>La fa\u021ba locului a intervenit rapid poli\u021bia. Cristina Talp\u0103, ofi\u021berul de pres\u0103 al Poli\u021biei Capitalei, a declarat c\u0103, din fericire, nicio persoan\u0103 nu a fost r\u0103nit\u0103 \u00een urma impactului. Alte detalii sunt \u00een curs de clarificare.<\/p>\n<\/div>\n","protected":false},"excerpt":{"rendered":"<div><img loading=\"lazy\" decoding=\"async\" width=\"696\" height=\"391\" src=\"https:\/\/canal5.md\/wp-content\/uploads\/2025\/02\/accident-politia-chisinau-900x505-1-optimized.jpg\" class=\"attachment-large size-large wp-post-image\" alt=\"\" srcset=\"https:\/\/canal5.md\/wp-content\/uploads\/2025\/02\/accident-politia-chisinau-900x505-1-optimized.jpg 900w, https:\/\/canal5.md\/wp-content\/uploads\/2025\/02\/accident-politia-chisinau-900x505-1-300x168-optimized.jpg 300w, https:\/\/canal5.md\/wp-content\/uploads\/2025\/02\/accident-politia-chisinau-900x505-1-768x431-optimized.jpg 768w, https:\/\/canal5.md\/wp-content\/uploads\/2025\/02\/accident-politia-chisinau-900x505-1-696x391-optimized.jpg 696w\">Un \u0219ofer \u00eencep\u0103tor din Capital\u0103 a avut ghinion \u00een aceast\u0103 dup\u0103-amiaz\u0103, pierz\u00e2nd controlul volanului \u0219i provoc\u00e2nd un accident. Acesta a dobor\u00e2t un pilon din plastic \u0219i un indicator stradal pe strada Constantin T\u0103nase, la intersec\u021bia cu strada Eugen Doga, \u00een jurul orei 16:25. La fa\u021ba locului a intervenit rapid poli\u021bia. Cristina Talp\u0103, ofi\u021berul de pres\u0103 [\u2026]<\/div>\n","protected":false},"author":1,"featured_media":68074,"comment_status":"closed","ping_status":"closed","sticky":false,"template":"","format":"standard","meta":{"jnews-multi-image_gallery":[],"jnews_single_post":[],"jnews_primary_category":[],"jnews_social_meta":[],"jnews_override_counter":[],"footnotes":""},"categories":[30],"tags":[],"class_list":["post-68073","post","type-post","status-publish","format-standard","has-post-thumbnail","hentry","category-social_ro"],"_links":{"self":[{"href":"https:\/\/orheifm.live\/index.php\/wp-json\/wp\/v2\/posts\/68073","targetHints":{"allow":["GET"]}}],"collection":[{"href":"https:\/\/orheifm.live\/index.php\/wp-json\/wp\/v2\/posts"}],"about":[{"href":"https:\/\/orheifm.live\/index.php\/wp-json\/wp\/v2\/types\/post"}],"author":[{"embeddable":true,"href":"https:\/\/orheifm.live\/index.php\/wp-json\/wp\/v2\/users\/1"}],"replies":[{"embeddable":true,"href":"https:\/\/orheifm.live\/index.php\/wp-json\/wp\/v2\/comments?post=68073"}],"version-history":[{"count":0,"href":"https:\/\/orheifm.live\/index.php\/wp-json\/wp\/v2\/posts\/68073\/revisions"}],"wp:featuredmedia":[{"embeddable":true,"href":"https:\/\/orheifm.live\/index.php\/wp-json\/wp\/v2\/media\/68074"}],"wp:attachment":[{"href":"https:\/\/orheifm.live\/index.php\/wp-json\/wp\/v2\/media?parent=68073"}],"wp:term":[{"taxonomy":"category","embeddable":true,"href":"https:\/\/orheifm.live\/index.php\/wp-json\/wp\/v2\/categories?post=68073"},{"taxonomy":"post_tag","embeddable":true,"href":"https:\/\/orheifm.live\/index.php\/wp-json\/wp\/v2\/tags?post=68073"}],"curies":[{"name":"wp","href":"https:\/\/api.w.org\/{rel}","templated":true}]}}