{"id":68071,"date":"2025-02-28T12:40:53","date_gmt":"2025-02-28T10:40:53","guid":{"rendered":"https:\/\/orheifm.live\/index.php\/2025\/02\/28\/un-barbat-beat-a-atacat-politistii-cu-un-cutit-fiind-retinut-in-nisporeni\/"},"modified":"2025-02-28T12:40:53","modified_gmt":"2025-02-28T10:40:53","slug":"un-barbat-beat-a-atacat-politistii-cu-un-cutit-fiind-retinut-in-nisporeni","status":"publish","type":"post","link":"https:\/\/orheifm.live\/index.php\/2025\/02\/28\/un-barbat-beat-a-atacat-politistii-cu-un-cutit-fiind-retinut-in-nisporeni\/","title":{"rendered":"Un b\u0103rbat beat a atacat poli\u021bi\u0219tii cu un cu\u021bit, fiind re\u021binut \u00een Nisporeni"},"content":{"rendered":"<div>\n<p><strong>Un b\u0103rbat a fost re\u021binut dup\u0103 ce a atacat cu un cu\u021bit poli\u021bi\u0219tii care \u00eel escortau. Incidentul a avut loc pe 27 februarie, \u00een jurul amiezii, pe strada Bogdan Petriceicu Ha\u0219deu din ora\u0219ul Nisporeni.<\/strong><\/p>\n<p>Individul, aflat sub influen\u021ba alcoolului, era escortat la Sectorul de Poli\u021bie Nr.1 al IP Nisporeni, pentru a fi documentat pentru \u00eenc\u0103lcarea unui ordin de restric\u021bie.<\/p>\n<p>\u00cen drum spre sec\u021bie, acesta a devenit agresiv, a scos un cu\u021bit \u0219i a \u00eencercat s\u0103 loveasc\u0103 poli\u021bi\u0219tii. Ace\u0219tia au reac\u021bionat rapid, l-au imobilizat \u0219i \u00eenc\u0103tu\u0219at, iar b\u0103rbatul a fost re\u021binut pentru 72 de ore.<\/p>\n<\/div>\n","protected":false},"excerpt":{"rendered":"<div><img loading=\"lazy\" decoding=\"async\" width=\"696\" height=\"392\" src=\"https:\/\/canal5.md\/wp-content\/uploads\/2025\/02\/be831d6c955a510f56db4a31d6fc9258c5da8797d6770ef1405681a6ea15a63f-1024x576-optimized.jpg\" class=\"attachment-large size-large wp-post-image\" alt=\"\" srcset=\"https:\/\/canal5.md\/wp-content\/uploads\/2025\/02\/be831d6c955a510f56db4a31d6fc9258c5da8797d6770ef1405681a6ea15a63f-1024x576-optimized.jpg 1024w, https:\/\/canal5.md\/wp-content\/uploads\/2025\/02\/be831d6c955a510f56db4a31d6fc9258c5da8797d6770ef1405681a6ea15a63f-300x169-optimized.jpg 300w, https:\/\/canal5.md\/wp-content\/uploads\/2025\/02\/be831d6c955a510f56db4a31d6fc9258c5da8797d6770ef1405681a6ea15a63f-768x432-optimized.jpg 768w, https:\/\/canal5.md\/wp-content\/uploads\/2025\/02\/be831d6c955a510f56db4a31d6fc9258c5da8797d6770ef1405681a6ea15a63f-696x392-optimized.jpg 696w, https:\/\/canal5.md\/wp-content\/uploads\/2025\/02\/be831d6c955a510f56db4a31d6fc9258c5da8797d6770ef1405681a6ea15a63f-1068x601-optimized.jpg 1068w, https:\/\/canal5.md\/wp-content\/uploads\/2025\/02\/be831d6c955a510f56db4a31d6fc9258c5da8797d6770ef1405681a6ea15a63f-optimized.jpg 1200w\">Un b\u0103rbat a fost re\u021binut dup\u0103 ce a atacat cu un cu\u021bit poli\u021bi\u0219tii care \u00eel escortau. Incidentul a avut loc pe 27 februarie, \u00een jurul amiezii, pe strada Bogdan Petriceicu Ha\u0219deu din ora\u0219ul Nisporeni. Individul, aflat sub influen\u021ba alcoolului, era escortat la Sectorul de Poli\u021bie Nr.1 al IP Nisporeni, pentru a fi documentat pentru \u00eenc\u0103lcarea [\u2026]<\/div>\n","protected":false},"author":1,"featured_media":68072,"comment_status":"closed","ping_status":"closed","sticky":false,"template":"","format":"standard","meta":{"jnews-multi-image_gallery":[],"jnews_single_post":[],"jnews_primary_category":[],"jnews_social_meta":[],"jnews_override_counter":[],"footnotes":""},"categories":[30],"tags":[],"class_list":["post-68071","post","type-post","status-publish","format-standard","has-post-thumbnail","hentry","category-social_ro"],"_links":{"self":[{"href":"https:\/\/orheifm.live\/index.php\/wp-json\/wp\/v2\/posts\/68071","targetHints":{"allow":["GET"]}}],"collection":[{"href":"https:\/\/orheifm.live\/index.php\/wp-json\/wp\/v2\/posts"}],"about":[{"href":"https:\/\/orheifm.live\/index.php\/wp-json\/wp\/v2\/types\/post"}],"author":[{"embeddable":true,"href":"https:\/\/orheifm.live\/index.php\/wp-json\/wp\/v2\/users\/1"}],"replies":[{"embeddable":true,"href":"https:\/\/orheifm.live\/index.php\/wp-json\/wp\/v2\/comments?post=68071"}],"version-history":[{"count":0,"href":"https:\/\/orheifm.live\/index.php\/wp-json\/wp\/v2\/posts\/68071\/revisions"}],"wp:featuredmedia":[{"embeddable":true,"href":"https:\/\/orheifm.live\/index.php\/wp-json\/wp\/v2\/media\/68072"}],"wp:attachment":[{"href":"https:\/\/orheifm.live\/index.php\/wp-json\/wp\/v2\/media?parent=68071"}],"wp:term":[{"taxonomy":"category","embeddable":true,"href":"https:\/\/orheifm.live\/index.php\/wp-json\/wp\/v2\/categories?post=68071"},{"taxonomy":"post_tag","embeddable":true,"href":"https:\/\/orheifm.live\/index.php\/wp-json\/wp\/v2\/tags?post=68071"}],"curies":[{"name":"wp","href":"https:\/\/api.w.org\/{rel}","templated":true}]}}