{"id":68069,"date":"2025-02-28T12:20:28","date_gmt":"2025-02-28T10:20:28","guid":{"rendered":"https:\/\/orheifm.live\/index.php\/2025\/02\/28\/primar-din-raionul-anenii-noi-condamnat-pentru-frauda-si-abuz-in-serviciu\/"},"modified":"2025-02-28T12:20:28","modified_gmt":"2025-02-28T10:20:28","slug":"primar-din-raionul-anenii-noi-condamnat-pentru-frauda-si-abuz-in-serviciu","status":"publish","type":"post","link":"https:\/\/orheifm.live\/index.php\/2025\/02\/28\/primar-din-raionul-anenii-noi-condamnat-pentru-frauda-si-abuz-in-serviciu\/","title":{"rendered":"Primar din raionul Anenii Noi, condamnat pentru fraud\u0103 \u0219i abuz \u00een serviciu"},"content":{"rendered":"<div>\n<p><strong>Primarul unei comune din raionul Anenii Noi a fost condamnat pentru dou\u0103 infrac\u021biuni de dep\u0103\u0219ire a atribu\u021biilor de serviciu \u0219i va pl\u0103ti prejudicii de peste 800.000 de lei. Sentin\u021ba a fost pronun\u021bat\u0103 de Judec\u0103toria C\u0103u\u0219eni, Sediul Tighina.<\/strong><\/p>\n<p>\u00cen primul caz, primarul a fost g\u0103sit vinovat pentru abuz de putere \u00een 2019, c\u00e2nd a dispus demolarea unui depozit apar\u021bin\u00e2nd unei persoane fizice \u0219i a \u00eenstr\u0103inat materialele de construc\u021bie la un pre\u021b foarte mic, folosind o parte din banii ob\u021binu\u021bi. Pentru aceast\u0103 fapt\u0103, primarul a primit o pedeaps\u0103 de 5 ani de \u00eenchisoare, cu suspendarea execut\u0103rii pedepsei condi\u021bionat \u0219i un termen de proba\u021biune de 3 ani. \u00cen plus, i s-au confiscat banii ob\u021binu\u021bi ilegal, \u00een sum\u0103 de 200 USD \u0219i 8.455 lei.<\/p>\n<p>\u00cen al doilea caz, \u00een care a ac\u021bionat \u00een 2012, primarul a \u00eenstr\u0103inat bunuri imobile care apar\u021bineau unei persoane juridice, cauz\u00e2nd un prejudiciu de 821.399 lei. Instan\u021ba a constatat vinov\u0103\u021bia, dar a aplicat prescrip\u021bia r\u0103spunderii penale, eliber\u00e2ndu-l de r\u0103spundere penal\u0103. Totodat\u0103, instan\u021ba a dispus ca primarul \u0219i Prim\u0103ria s\u0103 achite solidar prejudiciul de 821.399 lei.<\/p>\n<\/div>\n","protected":false},"excerpt":{"rendered":"<div><img loading=\"lazy\" decoding=\"async\" width=\"696\" height=\"392\" src=\"https:\/\/canal5.md\/wp-content\/uploads\/2025\/02\/5c77c1b448e16c1446fca76cf67a1740b1ca2da9db706157ab6eb62c3359b72a-1024x576-optimized.jpg\" class=\"attachment-large size-large wp-post-image\" alt=\"\" srcset=\"https:\/\/canal5.md\/wp-content\/uploads\/2025\/02\/5c77c1b448e16c1446fca76cf67a1740b1ca2da9db706157ab6eb62c3359b72a-1024x576-optimized.jpg 1024w, https:\/\/canal5.md\/wp-content\/uploads\/2025\/02\/5c77c1b448e16c1446fca76cf67a1740b1ca2da9db706157ab6eb62c3359b72a-300x169-optimized.jpg 300w, https:\/\/canal5.md\/wp-content\/uploads\/2025\/02\/5c77c1b448e16c1446fca76cf67a1740b1ca2da9db706157ab6eb62c3359b72a-768x432-optimized.jpg 768w, https:\/\/canal5.md\/wp-content\/uploads\/2025\/02\/5c77c1b448e16c1446fca76cf67a1740b1ca2da9db706157ab6eb62c3359b72a-696x392-optimized.jpg 696w, https:\/\/canal5.md\/wp-content\/uploads\/2025\/02\/5c77c1b448e16c1446fca76cf67a1740b1ca2da9db706157ab6eb62c3359b72a-1068x601-optimized.jpg 1068w, https:\/\/canal5.md\/wp-content\/uploads\/2025\/02\/5c77c1b448e16c1446fca76cf67a1740b1ca2da9db706157ab6eb62c3359b72a-optimized.jpg 1200w\">Primarul unei comune din raionul Anenii Noi a fost condamnat pentru dou\u0103 infrac\u021biuni de dep\u0103\u0219ire a atribu\u021biilor de serviciu \u0219i va pl\u0103ti prejudicii de peste 800.000 de lei. Sentin\u021ba a fost pronun\u021bat\u0103 de Judec\u0103toria C\u0103u\u0219eni, Sediul Tighina. \u00cen primul caz, primarul a fost g\u0103sit vinovat pentru abuz de putere \u00een 2019, c\u00e2nd a dispus demolarea [\u2026]<\/div>\n","protected":false},"author":1,"featured_media":68070,"comment_status":"closed","ping_status":"closed","sticky":false,"template":"","format":"standard","meta":{"jnews-multi-image_gallery":[],"jnews_single_post":[],"jnews_primary_category":[],"jnews_social_meta":[],"jnews_override_counter":[],"footnotes":""},"categories":[30],"tags":[],"class_list":["post-68069","post","type-post","status-publish","format-standard","has-post-thumbnail","hentry","category-social_ro"],"_links":{"self":[{"href":"https:\/\/orheifm.live\/index.php\/wp-json\/wp\/v2\/posts\/68069","targetHints":{"allow":["GET"]}}],"collection":[{"href":"https:\/\/orheifm.live\/index.php\/wp-json\/wp\/v2\/posts"}],"about":[{"href":"https:\/\/orheifm.live\/index.php\/wp-json\/wp\/v2\/types\/post"}],"author":[{"embeddable":true,"href":"https:\/\/orheifm.live\/index.php\/wp-json\/wp\/v2\/users\/1"}],"replies":[{"embeddable":true,"href":"https:\/\/orheifm.live\/index.php\/wp-json\/wp\/v2\/comments?post=68069"}],"version-history":[{"count":0,"href":"https:\/\/orheifm.live\/index.php\/wp-json\/wp\/v2\/posts\/68069\/revisions"}],"wp:featuredmedia":[{"embeddable":true,"href":"https:\/\/orheifm.live\/index.php\/wp-json\/wp\/v2\/media\/68070"}],"wp:attachment":[{"href":"https:\/\/orheifm.live\/index.php\/wp-json\/wp\/v2\/media?parent=68069"}],"wp:term":[{"taxonomy":"category","embeddable":true,"href":"https:\/\/orheifm.live\/index.php\/wp-json\/wp\/v2\/categories?post=68069"},{"taxonomy":"post_tag","embeddable":true,"href":"https:\/\/orheifm.live\/index.php\/wp-json\/wp\/v2\/tags?post=68069"}],"curies":[{"name":"wp","href":"https:\/\/api.w.org\/{rel}","templated":true}]}}