{"id":68061,"date":"2025-02-28T09:20:52","date_gmt":"2025-02-28T07:20:52","guid":{"rendered":"https:\/\/orheifm.live\/index.php\/2025\/02\/28\/vremea-in-moldova-prognoza-pentru-urmatoarele-zile\/"},"modified":"2025-02-28T09:20:52","modified_gmt":"2025-02-28T07:20:52","slug":"vremea-in-moldova-prognoza-pentru-urmatoarele-zile","status":"publish","type":"post","link":"https:\/\/orheifm.live\/index.php\/2025\/02\/28\/vremea-in-moldova-prognoza-pentru-urmatoarele-zile\/","title":{"rendered":"Vremea \u00een Moldova: Prognoza pentru urm\u0103toarele zile"},"content":{"rendered":"<div>\n<p><strong>Serviciul Hidrometeorologic de Stat informeaz\u0103 c\u0103 ast\u0103zi, vremea \u00een Moldova va fi predominant \u00eenchis\u0103, f\u0103r\u0103 precipita\u021bii semnificative. Temperaturile vor r\u0103m\u00e2ne moderate pentru aceast\u0103 perioad\u0103 a anului.<\/strong><\/p>\n<p>\u00cen Chi\u0219in\u0103u, se vor \u00eenregistra valori \u00eentre 1.2\u00b0C \u0219i 6.5\u00b0C pe parcursul zilei. Cerul va fi acoperit p\u00e2n\u0103 seara, c\u00e2nd vor ap\u0103rea intervale cu nori par\u021bial disipa\u021bi. Probabilitatea de precipita\u021bii este extrem de sc\u0103zut\u0103. Soarele va r\u0103s\u0103ri la 06:45 \u0219i va apune la 17:48, oferind mai mult de 11 ore de lumin\u0103 natural\u0103.<\/p>\n<p>M\u00e2ine, vremea se va schimba semnificativ, fiind prognozate precipita\u021bii sub form\u0103 de ninsoare u\u0219oar\u0103, ce vor dura aproximativ 16 ore. Temperaturile vor varia \u00eentre 0.3\u00b0C \u0219i 4.4\u00b0C, mai sc\u0103zute comparativ cu ast\u0103zi. Probabilitatea de precipita\u021bii va ajunge la 90%, iar ziua va fi mohor\u00e2t\u0103 \u0219i umed\u0103.<\/p>\n<p>Poim\u00e2ine, condi\u021biile meteo instabile vor continua, cu ninsori sporadice sub form\u0103 de gr\u00e2u de z\u0103pad\u0103, ce vor dura aproximativ 8 ore. Temperaturile vor oscila \u00eentre 0.7\u00b0C \u0219i 5.4\u00b0C, fiind u\u0219or mai ridicate dec\u00e2t cele prognozate pentru m\u00e2ine. Probabilitatea de precipita\u021bii va fi de 28%, indic\u00e2nd posibilitatea unor intervale f\u0103r\u0103 ninsoare intens\u0103.<\/p>\n<\/div>\n","protected":false},"excerpt":{"rendered":"<div><img loading=\"lazy\" decoding=\"async\" width=\"300\" height=\"168\" src=\"https:\/\/canal5.md\/wp-content\/uploads\/2025\/02\/images-7-1-optimized.jpg\" class=\"attachment-large size-large wp-post-image\" alt=\"\">Serviciul Hidrometeorologic de Stat informeaz\u0103 c\u0103 ast\u0103zi, vremea \u00een Moldova va fi predominant \u00eenchis\u0103, f\u0103r\u0103 precipita\u021bii semnificative. Temperaturile vor r\u0103m\u00e2ne moderate pentru aceast\u0103 perioad\u0103 a anului. \u00cen Chi\u0219in\u0103u, se vor \u00eenregistra valori \u00eentre 1.2\u00b0C \u0219i 6.5\u00b0C pe parcursul zilei. Cerul va fi acoperit p\u00e2n\u0103 seara, c\u00e2nd vor ap\u0103rea intervale cu nori par\u021bial disipa\u021bi. Probabilitatea de [\u2026]<\/div>\n","protected":false},"author":1,"featured_media":68062,"comment_status":"closed","ping_status":"closed","sticky":false,"template":"","format":"standard","meta":{"jnews-multi-image_gallery":[],"jnews_single_post":[],"jnews_primary_category":[],"jnews_social_meta":[],"jnews_override_counter":[],"footnotes":""},"categories":[30],"tags":[],"class_list":["post-68061","post","type-post","status-publish","format-standard","has-post-thumbnail","hentry","category-social_ro"],"_links":{"self":[{"href":"https:\/\/orheifm.live\/index.php\/wp-json\/wp\/v2\/posts\/68061","targetHints":{"allow":["GET"]}}],"collection":[{"href":"https:\/\/orheifm.live\/index.php\/wp-json\/wp\/v2\/posts"}],"about":[{"href":"https:\/\/orheifm.live\/index.php\/wp-json\/wp\/v2\/types\/post"}],"author":[{"embeddable":true,"href":"https:\/\/orheifm.live\/index.php\/wp-json\/wp\/v2\/users\/1"}],"replies":[{"embeddable":true,"href":"https:\/\/orheifm.live\/index.php\/wp-json\/wp\/v2\/comments?post=68061"}],"version-history":[{"count":0,"href":"https:\/\/orheifm.live\/index.php\/wp-json\/wp\/v2\/posts\/68061\/revisions"}],"wp:featuredmedia":[{"embeddable":true,"href":"https:\/\/orheifm.live\/index.php\/wp-json\/wp\/v2\/media\/68062"}],"wp:attachment":[{"href":"https:\/\/orheifm.live\/index.php\/wp-json\/wp\/v2\/media?parent=68061"}],"wp:term":[{"taxonomy":"category","embeddable":true,"href":"https:\/\/orheifm.live\/index.php\/wp-json\/wp\/v2\/categories?post=68061"},{"taxonomy":"post_tag","embeddable":true,"href":"https:\/\/orheifm.live\/index.php\/wp-json\/wp\/v2\/tags?post=68061"}],"curies":[{"name":"wp","href":"https:\/\/api.w.org\/{rel}","templated":true}]}}