{"id":68059,"date":"2025-02-27T23:43:00","date_gmt":"2025-02-27T21:43:00","guid":{"rendered":"https:\/\/orheifm.live\/index.php\/2025\/02\/27\/un-sofer-a-ales-la-vama-coridorul-verde-dar-nu-l-a-trecut\/"},"modified":"2025-02-27T23:43:00","modified_gmt":"2025-02-27T21:43:00","slug":"un-sofer-a-ales-la-vama-coridorul-verde-dar-nu-l-a-trecut","status":"publish","type":"post","link":"https:\/\/orheifm.live\/index.php\/2025\/02\/27\/un-sofer-a-ales-la-vama-coridorul-verde-dar-nu-l-a-trecut\/","title":{"rendered":"Un \u0219ofer a ales la Vam\u0103 \u201ecoridorul verde\u201d, dar nu l-a trecut"},"content":{"rendered":"<div>\n<p><strong>La pista de intrare \u00een \u021bar\u0103 a postului vamal Leu\u0219eni, \u0219oferul unui mijloc de transport a selectat culoarul verde de control \u201cnimic de declarat\u201d, men\u021bion\u00eend c\u0103 transport\u0103 doar bunuri personale.<\/strong><\/p>\n<p>\u00cen cadrul controlului vamal al microbuzului, printre bagajele transportate au fost g\u0103site diverse bunuri \u00een cantit\u0103\u021bi comerciale, printre care: ceasuri inteligente, drone \u0219i alte dispozitive electronice, nedeclarate autorit\u0103\u021bii vamale.<\/p>\n<p>Bunurile au fost ridicate \u0219i s\u00eent pasibile confisc\u0103rii, iar \u0219oferul, un cona\u021bional \u00een v\u00eerst\u0103 de 29 de ani risc\u0103 s\u0103 fie sanc\u021bionat contraven\u021bional.<\/p>\n<p><a href=\"https:\/\/noi.md\/md\/societate\/un-sofer-a-ales-la-vama-coridorul-verde-dar-nu-l-a-trecut\"><strong>noi.md<\/strong><\/a><\/p>\n<\/div>\n","protected":false},"excerpt":{"rendered":"<div><img loading=\"lazy\" decoding=\"async\" width=\"696\" height=\"458\" src=\"https:\/\/canal5.md\/wp-content\/uploads\/2025\/02\/800313-optimized.webp\" class=\"attachment-large size-large wp-post-image\" alt=\"\" srcset=\"https:\/\/canal5.md\/wp-content\/uploads\/2025\/02\/800313-optimized.webp 760w, https:\/\/canal5.md\/wp-content\/uploads\/2025\/02\/800313-300x197-optimized.webp 300w, https:\/\/canal5.md\/wp-content\/uploads\/2025\/02\/800313-696x458-optimized.webp 696w\">La pista de intrare \u00een \u021bar\u0103 a postului vamal Leu\u0219eni, \u0219oferul unui mijloc de transport a selectat culoarul verde de control \u201cnimic de declarat\u201d, men\u021bion\u00eend c\u0103 transport\u0103 doar bunuri personale. \u00cen cadrul controlului vamal al microbuzului, printre bagajele transportate au fost g\u0103site diverse bunuri \u00een cantit\u0103\u021bi comerciale, printre care: ceasuri inteligente, drone \u0219i alte dispozitive [\u2026]<\/div>\n","protected":false},"author":1,"featured_media":68060,"comment_status":"closed","ping_status":"closed","sticky":false,"template":"","format":"standard","meta":{"jnews-multi-image_gallery":[],"jnews_single_post":[],"jnews_primary_category":[],"jnews_social_meta":[],"jnews_override_counter":[],"footnotes":""},"categories":[23],"tags":[],"class_list":["post-68059","post","type-post","status-publish","format-standard","has-post-thumbnail","hentry","category-politica_ro"],"_links":{"self":[{"href":"https:\/\/orheifm.live\/index.php\/wp-json\/wp\/v2\/posts\/68059","targetHints":{"allow":["GET"]}}],"collection":[{"href":"https:\/\/orheifm.live\/index.php\/wp-json\/wp\/v2\/posts"}],"about":[{"href":"https:\/\/orheifm.live\/index.php\/wp-json\/wp\/v2\/types\/post"}],"author":[{"embeddable":true,"href":"https:\/\/orheifm.live\/index.php\/wp-json\/wp\/v2\/users\/1"}],"replies":[{"embeddable":true,"href":"https:\/\/orheifm.live\/index.php\/wp-json\/wp\/v2\/comments?post=68059"}],"version-history":[{"count":0,"href":"https:\/\/orheifm.live\/index.php\/wp-json\/wp\/v2\/posts\/68059\/revisions"}],"wp:featuredmedia":[{"embeddable":true,"href":"https:\/\/orheifm.live\/index.php\/wp-json\/wp\/v2\/media\/68060"}],"wp:attachment":[{"href":"https:\/\/orheifm.live\/index.php\/wp-json\/wp\/v2\/media?parent=68059"}],"wp:term":[{"taxonomy":"category","embeddable":true,"href":"https:\/\/orheifm.live\/index.php\/wp-json\/wp\/v2\/categories?post=68059"},{"taxonomy":"post_tag","embeddable":true,"href":"https:\/\/orheifm.live\/index.php\/wp-json\/wp\/v2\/tags?post=68059"}],"curies":[{"name":"wp","href":"https:\/\/api.w.org\/{rel}","templated":true}]}}