{"id":68056,"date":"2025-02-27T22:09:16","date_gmt":"2025-02-27T20:09:16","guid":{"rendered":"https:\/\/orheifm.live\/index.php\/2025\/02\/27\/tanar-din-floresti-internat-intr-un-spital-de-psihiatrie-dupa-ce-si-a-ucis-tatal-si-l-a-ingropat-in-gradina\/"},"modified":"2025-02-27T22:09:16","modified_gmt":"2025-02-27T20:09:16","slug":"tanar-din-floresti-internat-intr-un-spital-de-psihiatrie-dupa-ce-si-a-ucis-tatal-si-l-a-ingropat-in-gradina","status":"publish","type":"post","link":"https:\/\/orheifm.live\/index.php\/2025\/02\/27\/tanar-din-floresti-internat-intr-un-spital-de-psihiatrie-dupa-ce-si-a-ucis-tatal-si-l-a-ingropat-in-gradina\/","title":{"rendered":"T\u00e2n\u0103r din Flore\u0219ti, internat \u00eentr-un spital de psihiatrie dup\u0103 ce \u0219i-a ucis tat\u0103l \u0219i l-a \u00eengropat \u00een gr\u0103din\u0103"},"content":{"rendered":"<div>\n<p><strong>Un t\u00e2n\u0103r din raionul Flore\u0219ti a fost internat \u00een Spitalul Clinic de Psihiatrie, dup\u0103 ce \u0219i-a ucis tat\u0103l \u00een mod brutal, \u00een noaptea de 30 iulie 2024. Potrivit anchetei, t\u00e2n\u0103rul l-a atacat pe b\u0103rbat cu un topor, aplic\u00e2ndu-i lovituri fatale \u00een cap \u0219i apoi \u00eenjunghiindu-l \u00een inim\u0103.<\/strong><\/p>\n<p>Dup\u0103 crim\u0103, a \u00eengropat cadavrul \u00een gr\u0103din\u0103 \u0219i a min\u021bit localnicii care l-au \u00eentrebat despre dispari\u021bia tat\u0103lui s\u0103u. La 5 august, un vecin a alertat poli\u021bia, iar trupul ne\u00eensufle\u021bit a fost descoperit de autorit\u0103\u021bi \u00eentr-o zon\u0103 recent s\u0103pat\u0103.<\/p>\n<p>\u00cen urma investiga\u021biilor, s-a constatat c\u0103 t\u00e2n\u0103rul sufer\u0103 de o afec\u021biune psihic\u0103 cronic\u0103, iar instan\u021ba a dispus internarea sa \u00eentr-un spital de psihiatrie, aplic\u00e2ndu-i o m\u0103sur\u0103 de constr\u00e2ngere medical\u0103. Sentin\u021ba nu este definitiv\u0103 \u0219i poate fi contestat\u0103 \u00een termen de 15 zile.<\/p>\n<\/div>\n","protected":false},"excerpt":{"rendered":"<div><img loading=\"lazy\" decoding=\"async\" width=\"696\" height=\"392\" src=\"https:\/\/canal5.md\/wp-content\/uploads\/2024\/12\/politia-nu-treceti-1-1280x720-1-1024x576-optimized.jpg\" class=\"attachment-large size-large wp-post-image\" alt=\"\" srcset=\"https:\/\/canal5.md\/wp-content\/uploads\/2024\/12\/politia-nu-treceti-1-1280x720-1-1024x576-optimized.jpg 1024w, https:\/\/canal5.md\/wp-content\/uploads\/2024\/12\/politia-nu-treceti-1-1280x720-1-300x169-optimized.jpg 300w, https:\/\/canal5.md\/wp-content\/uploads\/2024\/12\/politia-nu-treceti-1-1280x720-1-768x432-optimized.jpg 768w, https:\/\/canal5.md\/wp-content\/uploads\/2024\/12\/politia-nu-treceti-1-1280x720-1-696x392-optimized.jpg 696w, https:\/\/canal5.md\/wp-content\/uploads\/2024\/12\/politia-nu-treceti-1-1280x720-1-1068x601-optimized.jpg 1068w, https:\/\/canal5.md\/wp-content\/uploads\/2024\/12\/politia-nu-treceti-1-1280x720-1-optimized.jpg 1280w\">Un t\u00e2n\u0103r din raionul Flore\u0219ti a fost internat \u00een Spitalul Clinic de Psihiatrie, dup\u0103 ce \u0219i-a ucis tat\u0103l \u00een mod brutal, \u00een noaptea de 30 iulie 2024. Potrivit anchetei, t\u00e2n\u0103rul l-a atacat pe b\u0103rbat cu un topor, aplic\u00e2ndu-i lovituri fatale \u00een cap \u0219i apoi \u00eenjunghiindu-l \u00een inim\u0103. Dup\u0103 crim\u0103, a \u00eengropat cadavrul \u00een gr\u0103din\u0103 \u0219i [\u2026]<\/div>\n","protected":false},"author":1,"featured_media":68057,"comment_status":"closed","ping_status":"closed","sticky":false,"template":"","format":"standard","meta":{"jnews-multi-image_gallery":[],"jnews_single_post":[],"jnews_primary_category":[],"jnews_social_meta":[],"jnews_override_counter":[],"footnotes":""},"categories":[30],"tags":[],"class_list":["post-68056","post","type-post","status-publish","format-standard","has-post-thumbnail","hentry","category-social_ro"],"_links":{"self":[{"href":"https:\/\/orheifm.live\/index.php\/wp-json\/wp\/v2\/posts\/68056","targetHints":{"allow":["GET"]}}],"collection":[{"href":"https:\/\/orheifm.live\/index.php\/wp-json\/wp\/v2\/posts"}],"about":[{"href":"https:\/\/orheifm.live\/index.php\/wp-json\/wp\/v2\/types\/post"}],"author":[{"embeddable":true,"href":"https:\/\/orheifm.live\/index.php\/wp-json\/wp\/v2\/users\/1"}],"replies":[{"embeddable":true,"href":"https:\/\/orheifm.live\/index.php\/wp-json\/wp\/v2\/comments?post=68056"}],"version-history":[{"count":0,"href":"https:\/\/orheifm.live\/index.php\/wp-json\/wp\/v2\/posts\/68056\/revisions"}],"wp:featuredmedia":[{"embeddable":true,"href":"https:\/\/orheifm.live\/index.php\/wp-json\/wp\/v2\/media\/68057"}],"wp:attachment":[{"href":"https:\/\/orheifm.live\/index.php\/wp-json\/wp\/v2\/media?parent=68056"}],"wp:term":[{"taxonomy":"category","embeddable":true,"href":"https:\/\/orheifm.live\/index.php\/wp-json\/wp\/v2\/categories?post=68056"},{"taxonomy":"post_tag","embeddable":true,"href":"https:\/\/orheifm.live\/index.php\/wp-json\/wp\/v2\/tags?post=68056"}],"curies":[{"name":"wp","href":"https:\/\/api.w.org\/{rel}","templated":true}]}}