{"id":68054,"date":"2025-02-27T21:51:31","date_gmt":"2025-02-27T19:51:31","guid":{"rendered":"https:\/\/orheifm.live\/index.php\/2025\/02\/27\/sedinta-pe-fondul-protestelor-de-la-comrat-guvernarea-pas-incalca-din-nou-legislatia-si-incearca-sa-creeze-un-conflict-intre-locuitorii-gagauziei\/"},"modified":"2025-02-27T21:51:31","modified_gmt":"2025-02-27T19:51:31","slug":"sedinta-pe-fondul-protestelor-de-la-comrat-guvernarea-pas-incalca-din-nou-legislatia-si-incearca-sa-creeze-un-conflict-intre-locuitorii-gagauziei","status":"publish","type":"post","link":"https:\/\/orheifm.live\/index.php\/2025\/02\/27\/sedinta-pe-fondul-protestelor-de-la-comrat-guvernarea-pas-incalca-din-nou-legislatia-si-incearca-sa-creeze-un-conflict-intre-locuitorii-gagauziei\/","title":{"rendered":"\u0218edin\u021b\u0103 pe fondul protestelor de la Comrat. Guvernarea PAS \u00eencalc\u0103 din nou legisla\u021bia \u0219i \u00eencearc\u0103 s\u0103 creeze un conflict \u00eentre locuitorii G\u0103g\u0103uziei"},"content":{"rendered":"<div>\n<p><strong>O \u0219edin\u021b\u0103 a Agen\u021biei pentru Dezvoltare Regional\u0103, la care a participat \u0219i ministrul Infrastructurii, Vladimir Bolea a avut loc \u00een Comrat. \u00centrunirea a fost condus\u0103 nu de ba\u0219can, ci de primarul ora\u0219ului, Serghei Anastasov, care, de altfel, a colaborat str\u00e2ns cu PAS \u0219i a condus chiar \u0219i staff-ul electoral al Maiei Sandu la Comrat, fapt pentru care a fost numit tr\u0103d\u0103tor \u00een autonomie. <\/strong><br \/>\n<iframe loading=\"lazy\" title=\"YouTube video player\" src=\"https:\/\/www.youtube.com\/embed\/3NgxU3lBnRQ?si=_hytiuFfoFeFvjHN\" width=\"560\" height=\"315\" frameborder=\"0\" allowfullscreen=\"allowfullscreen\"><\/iframe><br \/>\nLa \u00eent\u00e2lnire nu a fost l\u0103sat s\u0103 participe nici m\u0103car canalul public GRT.<\/p>\n<p>De asemenea, au fost prezen\u021bi reprezentan\u021bi ai executivului local, \u00eens\u0103 acestora nu li s-a permis s\u0103 \u00ee\u0219i exprime punctul de vedere. Toate acestea au fost percepute de c\u0103tre locuitori ca o ignorare a legisla\u021biei \u0219i o lips\u0103 de respect fa\u021b\u0103 de conducerea legal aleas\u0103 a autonomiei. A\u0219a c\u0103, oamenii au ie\u0219it la un protest.<\/p>\n<p>Vicepre\u0219edintele Executivului din regiune, Ilia Uzun, a \u00eencercat s\u0103 le explice tuturor, inclusiv ministrului Vladimir Bolea \u0219i primarului din Comrat, Serghei Anastasov, de ce \u0219edin\u021ba de ast\u0103zi a consiliului pentru dezvoltarea regional\u0103 a G\u0103g\u0103uziei este ilegitim\u0103 \u0219i ilegal\u0103. Primarul a \u00eencercat s\u0103-l opreasc\u0103, prin a-i deconecta microfonul, dar oficialul oricum a spus ce a avut de zis.<\/p>\n<p>ILIA UZUN, vicepre\u0219edintele Executivului din UTA G\u0103g\u0103uzia<\/p>\n<p>Vreau s\u0103 \u00eentreb: a\u021bi oprit microfoanele?<\/p>\n<p>Ilia Semenovici, v\u0103 vom da cu siguran\u021b\u0103 cuv\u00e2ntul. Doar nu ne strica\u021bi munca.<\/p>\n<p>De ce a\u021bi oprit microfoanele, spune\u021bi?<\/p>\n<p>Sunte\u021bi la Adunarea Na\u021bional\u0103? Ce caut\u0103 regulile dvs aici?<\/p>\n<p>Voi vorbi tare, f\u0103r\u0103 microfonul vostru. Vreau s\u0103 spun cum trebuie s\u0103 func\u021bioneze Agen\u021bia pentru Dezvoltare Regional\u0103. Trebuie s\u0103 fie ale\u0219i trei primari, desemna\u021bi de Consiliul Primarilor din \u00eentreaga regiune. Acest lucru nu a fost f\u0103cut \u2013 primul motiv.<br \/>\nA fost f\u0103cut.<\/p>\n<p>Ar fi trebuit s\u0103 fie trei reprezentan\u021bi ai raionului, ar fi trebuit s\u0103 fie reprezentan\u021bi ai societ\u0103\u021bii civile. De aceea, consider \u0219i vreau s\u0103 v\u0103 reamintesc c\u0103 de la ultimele alegeri nu a fost organizat\u0103 nicio adunare a primarilor, iar delega\u021bii nu au fost ale\u0219i oficial.<\/p>\n<p>Din punctul meu de vedere, secretariatul Agen\u021biei pentru Dezvoltare Regional\u0103 nu \u00ee\u0219i \u00eendepline\u0219te inten\u021bionat obliga\u021biile de a convoca invita\u021biile \u0219i de a verifica legitimitatea participan\u021bilor, ceea ce se \u00eencadreaz\u0103 la articolul privind abuzul de putere \u0219i de func\u021bie. Prin urmare, aceast\u0103 agen\u021bie este ilegal\u0103 \u0219i ilegitim\u0103.<\/p>\n<p>De ce? Din punct de vedere social, participarea Ba\u0219canului la activitatea Consiliului de coordonare al Agen\u021biei pentru Dezvoltare Regional\u0103 ar trebui s\u0103 fie strict obligatorie. Statutul G\u0103g\u0103uziei \u2013 ATO \u00een RM. Participarea acesteia \u00een consiliu este necesar\u0103 pentru realizarea intereselor regiunii \u0219i pentru luarea \u00een considerare a specificit\u0103\u021bii noastre, care este caracteristic\u0103 regiunii noastre.<\/p>\n<p>A \u00eencercat s\u0103 ia cuv\u00e2nt \u0219i \u0219eful administra\u021biei raionului Comrat, Vadim Ceban, dar Anastasov i-a oprit \u0219i lui microfonul.<\/p>\n<p>VADIM CEBAN, \u0219eful administra\u021biei raionului Comrat, UTA G\u0103g\u0103uzia<\/p>\n<p>Ac\u021biona\u021bi ca Maia Sandu, de ce ac\u021biona\u021bi a\u0219a? Nu ave\u021bi dreptul! \u0218tiu c\u0103 sunte\u021bi favoritul ei, dar trebuie s\u0103 da\u021bi voie tuturor s\u0103 vorbeasc\u0103. Nu v\u0103 imagina\u021bi c\u0103 sunte\u021bi un \u021bar aici, nu este locul Maiei Sandu.<\/p>\n<p>Ave\u021bi \u00een cap doar politic\u0103 \u00een loc de dezvoltare. \u0218i ca s\u0103 \u0219tii, poporul \u00ee\u021bi va da o evaluare nu doar \u021bie, ci tuturor celor implica\u021bi aici.<\/p>\n<p>Pre\u0219edintele Consiliului Regional este ales de membrii consiliului regional, acesta poate fi Ba\u0219canul sau\u2026 din partea societ\u0103\u021bii civile, studia\u021bi legea, \u00een\u021beleg c\u0103 nu v\u0103 place legea, dar ce s\u0103 face\u021bi. De aceea, trebuie respectat\u0103 \u00een orice caz.<\/p>\n<p>Revolta\u021bi de cele \u00eent\u00e2mplate, \u00een fa\u021ba cl\u0103dirii \u00een care se desf\u0103\u0219ura \u0219edin\u021ba s-au adunat mai mul\u021bi localnici care au acuzat guvernarea de abuz de putere \u0219i de \u00eemp\u0103r\u021birea dup\u0103 bunul plac a banilor G\u0103g\u0103uziei.<\/p>\n<p>IURII CUZNE\u021aOV, consilierul ba\u0219canului G\u0103g\u0103uziei<\/p>\n<p>M\u0103 \u00eentreb, cum fostul deputat al Parlamentului Republicii Moldova, actualul ministru, poate ac\u021biona \u00eempotriva legii statului s\u0103u.<\/p>\n<p>Aceste persoane ac\u021bioneaz\u0103 doar \u00een propriul lor interes, motiv pentru care \u0219edin\u021ba de ast\u0103zi este clar ilegal\u0103 \u0219i ilegitim\u0103. De asemenea, vreau s\u0103 subliniez c\u0103 cei care conduc acum, care prezideaz\u0103 \u0219edin\u021ba, sunt secretari ai acestei comisii \u2013 ac\u021biunile lor pot duce la deschiderea unor dosare penale. Ei abuzeaz\u0103 de putere, iar, pentru a fi \u00een\u021bele\u0219i de toat\u0103 lumea, trebuie men\u021bionat c\u0103 ast\u0103zi vor fi responsabili cu administrarea banilor no\u0219tri.<\/p>\n<p>Protestatarii spun c\u0103 au venit \u00een fa\u021ba prim\u0103riei ca s\u0103 cear\u0103 respect pentru autonomia G\u0103g\u0103uz\u0103 \u0219i pentru cet\u0103\u021benii Republicii Moldova. Jurnali\u0219tii \u0219i reprezentan\u021bii executivului local au \u00eencercat s\u0103 participe la \u0219edin\u021ba Agen\u021biei pentru Dezvoltare Regional\u0103, care de obicei este public\u0103, dar au fost \u00eempiedica\u021bi de poli\u021bi\u0219tii de pe holul prim\u0103riei. Se raporteaz\u0103 c\u0103 doar mass-media favorabile guvern\u0103rii au avut acces la \u00eentrunire.<\/p>\n<p>\u2013 Bun\u0103 ziua.<\/p>\n<p>\u2013 Bun\u0103 ziua. Pot s\u0103 trec.<\/p>\n<p>\u2013 Nu.<\/p>\n<p>IVAN STAMOV, activist<\/p>\n<p>Am solicitat angaja\u021bilor poli\u021biei s\u0103 ne permit\u0103 s\u0103 particip\u0103m la aceast\u0103 \u0219edin\u021b\u0103, \u00eens\u0103 ace\u0219tia ne-au spus c\u0103 nu avem voie s\u0103 intr\u0103m. Chiar \u00een fa\u021ba noastr\u0103, reprezentan\u021bi ai altor televiziuni \u0219i portaluri online pro-guvernamentale au fost l\u0103sa\u021bi s\u0103 treac\u0103, iar poli\u021bi\u0219tii ne-au spus c\u0103 viceprimarul este cel responsabil \u0219i l-au invitat pe acesta.<\/p>\n<p>Viceprimarul ne-a spus personal c\u0103 \u0219edin\u021ba este una \u00eenchis\u0103 \u0219i c\u0103 reprezentan\u021bii presei nu sunt invita\u021bi. Este o minciun\u0103 flagrant\u0103! \u00cen\u021belege\u021bi? Acum vor filma ce le convine \u0219i vor difuza materialele dup\u0103 bunul lor plac, exact a\u0219a cum ne-au min\u021bit \u00een ultimii 10 ani.<\/p>\n<p>Prin urmare, manifestan\u021bii i-au cerut ministrului Infrastructurii, Vladimir Bolea, s\u0103 p\u0103r\u0103seasc\u0103 \u0219edin\u021ba ilegal\u0103 a Agen\u021biei pentru Dezvoltare Regional\u0103 \u0219i s\u0103 plece din G\u0103g\u0103uzia.<\/p>\n<p>Domnule Bolea, aunte\u021bi obligat s\u0103 p\u0103r\u0103si\u021bi prim\u0103ria Comrat.<\/p>\n<p>IVAN PANEA, activist<\/p>\n<p>A\u021bi decis din nou s\u0103 v\u0103 organiza\u021bi \u201e\u0219edin\u021bele voastre\u201d \u00een spatele u\u0219ilor \u00eenchise, s\u0103 t\u0103ia\u021bi banii din buget, taxele noastre, s\u0103 le distribui\u021bi NU a\u0219a cum prevede legea. Desigur, pentru Bolea \u0219i Anastasov este normal, \u00een ultima vreme primarul nostru intr\u0103 foarte des \u00een scandaluri \u0219i conflicte unde vrea s\u0103 \u201eeconomiseasc\u0103\u201d banii no\u0219tri, unde vrea s\u0103 fac\u0103 \u201ebine\u201d pentru noi.<\/p>\n<p>Jos PAS! Jos PAS!) (SNC EL RU IVAN STAMOV, activist<\/p>\n<p>Le-au permis s\u0103 fure din buzunarul vostru. Ace\u0219ti ho\u021bi stau \u00een prim\u0103rii, \u00een consilii, \u00een alte servicii descompuse, nu li se deschid dosare penale, la ei nu vine anticorup\u021bia.<\/p>\n<p>Ei au transformat obraznic bugetul pe care voi, dragi prieteni, \u00eel forma\u021bi, prin munca voastr\u0103, \u00eentr-o surs\u0103 de hran\u0103 de unde se tot hr\u0103nesc.<\/p>\n<p>De cealalt\u0103 parte, primarul ora\u0219ului, Serghei Anastasov, s-a pref\u0103cut c\u0103 nu \u00een\u021belege situa\u021bia, iar c\u00e2nd a fost \u00eentrebat de ce nu a permis jurnali\u0219tilor s\u0103 fie prezen\u021bi la \u0219edin\u021b\u0103, a manifestat agresivitate.<\/p>\n<p>SERGHEI ANASTASOV, primarul ora\u0219ului Comrat<\/p>\n<p>Eu am fost \u00een coridor \u0219i nu v-am v\u0103zut. Dar cum a\u021bi ajuns aici dac\u0103 nu v-au permis?<\/p>\n<p>\u2013 Trebuia s\u0103 ne anun\u021ba\u021bi.<\/p>\n<p>\u2013 Pe cine?<\/p>\n<p>\u2013 Pe noi.<\/p>\n<p>\u2013 Dar ce voi ar\u0103ta\u021bi munca noastr\u0103? Drumurile noastre, ceva ar\u0103ta\u021bi, doar pe planul negativ prim\u0103ria Comrat.<\/p>\n<p>\u2013 De ce sunte\u021bi agresiv?<\/p>\n<p>\u2013 Dar cum po\u021bi s\u0103 nu fii agresiv, dac\u0103 vorba este despre dezvoltarea ora\u0219ului nostru.<\/p>\n<p>Iar, ministrul Infrastructurii, Vladimir Bolea, a explicat c\u0103 a venit \u00een G\u0103g\u0103uzia ca invitat, dar a evitat s\u0103 r\u0103spund\u0103 direct la \u00eentrebarea legat\u0103 de accesul presei la \u00eentrunire.<\/p>\n<p>VLADIMIR BOLEA, ministrul Infrastructurii<\/p>\n<p>\u2013 De ce compania GRT nu a avut acces la o \u0219edin\u021b\u0103 public\u0103, unde conform legii are dreptul s\u0103 fie.<\/p>\n<p>\u2013 Dvs v\u0103 este interesant cum s- a desf\u0103\u0219urat activitatea noastr\u0103?<\/p>\n<p>\u2013 Pe noi ne intereseaz\u0103 totul ce vizeaz\u0103 Autonomia G\u0103g\u0103uz\u0103.<\/p>\n<p>\u2013 Au fost proiecte pentru G\u0103g\u0103uzia.<\/p>\n<p>\u2013 Care anume?<\/p>\n<p>\u2013 Dar haide\u021bi s\u0103 vorbim despre Cead\u00eer-Lunga.<\/p>\n<p>\u00centr-un final, acesta a fugit de \u00eentreb\u0103rile jurnalistului. La \u00eent\u00e2lnire au participat \u0219efii administra\u021biilor raionale, vice-ba\u0219canul Victor Petrov \u0219i \u0219eful departamentului de afaceri al ba\u0219canului, Ivan Kolioglo. Men\u021bion\u0103m c\u0103 nu este pentru prima dat\u0103 c\u00e2nd puterea PAS ignor\u0103 autorit\u0103\u021bile din G\u0103g\u0103uzia, \u00een special pe ba\u0219canul Evghenia Gu\u021bul, aleas\u0103 democratic de locuitori.<\/p>\n<p>Anterior, au avut loc \u0219i alte \u0219edin\u021be la Comrat la care guvernatorul nu a fost invitat\u0103. De asemenea, pre\u0219edintele Maia Sandu refuz\u0103 s\u0103 semneze decretul de numire a acesteia \u00een cabinetul de mini\u0219tri ca membru din oficiu, de\u0219i legea prevede reprezentarea Autonomiei G\u0103g\u0103uze \u00een guvern.<\/p>\n<\/div>\n","protected":false},"excerpt":{"rendered":"<div><img loading=\"lazy\" decoding=\"async\" width=\"696\" height=\"324\" src=\"https:\/\/canal5.md\/wp-content\/uploads\/2025\/02\/blob-1-2-optimized.jpg\" class=\"attachment-large size-large wp-post-image\" alt=\"\" srcset=\"https:\/\/canal5.md\/wp-content\/uploads\/2025\/02\/blob-1-2-optimized.jpg 1021w, https:\/\/canal5.md\/wp-content\/uploads\/2025\/02\/blob-1-2-300x140-optimized.jpg 300w, https:\/\/canal5.md\/wp-content\/uploads\/2025\/02\/blob-1-2-768x357-optimized.jpg 768w, https:\/\/canal5.md\/wp-content\/uploads\/2025\/02\/blob-1-2-696x324-optimized.jpg 696w\">O \u0219edin\u021b\u0103 a Agen\u021biei pentru Dezvoltare Regional\u0103, la care a participat \u0219i ministrul Infrastructurii, Vladimir Bolea a avut loc \u00een Comrat. \u00centrunirea a fost condus\u0103 nu de ba\u0219can, ci de primarul ora\u0219ului, Serghei Anastasov, care, de altfel, a colaborat str\u00e2ns cu PAS \u0219i a condus chiar \u0219i staff-ul electoral al Maiei Sandu la Comrat, fapt [\u2026]<\/div>\n","protected":false},"author":1,"featured_media":68055,"comment_status":"closed","ping_status":"closed","sticky":false,"template":"","format":"standard","meta":{"jnews-multi-image_gallery":[],"jnews_single_post":[],"jnews_primary_category":[],"jnews_social_meta":[],"jnews_override_counter":[],"footnotes":""},"categories":[23],"tags":[],"class_list":["post-68054","post","type-post","status-publish","format-standard","has-post-thumbnail","hentry","category-politica_ro"],"_links":{"self":[{"href":"https:\/\/orheifm.live\/index.php\/wp-json\/wp\/v2\/posts\/68054","targetHints":{"allow":["GET"]}}],"collection":[{"href":"https:\/\/orheifm.live\/index.php\/wp-json\/wp\/v2\/posts"}],"about":[{"href":"https:\/\/orheifm.live\/index.php\/wp-json\/wp\/v2\/types\/post"}],"author":[{"embeddable":true,"href":"https:\/\/orheifm.live\/index.php\/wp-json\/wp\/v2\/users\/1"}],"replies":[{"embeddable":true,"href":"https:\/\/orheifm.live\/index.php\/wp-json\/wp\/v2\/comments?post=68054"}],"version-history":[{"count":0,"href":"https:\/\/orheifm.live\/index.php\/wp-json\/wp\/v2\/posts\/68054\/revisions"}],"wp:featuredmedia":[{"embeddable":true,"href":"https:\/\/orheifm.live\/index.php\/wp-json\/wp\/v2\/media\/68055"}],"wp:attachment":[{"href":"https:\/\/orheifm.live\/index.php\/wp-json\/wp\/v2\/media?parent=68054"}],"wp:term":[{"taxonomy":"category","embeddable":true,"href":"https:\/\/orheifm.live\/index.php\/wp-json\/wp\/v2\/categories?post=68054"},{"taxonomy":"post_tag","embeddable":true,"href":"https:\/\/orheifm.live\/index.php\/wp-json\/wp\/v2\/tags?post=68054"}],"curies":[{"name":"wp","href":"https:\/\/api.w.org\/{rel}","templated":true}]}}