{"id":68052,"date":"2025-02-27T21:48:22","date_gmt":"2025-02-27T19:48:22","guid":{"rendered":"https:\/\/orheifm.live\/index.php\/2025\/02\/27\/soferul-audi-care-a-lovit-mortal-un-pieton-pe-dacia-apoi-a-incercat-sa-fuga-condamnat-magistratii-i-au-dictat-o-sentinta-in-penitenciar-de-tip-deschis\/"},"modified":"2025-02-27T21:48:22","modified_gmt":"2025-02-27T19:48:22","slug":"soferul-audi-care-a-lovit-mortal-un-pieton-pe-dacia-apoi-a-incercat-sa-fuga-condamnat-magistratii-i-au-dictat-o-sentinta-in-penitenciar-de-tip-deschis","status":"publish","type":"post","link":"https:\/\/orheifm.live\/index.php\/2025\/02\/27\/soferul-audi-care-a-lovit-mortal-un-pieton-pe-dacia-apoi-a-incercat-sa-fuga-condamnat-magistratii-i-au-dictat-o-sentinta-in-penitenciar-de-tip-deschis\/","title":{"rendered":"\u0218oferul Audi, care a lovit mortal un pieton, pe Dacia, apoi a \u00eencercat s\u0103 fug\u0103, condamnat: Magistra\u021bii i-au dictat o sentin\u021b\u0103 \u00een penitenciar de tip deschis"},"content":{"rendered":"<div>\n<p><strong>\u0218oferul de 26 de ani, originar din Ucraina, care pe data de 4 septembrie 2024 a lovit mortal cu un Audi un b\u0103tr\u00e2n \u00een v\u00e2rst\u0103 de 76 de ani, pe o trecere de pietoni de pe bulevardul Dacia \u0219i a \u00eencercat s\u0103 fug\u0103 de la fa\u021ba locului, a fost condamnat.<\/strong><\/p>\n<p>Potrivit sentin\u021bei emise de Judec\u0103toria Chi\u0219in\u0103u, sediul Buiucani, b\u0103rbatul a fost condamnat la 5 ani \u0219i 2 luni de \u00eenchisoare cu executare \u00een penitenciar de tip deschis, cu anularea dreptului de a conduce mijloace de transport.<\/p>\n<p>Un accident grav s-a produs, \u00een diminea\u021ba zilei de 4 septembrie 2024, pe bulevardul Dacia din capital\u0103. Din relat\u0103rile martorilor, un \u0219ofer cu\u00a0\u00a0<span class=\"google-anno-t\">automobilul<\/span>\u00a0ar fi lovit mortal un pieton, apoi a intrat cu\u00a0\u00a0<span class=\"google-anno-t\">ma\u0219ina<\/span>\u00a0\u00eentr-un copac, iar ulterior atuomobilul s-a r\u0103sturnat, din vitez\u0103.<\/p>\n<p>Potrivit oamenilor legii, \u0219oferul de 26 de ani, conduc\u00e2nd un Audi \u00eenmatriculat \u00een alt stat, a tamponat un b\u0103rbat de 76 de ani,\u00a0care traversa strada regulamentar. Totodat\u0103, conduc\u0103torul auto a \u00eencercat s\u0103 fug\u0103 de la fa\u021ba locului.<\/p>\n<p>Momentul accidentului fatal de pe Dacia, \u00een urma c\u0103ruia a decedat un pieton, a fost surprins de camerele video, iar imaginile au fost postate pe re\u021bele.<\/p>\n<\/div>\n","protected":false},"excerpt":{"rendered":"<div><img loading=\"lazy\" decoding=\"async\" width=\"696\" height=\"392\" src=\"https:\/\/canal5.md\/wp-content\/uploads\/2025\/02\/6c0ff34ad426df6515d5d73efb727075212300b2cac5c853ffa649a5a5b34fa5-optimized.png\" class=\"attachment-large size-large wp-post-image\" alt=\"\" srcset=\"https:\/\/canal5.md\/wp-content\/uploads\/2025\/02\/6c0ff34ad426df6515d5d73efb727075212300b2cac5c853ffa649a5a5b34fa5-optimized.png 800w, https:\/\/canal5.md\/wp-content\/uploads\/2025\/02\/6c0ff34ad426df6515d5d73efb727075212300b2cac5c853ffa649a5a5b34fa5-300x169-optimized.png 300w, https:\/\/canal5.md\/wp-content\/uploads\/2025\/02\/6c0ff34ad426df6515d5d73efb727075212300b2cac5c853ffa649a5a5b34fa5-768x432-optimized.png 768w, https:\/\/canal5.md\/wp-content\/uploads\/2025\/02\/6c0ff34ad426df6515d5d73efb727075212300b2cac5c853ffa649a5a5b34fa5-696x392-optimized.png 696w\">\u0218oferul de 26 de ani, originar din Ucraina, care pe data de 4 septembrie 2024 a lovit mortal cu un Audi un b\u0103tr\u00e2n \u00een v\u00e2rst\u0103 de 76 de ani, pe o trecere de pietoni de pe bulevardul Dacia \u0219i a \u00eencercat s\u0103 fug\u0103 de la fa\u021ba locului, a fost condamnat. Potrivit sentin\u021bei emise de Judec\u0103toria [\u2026]<\/div>\n","protected":false},"author":1,"featured_media":68053,"comment_status":"closed","ping_status":"closed","sticky":false,"template":"","format":"standard","meta":{"jnews-multi-image_gallery":[],"jnews_single_post":[],"jnews_primary_category":[],"jnews_social_meta":[],"jnews_override_counter":[],"footnotes":""},"categories":[30],"tags":[],"class_list":["post-68052","post","type-post","status-publish","format-standard","has-post-thumbnail","hentry","category-social_ro"],"_links":{"self":[{"href":"https:\/\/orheifm.live\/index.php\/wp-json\/wp\/v2\/posts\/68052","targetHints":{"allow":["GET"]}}],"collection":[{"href":"https:\/\/orheifm.live\/index.php\/wp-json\/wp\/v2\/posts"}],"about":[{"href":"https:\/\/orheifm.live\/index.php\/wp-json\/wp\/v2\/types\/post"}],"author":[{"embeddable":true,"href":"https:\/\/orheifm.live\/index.php\/wp-json\/wp\/v2\/users\/1"}],"replies":[{"embeddable":true,"href":"https:\/\/orheifm.live\/index.php\/wp-json\/wp\/v2\/comments?post=68052"}],"version-history":[{"count":0,"href":"https:\/\/orheifm.live\/index.php\/wp-json\/wp\/v2\/posts\/68052\/revisions"}],"wp:featuredmedia":[{"embeddable":true,"href":"https:\/\/orheifm.live\/index.php\/wp-json\/wp\/v2\/media\/68053"}],"wp:attachment":[{"href":"https:\/\/orheifm.live\/index.php\/wp-json\/wp\/v2\/media?parent=68052"}],"wp:term":[{"taxonomy":"category","embeddable":true,"href":"https:\/\/orheifm.live\/index.php\/wp-json\/wp\/v2\/categories?post=68052"},{"taxonomy":"post_tag","embeddable":true,"href":"https:\/\/orheifm.live\/index.php\/wp-json\/wp\/v2\/tags?post=68052"}],"curies":[{"name":"wp","href":"https:\/\/api.w.org\/{rel}","templated":true}]}}