{"id":68050,"date":"2025-02-27T21:22:57","date_gmt":"2025-02-27T19:22:57","guid":{"rendered":"https:\/\/orheifm.live\/index.php\/2025\/02\/27\/o-noua-sedinta-de-judecata-in-dosarul-evgheniei-gutul-si-svetlanei-popan-acest-proces-este-o-farsa-nu-se-intelege-nimic-din-ce-vedem-si-auzim\/"},"modified":"2025-02-27T21:22:57","modified_gmt":"2025-02-27T19:22:57","slug":"o-noua-sedinta-de-judecata-in-dosarul-evgheniei-gutul-si-svetlanei-popan-acest-proces-este-o-farsa-nu-se-intelege-nimic-din-ce-vedem-si-auzim","status":"publish","type":"post","link":"https:\/\/orheifm.live\/index.php\/2025\/02\/27\/o-noua-sedinta-de-judecata-in-dosarul-evgheniei-gutul-si-svetlanei-popan-acest-proces-este-o-farsa-nu-se-intelege-nimic-din-ce-vedem-si-auzim\/","title":{"rendered":"O nou\u0103 \u0219edin\u021b\u0103 de judecat\u0103 \u00een dosarul Evgheniei Gu\u021bul \u0219i Svetlanei Popan: \u201eAcest proces este o fars\u0103, nu se \u00een\u021belege nimic din ce vedem \u0219i auzim.\u201d"},"content":{"rendered":"<div>\n<p><strong>Joi a avut loc o nou\u0103 \u0219edin\u021b\u0103 de judecat\u0103 \u00een dosarul ba\u0219canului G\u0103g\u0103uziei, Evghenia Gu\u021bul, \u0219i al activistei Svetlana Popan, care sunt acuzate de implicare \u00een finan\u021barea ilegal\u0103 a unui partid politic. \u0218efa autonomiei g\u0103g\u0103uze a numit aceast\u0103 \u0219edin\u021b\u0103 o adev\u0103rat\u0103 fars\u0103.<\/strong><br \/>\n<iframe loading=\"lazy\" title=\"YouTube video player\" src=\"https:\/\/www.youtube.com\/embed\/aGuRZE5nBnw?si=eCQ_MZY9Xt8vuhGF\" width=\"560\" height=\"315\" frameborder=\"0\" allowfullscreen=\"allowfullscreen\"><\/iframe><br \/>\n\u00cen cl\u0103direa instan\u021bei, unde, potrivit Evgheniei Gu\u021bul, ea vine de c\u00e2teva luni ca la serviciu, ba\u0219canul a intrat pe fondul fluier\u0103turilor sus\u021bin\u0103torilor partidului aflat la guvernare PAS. Ca \u0219i la \u0219edin\u021bele anterioare, judec\u0103toarea a interzis filmarea procesului.<\/p>\n<p>\u00cen timpul \u0219edin\u021bei, timp de dou\u0103 ore \u0219i jum\u0103tate, au fost vizionate \u00eenregistr\u0103ri video \u00een care, dup\u0103 cum a men\u021bionat ba\u0219canul, nu \u00eentotdeauna se puteau distinge clar cuvintele, cu at\u00e2t mai mult \u2013 s\u0103 se vad\u0103 fe\u021bele sau s\u0103 se aud\u0103 nume. \u00cen opinia lui Gu\u021bul, acest proces seam\u0103n\u0103 mai degrab\u0103 cu o batjocur\u0103 dec\u00e2t cu un proces echitabil.<\/p>\n<p>EVGHENIA GU\u021aUL, ba\u0219canul G\u0103g\u0103uziei<\/p>\n<p>Nici numele meu, nici cel al Svetlanei Popan nu sunt men\u021bionate. Nu \u00een\u021beleg de ce ni se arat\u0103 aceste \u00eenregistr\u0103ri video \u0219i de ce ascult\u0103m ace\u0219ti martori, care c\u00e2ndva erau \u0219i ei acuza\u021bi \u00een acela\u0219i dosar.<\/p>\n<p>Ace\u0219tia au devenit brusc martori, iar Gu\u021bul \u0219i Popan, dintr-un motiv inexplicabil, stau pe banca acuza\u021bilor. Ast\u0103zi vizion\u0103m aceste \u00eenregistr\u0103ri \u2013 dar nu se \u00een\u021belege nimic, nu se vede nimic.<\/p>\n<p>Pe film\u0103ri nu se distinge nimic clar, nu se \u00een\u021belege cine \u0219i ce spune. Pentru a clarifica acest lucru, ar fi necesar\u0103 o expertiz\u0103, \u00eens\u0103 ni se cere pur \u0219i simplu s\u0103-l credem pe procuror.<\/p>\n<p>S\u0103 o sus\u021bin\u0103 pe Evghenia Gu\u021bul \u0219i Svetlana Popan, ca \u00eentotdeauna, au venit colegii lor \u0219i reprezentan\u021bi ai blocului \u201eVictorie\u201d. Activistul Ivan Stamov este sigur c\u0103 dreptatea va \u00eenvinge \u0219i nevinov\u0103\u021bia ba\u0219canului, \u00een ciuda tuturor eforturilor autorit\u0103\u021bilor, va fi dovedit\u0103.<\/p>\n<p>IVAN STAMOV, activist<\/p>\n<p>Este clar c\u0103 nu o judec\u0103 pe Eugenia Gu\u021bul sau pe Svetlana Popan. Aici este judecat Ba\u0219canul G\u0103g\u0103uziei.<\/p>\n<p>Totul se \u00eendreapt\u0103 c\u0103tre faptul c\u0103, conform opiniei celor care au comandat acest caz, vor s\u0103 \u00eenchid\u0103 gura locuitorilor Autonomiei G\u0103g\u0103uze, s\u0103-i sperie \u0219i s\u0103-l \u00eendep\u0103rteze din conducerea G\u0103g\u0103uziei pe politicianul din opozi\u021bie, Eugenia Gu\u021bul.\u00a0 V\u0103 asigur c\u0103 locuitorii G\u0103g\u0103uziei nu vor accepta acest lucru \u0219i nu vom permite s\u0103 fie pronun\u021bat un verdict de vinov\u0103\u021bie \u00eempotriva Ba\u0219canului nostru.<\/p>\n<p>Urm\u0103toarea \u0219edin\u021b\u0103 de judecat\u0103 va avea loc vineri, 28 februarie. Eugenia Gu\u021bul \u0219i Svetlana Popan resping categoric toate acuza\u021biile aduse \u00eempotriva lor, numind dosarul penal deschis \u00eempotriva lor , ca fiind unul politic, ini\u021biat la cererea Maiei Sandu \u0219i PAS. Procurorii se ab\u021bin de la comentarii.<\/p>\n<\/div>\n","protected":false},"excerpt":{"rendered":"<div><img loading=\"lazy\" decoding=\"async\" width=\"696\" height=\"481\" src=\"https:\/\/canal5.md\/wp-content\/uploads\/2024\/04\/photo_2024-04-22_19-52-49-1024x708-optimized.jpg\" class=\"attachment-large size-large wp-post-image\" alt=\"\" srcset=\"https:\/\/canal5.md\/wp-content\/uploads\/2024\/04\/photo_2024-04-22_19-52-49-1024x708-optimized.jpg 1024w, https:\/\/canal5.md\/wp-content\/uploads\/2024\/04\/photo_2024-04-22_19-52-49-300x208-optimized.jpg 300w, https:\/\/canal5.md\/wp-content\/uploads\/2024\/04\/photo_2024-04-22_19-52-49-768x531-optimized.jpg 768w, https:\/\/canal5.md\/wp-content\/uploads\/2024\/04\/photo_2024-04-22_19-52-49-218x150-optimized.jpg 218w, https:\/\/canal5.md\/wp-content\/uploads\/2024\/04\/photo_2024-04-22_19-52-49-696x481-optimized.jpg 696w, https:\/\/canal5.md\/wp-content\/uploads\/2024\/04\/photo_2024-04-22_19-52-49-1068x739-optimized.jpg 1068w, https:\/\/canal5.md\/wp-content\/uploads\/2024\/04\/photo_2024-04-22_19-52-49-optimized.jpg 1080w\">Joi a avut loc o nou\u0103 \u0219edin\u021b\u0103 de judecat\u0103 \u00een dosarul ba\u0219canului G\u0103g\u0103uziei, Evghenia Gu\u021bul, \u0219i al activistei Svetlana Popan, care sunt acuzate de implicare \u00een finan\u021barea ilegal\u0103 a unui partid politic. \u0218efa autonomiei g\u0103g\u0103uze a numit aceast\u0103 \u0219edin\u021b\u0103 o adev\u0103rat\u0103 fars\u0103. \u00cen cl\u0103direa instan\u021bei, unde, potrivit Evgheniei Gu\u021bul, ea vine de c\u00e2teva luni ca [\u2026]<\/div>\n","protected":false},"author":1,"featured_media":68051,"comment_status":"closed","ping_status":"closed","sticky":false,"template":"","format":"standard","meta":{"jnews-multi-image_gallery":[],"jnews_single_post":[],"jnews_primary_category":[],"jnews_social_meta":[],"jnews_override_counter":[],"footnotes":""},"categories":[23],"tags":[],"class_list":["post-68050","post","type-post","status-publish","format-standard","has-post-thumbnail","hentry","category-politica_ro"],"_links":{"self":[{"href":"https:\/\/orheifm.live\/index.php\/wp-json\/wp\/v2\/posts\/68050","targetHints":{"allow":["GET"]}}],"collection":[{"href":"https:\/\/orheifm.live\/index.php\/wp-json\/wp\/v2\/posts"}],"about":[{"href":"https:\/\/orheifm.live\/index.php\/wp-json\/wp\/v2\/types\/post"}],"author":[{"embeddable":true,"href":"https:\/\/orheifm.live\/index.php\/wp-json\/wp\/v2\/users\/1"}],"replies":[{"embeddable":true,"href":"https:\/\/orheifm.live\/index.php\/wp-json\/wp\/v2\/comments?post=68050"}],"version-history":[{"count":0,"href":"https:\/\/orheifm.live\/index.php\/wp-json\/wp\/v2\/posts\/68050\/revisions"}],"wp:featuredmedia":[{"embeddable":true,"href":"https:\/\/orheifm.live\/index.php\/wp-json\/wp\/v2\/media\/68051"}],"wp:attachment":[{"href":"https:\/\/orheifm.live\/index.php\/wp-json\/wp\/v2\/media?parent=68050"}],"wp:term":[{"taxonomy":"category","embeddable":true,"href":"https:\/\/orheifm.live\/index.php\/wp-json\/wp\/v2\/categories?post=68050"},{"taxonomy":"post_tag","embeddable":true,"href":"https:\/\/orheifm.live\/index.php\/wp-json\/wp\/v2\/tags?post=68050"}],"curies":[{"name":"wp","href":"https:\/\/api.w.org\/{rel}","templated":true}]}}