{"id":68048,"date":"2025-02-27T20:58:45","date_gmt":"2025-02-27T18:58:45","guid":{"rendered":"https:\/\/orheifm.live\/index.php\/2025\/02\/27\/dezastru-ecologic-intr-un-sat-aproape-de-capitala-tone-de-carne-alterata-aruncate-la-groapa-de-gunoi-punand-in-pericol-mediul-si-sanatatea-publica-video\/"},"modified":"2025-02-27T20:58:45","modified_gmt":"2025-02-27T18:58:45","slug":"dezastru-ecologic-intr-un-sat-aproape-de-capitala-tone-de-carne-alterata-aruncate-la-groapa-de-gunoi-punand-in-pericol-mediul-si-sanatatea-publica-video","status":"publish","type":"post","link":"https:\/\/orheifm.live\/index.php\/2025\/02\/27\/dezastru-ecologic-intr-un-sat-aproape-de-capitala-tone-de-carne-alterata-aruncate-la-groapa-de-gunoi-punand-in-pericol-mediul-si-sanatatea-publica-video\/","title":{"rendered":"Dezastru ecologic \u00eentr-un sat aproape de capital\u0103: Tone de carne alterat\u0103 aruncate la groapa de gunoi, pun\u00e2nd \u00een pericol mediul \u0219i s\u0103n\u0103tatea public\u0103 |VIDEO"},"content":{"rendered":"<div>\n<p><strong>Aproape 15 tone de carne congelat\u0103, alterat\u0103, au fost aruncate la groapa de gunoi a satului Puhoi, raionul Ialoveni, cre\u00e2nd un adev\u0103rat dezastru ecologic. Incidentul a fost f\u0103cut public de pre\u0219edintele Gardei Na\u021bionale de Mediu, Alexandru Corja, cel care a informat postul nostru de televiziune despre dezastrul ecologic. <\/strong><br \/>\n<iframe loading=\"lazy\" title=\"YouTube video player\" src=\"https:\/\/www.youtube.com\/embed\/2_lkHU0LB8s?si=stWfl_f0oebhj446\" width=\"560\" height=\"315\" frameborder=\"0\" allowfullscreen=\"allowfullscreen\"><\/iframe><br \/>\nCorja a subliniat c\u0103 at\u00e2t autorit\u0103\u021bile centrale, c\u00e2t \u0219i cele locale poart\u0103 responsabilitatea pentru aceast\u0103 problem\u0103, care pune \u00een pericol mediul \u0219i s\u0103n\u0103tatea cet\u0103\u021benilor, mai ales c\u0103 urmeaz\u0103 o \u00eenc\u0103lzire a vremii, iar carnea, \u00een descompunere, poate contamina solul \u0219i sursele de ap\u0103 din apropiere cu viru\u0219i \u0219i bacterii periculoase.<\/p>\n<p>Aproape 15 tone de carne congelat\u0103, alterat\u0103, au fost aruncate la groapa de gunoi a satului Puhoi, raionul Ialoveni, cre\u00e2nd un adev\u0103rat dezastru ecologic. Incidentul a fost f\u0103cut public de pre\u0219edintele Gardei Na\u021bionale de Mediu, Alexandru Corja, cel care a informat postul nostru de televiziune despre dezastrul ecologic.<\/p>\n<p>Corja a subliniat c\u0103 at\u00e2t autorit\u0103\u021bile centrale, c\u00e2t \u0219i cele locale poart\u0103 responsabilitatea pentru aceast\u0103 problem\u0103, care pune \u00een pericol mediul \u0219i s\u0103n\u0103tatea cet\u0103\u021benilor, mai ales c\u0103 urmeaz\u0103 o \u00eenc\u0103lzire a vremii, iar carnea, \u00een descompunere, poate contamina solul \u0219i sursele de ap\u0103 din apropiere cu viru\u0219i \u0219i bacterii periculoase.<\/p>\n<p>Carne pe toate meleagurile.<\/p>\n<p>La doar c\u00e2\u021biva pa\u0219i de casele oamenilor, la groapa de gunoi din Puhoi, stau adev\u0103ra\u021bi mun\u021bi de carne \u00eenghe\u021bat\u0103. O echip\u0103 Canal 5 a mers la fa\u021ba locului \u00eempreun\u0103 cu pre\u0219edintele G\u0103rzii Na\u021bionale de Mediu, Alexandru Corja, care a detaliat, \u00een exclusivitate pentru postul nostru de televiziune, gravitatea acestui incident, subliniind c\u0103 at\u00e2t autorit\u0103\u021bile centrale, c\u00e2t \u0219i cele locale sunt responsabile pentru ceea ce se \u00eent\u00e2mpl\u0103.<\/p>\n<p>Mai mult, acesta sus\u021bine c\u0103 cele circa 15 tone de carne aruncat\u0103 sunt o adev\u0103rat\u0103 bomb\u0103 ecologic\u0103 pentru localitate, iar efectele asupra mediului pot fi devastatoare \u2013 substan\u021bele toxice din carnea alterat\u0103 pot afecta grav solul, apa \u0219i \u00eentreg ecosistemul local.<\/p>\n<p>ALEXANDRU CORJA, pre\u0219edinte, Garda Na\u021bional\u0103 de Mediu<\/p>\n<p>Problema este mai grav\u0103 dec\u00e2t ne imaginam fiindc\u0103 vin c\u0103ldurile, 15 tone \u00eentr-un punct, \u00een c\u00e2\u021biva metri p\u0103tra\u021bi. Vedem \u00een vale floarea soarelui, c\u00e2mpuri agricole, apele subterane sunt afectate, c\u00e2inii t\u00e2r\u00e2ie, vulpile.<\/p>\n<p>Aceasta este o catastrof\u0103. Trebuie s\u0103 fie o groap\u0103 specializat\u0103, oamenii ar trebui s\u0103 fie mai responsabili de lucrul pe care \u00eel fac. Dar, dup\u0103 cum vedem, la noi \u00een \u021bar\u0103 se distruge practic tot, au pus \u021bara pe burt\u0103, pe burt\u0103. Eu vorbesc de Guvern, guvernare, de ceea ce vedem noi: ANSA, ecologia.<\/p>\n<p>Mai mult ca at\u00e2t, potrivit lui Corja, carnea a fost \u00eengropat\u0103, iar acest lucru este un atac direct asupra mediului \u00eenconjur\u0103tor deoarece substan\u021bele toxice care se elibereaz\u0103, pe m\u0103sur\u0103 ce carnea se descompune, pot contamina grav solul, apa \u0219i fauna local\u0103. Este o catastrof\u0103 care amenin\u021b\u0103 s\u0103n\u0103tatea oamenilor \u0219i a mediului, sus\u021bine el.<\/p>\n<p>ALEXANDRU CORJA, pre\u0219edinte, Garda Na\u021bional\u0103 de Mediu<\/p>\n<p>Iat\u0103 cum vedem aici avem carne tocat\u0103 \u00eenghe\u021bat\u0103, iat\u0103 uita\u021bi-v\u0103, ea a fost \u00eengropat\u0103, \u00eentrebarea este: de ce a fost \u00eengropat\u0103 \u0219i nu a fost dus\u0103 la o groap\u0103 specializat\u0103, de ce se face a\u0219a la noi, aceasta nu este numai aici, am v\u0103zut \u0219i cazurile cu capetele de porc \u0219i, iat\u0103, la o s\u0103pt\u0103m\u00e2n\u0103 vedem a\u0219a 15 tone la un loc \u00eengropate. Asta noi doar ce \u0219tim, dar \u00een realitate de se petrece \u00een Republica Moldova.<\/p>\n<p>Pe urm\u0103 noi ne \u00eentreb\u0103m de unde ne \u00eemboln\u0103vim, da cum s\u0103 nu ne \u00eemboln\u0103vim dac\u0103 statul nu are grij\u0103 de noi. Cum vre\u021bi s\u0103 nu ne \u00eemboln\u0103vim, ce ei o s\u0103 tr\u0103iasc\u0103 aici, ei nu o s\u0103 tr\u0103iasc\u0103 aici, o s\u0103-\u0219i ia hainele \u0219i o s\u0103 plece, noi o s\u0103 r\u0103m\u00e2nem aici, cet\u0103\u021benii de r\u00e2nd.<\/p>\n<p>Mai mult, el sus\u021bine c\u0103, atunci c\u00e2nd va fi cald, se va declan\u0219a o adev\u0103rat\u0103 bomb\u0103 ecologic\u0103.<\/p>\n<p>ALEXANDRU CORJA, pre\u0219edinte, Garda Na\u021bional\u0103 de Mediu<\/p>\n<p>Acum e frig, e \u00eenghe\u021bat, dar c\u00e2nd o s\u0103 fie cald, \u00eenchipui\u021bi-v\u0103 15 tone de carne \u00een c\u00e2\u021biva metri p\u0103stra\u021bi, \u00eenchipui\u021bi-v\u0103 ce va fi c\u00e2nd se va dezghe\u021ba aici, \u0219i a\u0219a miroase de doamne fere\u0219te, cu toate c\u0103-i frig, dar imagina\u021bi-v\u0103 dou\u0103 trei zile de 5-10 grade\u2026,aici o s\u0103 fie un dezastru.<\/p>\n<p>Aceasta este o alarm\u0103, trebuie de b\u0103tut alarma, noi a\u0219a mai departe nu o s\u0103 ajungem nic\u0103ieri, nu mai vorbim noi de Europa sau de altceva, despre care Europ\u0103 vorbi\u021bi voi. Voi o s\u0103 v\u0103 duce\u021bi \u00een Europa, da noi \u0219tim c\u0103 o s\u0103 v\u0103 umple\u021bi buzunarele \u0219i o s\u0103 v\u0103 duce\u021bi, de asta \u0219tim. Dar noi, care o s\u0103 st\u0103m aici acas\u0103, ce o s\u0103 facem cu dezastrul acesta?<\/p>\n<p>Ecologistul afirm\u0103 c\u0103 at\u00e2t autorit\u0103\u021bile centrale, c\u00e2t \u0219i cele locale se fac responsabile pentru acest dezastru \u0219i trebuie s\u0103 r\u0103spund\u0103 pentru lipsa de ac\u021biune.<\/p>\n<p>ALEXANDRU CORJA, pre\u0219edinte, Garda Na\u021bional\u0103 de Mediu<\/p>\n<p>Din c\u00e2te cunosc eu, aici la aceast\u0103 gunoi\u0219te trebuia s\u0103 fie amplasate camere, din mesajele care \u00eemi vin, dar din c\u00e2te cunosc, camerele stau la primar\/prim\u0103ri\u021b\u0103, nu \u0219tiu cine e aici la Puhoi, stau \u00een gunoi, nu se amplaseaz\u0103, eu cred c\u0103 este un interes ceva, pentru c\u0103 f\u0103r\u0103 prim\u0103rie s\u0103 arunci a\u0219a cantitate \u0219i s\u0103 vii s\u0103 \u00eengropi pe gunoi\u0219tea satului, asta nu fiecare \u00ee\u0219i permite.<\/p>\n<p>P\u0103rerea mea personal\u0103 e c\u0103 pe\u0219tele de la cap se stric\u0103, dar acest pe\u0219te e stricat de mult de la cap, de patru ani \u00een urm\u0103, pur \u0219i simplu noi nu am v\u0103zut p\u00e2n\u0103 acum.<\/p>\n<p>Locuitorii sunt \u0219i ei \u00eengrijora\u021bi de impactul pe termen lung al acestei catastrofe ecologice \u0219i cer autorit\u0103\u021bilor s\u0103 ia m\u0103suri imediate pentru a opri dezastrul \u00eenainte ca efectele s\u0103 fie vizibile.<\/p>\n<p>Virusuri de care vrei, boli, asta este periculos, trebuie de luat m\u0103suri.<\/p>\n<p>R\u0103spunde primarul, la primar \u0219i de luat m\u0103suri urgente.<\/p>\n<p>Nu este normal cum s\u0103 o duc\u0103 acolo.<\/p>\n<p>Era \u00eenainte paz\u0103 \u0219i f\u0103cea regul\u0103, unde s\u0103 fie descarcat, s\u0103 nu fie una peste alta.<\/p>\n<p>Groapa de gunoi din localitate este neautorizat\u0103, iar prim\u0103ria, de\u0219i \u0219tie de acest lucru, nu a luat nicio m\u0103sur\u0103. Mai mult dec\u00e2t at\u00e2t, prim\u0103ri\u021ba satului Puhoi, Nadejda Carajea, de la PAS, \u00eencearc\u0103 s\u0103 nege c\u0103 ceea ce se vede \u00een imagini este carne \u0219i c\u0103 ar fi 15 tone.<\/p>\n<p>NADEJDA CARAJEA, primarul satului Puhoi, Ialoveni<\/p>\n<p>De unde cunoa\u0219te\u021bi c\u0103 au fost 15 tone, a c\u00e2nt\u0103rit-o cineva \u0219i noi nu cunoa\u0219tem.\u00a0 Ar\u0103ta\u021bi-mi un document care arat\u0103 c\u0103 sunt 15 tone de carne, de unde a\u021bi luat c\u0103 este carne, ar\u0103ta\u021bi-mi un act care arat\u0103 c\u0103 este carne \u0219i au fost 15 tone.<\/p>\n<p>Contactat pentru un comentariu, \u0219eful Inspectoratului pentru Protec\u021bia Mediului, Ion Bulmaga, ne-a informat c\u0103 acest caz deja este investigat \u0219i c\u0103, ulterior, va face publice mai multe informa\u021bii.<\/p>\n<p>ION BULMAHA, \u0219eful Inspetoratului pentru Protec\u021bia Mediului<\/p>\n<p>Noi am investigat dou\u0103 s\u0103pt\u0103m\u00e2ni \u00een urm\u0103 cazul dat, la moment se \u00eentreprind m\u0103suri de identificare a f\u0103ptuitorului de comun cu Inspectoratul de Poli\u021bie Ialoveni. Noi \u00een scurt timp venim cu o pozi\u021bie oficial\u0103 pe pagina oficial\u0103 a Inspectoratului.<\/p>\n<p>Reprezentan\u021bii Agen\u021bia Na\u021bional\u0103 pentru Siguran\u021ba Alimentelor nu ne-au r\u0103spuns la telefon pentru un comentariu. Amintim c\u0103, la \u00eenceputul lunii februarie, pe un deal din localitatea Ro\u0219cani, raionul Str\u0103\u0219eni au fost depistate sute de capete de porci, vaci \u0219i oi aruncate la gr\u0103mad\u0103.<\/p>\n<p>Poli\u021bia din Str\u0103\u0219eni a declarat c\u0103 \u00eentreprinde ac\u021biuni pentru a indentifica f\u0103pta\u0219ul care ar fi transportat craniile \u00een c\u00e2mp, \u00eens\u0103 nici p\u00e2n\u0103 acum nu a venit cu un r\u0103spuns. La fel \u0219i ANSA, dar \u0219i Inspectoratul pentru Protec\u021bia Mediului s-au autosesizat, \u00eens\u0103 cu \u00eent\u00e2rziere, dar f\u0103r\u0103 s\u0103 ofere \u00eenc\u0103 detalii despre incident.<\/p>\n<\/div>\n","protected":false},"excerpt":{"rendered":"<div><img loading=\"lazy\" decoding=\"async\" width=\"696\" height=\"458\" src=\"https:\/\/canal5.md\/wp-content\/uploads\/2025\/02\/800422-optimized.webp\" class=\"attachment-large size-large wp-post-image\" alt=\"\" srcset=\"https:\/\/canal5.md\/wp-content\/uploads\/2025\/02\/800422-optimized.webp 760w, https:\/\/canal5.md\/wp-content\/uploads\/2025\/02\/800422-300x197-optimized.webp 300w, https:\/\/canal5.md\/wp-content\/uploads\/2025\/02\/800422-696x458-optimized.webp 696w\">Aproape 15 tone de carne congelat\u0103, alterat\u0103, au fost aruncate la groapa de gunoi a satului Puhoi, raionul Ialoveni, cre\u00e2nd un adev\u0103rat dezastru ecologic. Incidentul a fost f\u0103cut public de pre\u0219edintele Gardei Na\u021bionale de Mediu, Alexandru Corja, cel care a informat postul nostru de televiziune despre dezastrul ecologic. Corja a subliniat c\u0103 at\u00e2t autorit\u0103\u021bile centrale, [\u2026]<\/div>\n","protected":false},"author":1,"featured_media":68049,"comment_status":"closed","ping_status":"closed","sticky":false,"template":"","format":"standard","meta":{"jnews-multi-image_gallery":[],"jnews_single_post":[],"jnews_primary_category":[],"jnews_social_meta":[],"jnews_override_counter":[],"footnotes":""},"categories":[30],"tags":[],"class_list":["post-68048","post","type-post","status-publish","format-standard","has-post-thumbnail","hentry","category-social_ro"],"_links":{"self":[{"href":"https:\/\/orheifm.live\/index.php\/wp-json\/wp\/v2\/posts\/68048","targetHints":{"allow":["GET"]}}],"collection":[{"href":"https:\/\/orheifm.live\/index.php\/wp-json\/wp\/v2\/posts"}],"about":[{"href":"https:\/\/orheifm.live\/index.php\/wp-json\/wp\/v2\/types\/post"}],"author":[{"embeddable":true,"href":"https:\/\/orheifm.live\/index.php\/wp-json\/wp\/v2\/users\/1"}],"replies":[{"embeddable":true,"href":"https:\/\/orheifm.live\/index.php\/wp-json\/wp\/v2\/comments?post=68048"}],"version-history":[{"count":0,"href":"https:\/\/orheifm.live\/index.php\/wp-json\/wp\/v2\/posts\/68048\/revisions"}],"wp:featuredmedia":[{"embeddable":true,"href":"https:\/\/orheifm.live\/index.php\/wp-json\/wp\/v2\/media\/68049"}],"wp:attachment":[{"href":"https:\/\/orheifm.live\/index.php\/wp-json\/wp\/v2\/media?parent=68048"}],"wp:term":[{"taxonomy":"category","embeddable":true,"href":"https:\/\/orheifm.live\/index.php\/wp-json\/wp\/v2\/categories?post=68048"},{"taxonomy":"post_tag","embeddable":true,"href":"https:\/\/orheifm.live\/index.php\/wp-json\/wp\/v2\/tags?post=68048"}],"curies":[{"name":"wp","href":"https:\/\/api.w.org\/{rel}","templated":true}]}}