{"id":68044,"date":"2025-02-27T20:51:12","date_gmt":"2025-02-27T18:51:12","guid":{"rendered":"https:\/\/orheifm.live\/index.php\/2025\/02\/27\/revolte-in-societate-dupa-ce-radu-marian-s-a-laudat-cu-profitul-record-al-franzelutei-profituri-pe-seama-saraciei-si-a-pensionarilor-care-stau-in-rand-pentru-paine-sociala\/"},"modified":"2025-02-27T20:51:12","modified_gmt":"2025-02-27T18:51:12","slug":"revolte-in-societate-dupa-ce-radu-marian-s-a-laudat-cu-profitul-record-al-franzelutei-profituri-pe-seama-saraciei-si-a-pensionarilor-care-stau-in-rand-pentru-paine-sociala","status":"publish","type":"post","link":"https:\/\/orheifm.live\/index.php\/2025\/02\/27\/revolte-in-societate-dupa-ce-radu-marian-s-a-laudat-cu-profitul-record-al-franzelutei-profituri-pe-seama-saraciei-si-a-pensionarilor-care-stau-in-rand-pentru-paine-sociala\/","title":{"rendered":"Revolte \u00een societate dup\u0103 ce Radu Marian s-a l\u0103udat cu profitul record al \u201eFranzelu\u021bei\u201d: \u201eProfituri pe seama s\u0103r\u0103ciei \u0219i a pensionarilor care stau \u00een r\u00e2nd pentru p\u00e2ine social\u0103\u201d |VIDEO"},"content":{"rendered":"<div>\n<p><strong>Venituri pe seama s\u0103racilor. Un val de revolte s-a declan\u0219at \u00een societate, dup\u0103 ce deputatul PAS Radu Marian s-a l\u0103udat c\u0103 cel mai mare combinat de p\u00e2ine din \u021bar\u0103, Franzelu\u021ba, care vinde p\u00e2ine social\u0103 pentru persoanele vulnerabile, a ob\u021binut cel mai mare profit din ultimii 20 de ani.<\/strong><br \/>\n<iframe loading=\"lazy\" title=\"YouTube video player\" src=\"https:\/\/www.youtube.com\/embed\/vOSLTNkRb9Y?si=4v4-sr2liNRaHI-o\" width=\"560\" height=\"315\" frameborder=\"0\" allowfullscreen=\"allowfullscreen\"><\/iframe><br \/>\nInternau\u021bii l-au criticat dur, men\u021bion\u00e2nd c\u0103 oamenii ajung s\u0103 m\u0103n\u00e2nce doar p\u00e2ine goal\u0103 \u2013 la c\u00e2t de mult s-au scumpit celelalte produse alimentare! Unii l-au \u00eendemnat pe deputatul l\u0103ud\u0103ros s\u0103 nu se fac\u0103 de r\u00e2s prin asemenea post\u0103ri.<\/p>\n<p>Venituri pe seama s\u0103racilor. Un val de revolte s-a declan\u021bat \u00een societate, dup\u0103 ce deputatul PAS Radu Marian s-a l\u0103udat c\u0103 cel mai mare combinat de p\u00e2ine din \u021bar\u0103, Franzelu\u021ba, care vinde p\u00e2ine social\u0103 pentru persoanele vulnerabile, a ob\u021binut cel mai mare profit din ultimii 20 de ani.<\/p>\n<p>Internau\u021bii l-au criticat dur, men\u021bion\u00e2nd c\u0103 oamenii ajung s\u0103 m\u0103n\u00e2nce doar p\u00e2ine goal\u0103 \u2013 la c\u00e2t de mult s-au scumpit celelalte produse alimentare! Unii l-au \u00eendemnat pe deputatul l\u0103ud\u0103ros s\u0103 nu se fac\u0103 de r\u00e2s prin asemenea post\u0103ri.<\/p>\n<p>\u00cempov\u0103ra\u021bi de ani, \u00een baston, cu haine ponosite, \u00eenc\u0103l\u021b\u0103ri roase \u0219i zgribuli\u021bi de frig. Ace\u0219tia sunt oamenii care \u201e\u00eembog\u0103\u021besc\u201d combinatul de panifica\u021bie \u201eFranzelu\u021ba\u201d, a\u0219a cum se laud\u0103 deputatul PAS Radu Marian.<\/p>\n<p>De plou\u0103, de-i v\u00e2nt, v\u00e2rstnicii care nu-\u0219i permit \u201ep\u00e2inea noastr\u0103 cea de toate zilele\u201d sunt nevoi\u021bi s\u0103 stea \u00een cozi imense, cu noaptea \u00een cap, pentru a prinde o p\u00e2ine mai ieftin\u0103, care este alimentul de baz\u0103 pentru ei. De vin\u0103 ar fi pensiile mici \u0219i pl\u0103\u021bile la utilit\u0103\u021bi, spun oamenii. men\u021bion\u00e2nd c\u0103, p\u00e2inea social\u0103 de trei lei este o sc\u0103pare.<\/p>\n<p>Ce pensie ave\u021bi?<\/p>\n<p>2.700, ca la to\u021bi!<\/p>\n<p>Pentru ce v\u0103 ajung ace\u0219ti bani?<\/p>\n<p>Pentru nimic, pentru supravie\u021buire.<\/p>\n<p>Nu doar pensionarii tr\u0103iesc prost, datorit\u0103 guvern\u0103rii nostre.<\/p>\n<p>De ce este vinovat\u0103 guvernarea?<\/p>\n<p>Pentru c\u0103 nu lucreaz\u0103 pentru oameni, ci lucreaz\u0103 pentru ei \u00een\u0219i\u0219i \u0219i asta-i tot<\/p>\n<p>Li se pare c\u0103 nu fur\u0103, dar to\u021bi au case, de unde le-au luat? Chiar \u0219i din salariul mare pe care \u00eel primesc nu-i posibil s\u0103-\u021bi faci imposibil\u0103 a\u0219a case ca ale lor.<br \/>\nVorbi\u021bi de casa lui Cern\u0103u\u021beanu?<\/p>\n<p>Da, nu numai Cern\u0103u\u021beanu, to\u021bi au a\u0219a case.<\/p>\n<p>\u2013 Ce pensie ave\u021bi?<\/p>\n<p>\u2013 3.200<\/p>\n<p>Pentru ce v\u0103 ajunge pensia?<\/p>\n<p>Pentru servicii comunale doar. Nu po\u021bi cump\u0103ra nimic.<\/p>\n<p>Din aceast\u0103 cauz\u0103 sta\u021bi \u00een r\u00e2nd de diminea\u021b\u0103 dup\u0103 p\u00e2ine social\u0103?<\/p>\n<p>\u2013 Da, da.<\/p>\n<p>Trebuie s\u0103 te treze\u0219ti diminea\u021ba devreme. La ora 6 trebuie s\u0103 fii aici deja.<\/p>\n<p>Nu ne dau posibilitatea s\u0103 tr\u0103im liber, mai ales pensionarilor, ca s\u0103 poat\u0103 cump\u0103ra o bucat\u0103 de carne.<\/p>\n<p>Ce pute\u021bi s\u0103 cump\u0103ra\u021bi din pensie?<\/p>\n<p>Aproape nimic. La medicamente nici nu m\u0103 pot g\u00e2ndi.<\/p>\n<p>C\u00e2t de des veni\u021bi aici dup\u0103 p\u00e2ine social\u0103?<\/p>\n<p>\u00cen fiecare diminea\u021b\u0103.\u00a0 Ei tr\u0103iesc foarte bine, dar la oameni nu se g\u00e2ndesc. Se g\u00e2ndesc la ei doar, vor doar lor s\u0103 le fie bine, ceilal\u021bi nu-i intereseaz\u0103.<\/p>\n<p>\u00cen timp ce b\u0103tr\u00e2nii formeaz\u0103 cozi \u00een fa\u021ba magazinelor pentru a reu\u0219i s\u0103 cumpere p\u00e2inea s\u0103r\u0103ciei, pe care combinatul de panifica\u021bie \u201eFranzelu\u021ba\u201d o produce, deputatul PAS, Radu Marian a scris \u00eentr-o postare pe re\u021belele de socializare c\u0103 p\u00e2inea a adus combinatului de panifica\u021bie cel mai mare profit din ultimii 20 de ani.\u201dBani \u00een plus la bugetul de stat\u201d, a subliniat reprezentantul guvern\u0103rii.<\/p>\n<p>Postarea sa \u00eens\u0103 a st\u00e2rnit reac\u021bii dure. Unii internau\u021bi au scris \u00een comentarii c\u0103 p\u00e2inea este cea mai scump\u0103 din ultimii 20 de ani. Asta chiar dac\u0103 anul acesta gr\u00e2ul a fost a fost cel mai ieftin din ultimele dou\u0103 decenii.<\/p>\n<p>\u201eEste foarte bine datorit\u0103 vou\u0103, c\u0103 a\u021bi ridicat pre\u021burile\u201d, a punctat cineva. \u201dP\u0103cat c\u0103 e Franzelu\u021ba, ar fi fost mai l\u0103udabil sa auzim rezultate de la Metalferos, Aeroport, Calea Ferat\u0103\u201d, se spune \u00eentr-un alt comentariu.<\/p>\n<p>Tot la postarea lui Marian, oamenii au scris: \u201dUn produs social a adus cel mai mare profit, dar noi ne l\u0103ud\u0103m\u201d. \u201eBani \u00een plus pe seama pensionarilor care stau \u00een r\u00e2nd dup\u0103 p\u00e2ine de la 05:00 diminea\u021ba. Oamenilor le-a r\u0103mas s\u0103 cumpere numai p\u00e2ine, la ce pre\u021buri sunt la alimente, se arat\u0103 \u00eentr-un alt comentariu.<\/p>\n<p>Sunt \u0219i voci care l-au \u00eendemnat pe Marian s\u0103 nu se fac\u0103 de ru\u0219ine prin asemenea post\u0103ri.<\/p>\n<p>Radule, produsul de baz\u0103 a Franzelu\u021bei este p\u00e2inea, p\u00e2inea fiind un produs social, un produs al p\u0103turilor sociale celei mai vulnerabile, deoarece m\u00e2ncarea pentru p\u0103turile vulnerabile este cheltuiala lor de baz\u0103 \u0219i voi v\u0103 l\u0103uda\u021bi c\u0103 a\u021bi f\u0103cut mai mul\u021bi bani pe cei s\u0103raci? Dac\u0103 aveai c\u00e2t de c\u00e2t \u00een\u021belepciune, macar nu postai.<\/p>\n<p>Eu \u00een\u021beleg dac\u0103 tu, Radule, te l\u0103udai c\u0103 a\u021bi crescut profitul la Metalferos, o \u00eentreprindere de stat mai mare, cu rulaj de miliarde \u0219i afaceri pe metal uzat de zeci de miliarde, dac\u0103 te l\u0103udai c\u0103 ai f\u0103cut profit din Aeroportul Interna\u021bional Chi\u0219in\u0103u, care este licitat de zeci de ori \u0219i a devenit motiv de bancuri \u00een Europa la oamenii de afaceri, dar tu te lauzi c\u0103 a\u021bi f\u0103cut supraprofituri pe p\u00e2ine? Pe p\u00e2inea pe care o cump\u0103r\u0103 pensionarii no\u0219tri, fra\u021bii \u0219i surorile noastre, cei mai vulnerabili pentru care cheltuiala de baz\u0103 este m\u00e2ncarea \u0219i tu te lauzi c\u0103 ai f\u0103cut bani pe p\u00e2ine?<\/p>\n<p>P\u00e2inea social\u0103 este produs\u0103 din veniturile produc\u0103torului de panifica\u021bie, f\u0103r\u0103 ajutor financiar de la stat. P\u00e2inea poate fi g\u0103sit\u0103 doar pe rafturile magazinelor Franzelu\u021ba. La unul dintre magazinele din centrul capitalei, zilnic se livreaz\u0103 \u00een jur de 250 de p\u00e2ini sociale \u0219i exist\u0103 limit\u0103: doar c\u00e2te 2 p\u00e2ini de persoan\u0103.<\/p>\n<p>Din 2015 \u0219i p\u00e2n\u0103 anul trecut, un sprijin important pentru persoanele nevoia\u0219e au fost magazinele sociale deschise la ini\u021biativa lui Ilan \u0218or, unde se puteau cump\u0103ra produse la sinecost, iar p\u00e2inea \u2013 cu doar un leu. \u00cens\u0103 autorit\u0103\u021bile au \u00eenchis magazinele sta\u021bionare \u0219i obstruc\u021bioneaz\u0103 \u00een toate modurile activitatea magazinelor mobile. \u00cen schimb, Franzelu\u021ba, \u00eempreun\u0103 cu PAS, ob\u021bin profituri record pe seama s\u0103r\u0103ciei \u00een care chiar guvernarea a \u00eempins popula\u021bia.<\/p>\n<\/div>\n","protected":false},"excerpt":{"rendered":"<div><img loading=\"lazy\" decoding=\"async\" width=\"696\" height=\"391\" src=\"https:\/\/canal5.md\/wp-content\/uploads\/2025\/02\/img_8556-optimized.jpeg\" class=\"attachment-large size-large wp-post-image\" alt=\"\" srcset=\"https:\/\/canal5.md\/wp-content\/uploads\/2025\/02\/img_8556-optimized.jpeg 900w, https:\/\/canal5.md\/wp-content\/uploads\/2025\/02\/img_8556-300x168-optimized.jpeg 300w, https:\/\/canal5.md\/wp-content\/uploads\/2025\/02\/img_8556-768x431-optimized.jpeg 768w, https:\/\/canal5.md\/wp-content\/uploads\/2025\/02\/img_8556-696x391-optimized.jpeg 696w\">Venituri pe seama s\u0103racilor. Un val de revolte s-a declan\u0219at \u00een societate, dup\u0103 ce deputatul PAS Radu Marian s-a l\u0103udat c\u0103 cel mai mare combinat de p\u00e2ine din \u021bar\u0103, Franzelu\u021ba, care vinde p\u00e2ine social\u0103 pentru persoanele vulnerabile, a ob\u021binut cel mai mare profit din ultimii 20 de ani. Internau\u021bii l-au criticat dur, men\u021bion\u00e2nd c\u0103 oamenii [\u2026]<\/div>\n","protected":false},"author":1,"featured_media":68045,"comment_status":"closed","ping_status":"closed","sticky":false,"template":"","format":"standard","meta":{"jnews-multi-image_gallery":[],"jnews_single_post":[],"jnews_primary_category":[],"jnews_social_meta":[],"jnews_override_counter":[],"footnotes":""},"categories":[23],"tags":[],"class_list":["post-68044","post","type-post","status-publish","format-standard","has-post-thumbnail","hentry","category-politica_ro"],"_links":{"self":[{"href":"https:\/\/orheifm.live\/index.php\/wp-json\/wp\/v2\/posts\/68044","targetHints":{"allow":["GET"]}}],"collection":[{"href":"https:\/\/orheifm.live\/index.php\/wp-json\/wp\/v2\/posts"}],"about":[{"href":"https:\/\/orheifm.live\/index.php\/wp-json\/wp\/v2\/types\/post"}],"author":[{"embeddable":true,"href":"https:\/\/orheifm.live\/index.php\/wp-json\/wp\/v2\/users\/1"}],"replies":[{"embeddable":true,"href":"https:\/\/orheifm.live\/index.php\/wp-json\/wp\/v2\/comments?post=68044"}],"version-history":[{"count":0,"href":"https:\/\/orheifm.live\/index.php\/wp-json\/wp\/v2\/posts\/68044\/revisions"}],"wp:featuredmedia":[{"embeddable":true,"href":"https:\/\/orheifm.live\/index.php\/wp-json\/wp\/v2\/media\/68045"}],"wp:attachment":[{"href":"https:\/\/orheifm.live\/index.php\/wp-json\/wp\/v2\/media?parent=68044"}],"wp:term":[{"taxonomy":"category","embeddable":true,"href":"https:\/\/orheifm.live\/index.php\/wp-json\/wp\/v2\/categories?post=68044"},{"taxonomy":"post_tag","embeddable":true,"href":"https:\/\/orheifm.live\/index.php\/wp-json\/wp\/v2\/tags?post=68044"}],"curies":[{"name":"wp","href":"https:\/\/api.w.org\/{rel}","templated":true}]}}