{"id":68042,"date":"2025-02-27T20:46:15","date_gmt":"2025-02-27T18:46:15","guid":{"rendered":"https:\/\/orheifm.live\/index.php\/2025\/02\/27\/cinismul-marca-pas-igor-grosu-despre-datoriile-salariale-bugetul-de-stat-nu-este-un-fond-caritabil-video\/"},"modified":"2025-02-27T20:46:15","modified_gmt":"2025-02-27T18:46:15","slug":"cinismul-marca-pas-igor-grosu-despre-datoriile-salariale-bugetul-de-stat-nu-este-un-fond-caritabil-video","status":"publish","type":"post","link":"https:\/\/orheifm.live\/index.php\/2025\/02\/27\/cinismul-marca-pas-igor-grosu-despre-datoriile-salariale-bugetul-de-stat-nu-este-un-fond-caritabil-video\/","title":{"rendered":"Cinismul marca PAS. Igor Grosu despre datoriile salariale: \u201eBugetul de stat nu este un fond caritabil |VIDEO"},"content":{"rendered":"<div>\n<p><strong>\u201eNu putem transforma bugetul de stat \u00eentr-un fond caritabil\u201d! A\u0219a a comentat pre\u0219edintele Parlamentului \u0219i liderul PAS, Igor Grosu cererea feroviarilor de a-\u0219i primi salariile restante din ultimele \u0219apte luni.<\/strong><br \/>\n<iframe loading=\"lazy\" title=\"YouTube video player\" src=\"https:\/\/www.youtube.com\/embed\/EfGGsrrf5nY?si=A5YmEMLOykXfiPAj\" width=\"560\" height=\"315\" frameborder=\"0\" allowfullscreen=\"allowfullscreen\"><\/iframe><br \/>\nEl consider\u0103 c\u0103 \u00eentreprinderea de stat \u201eCalea Ferat\u0103 a Moldovei\u201d nu doar c\u0103 \u00eenregistreaz\u0103 pierderi, dar le \u0219i agraveaz\u0103 din cauza managementului ineficient. \u00cen opinia sa, este necesar ca CFM s\u0103 se mobilizeze \u0219i s\u0103 g\u0103seasc\u0103 solu\u021bii viabile. Totu\u0219i, Grosu nu a oferit nicio propunere concret\u0103 despre cum ar trebui s\u0103 ias\u0103 \u00eentreprinderea din criz\u0103.<\/p>\n<p>\u00cen acela\u0219i timp, autorit\u0103\u021bile privesc bugetul de stat ca pe un fond caritabil, atunci c\u00e2nd, pe fondul unei crize \u0219i al unui deficit bugetar uria\u0219, majoreaz\u0103 salariile mini\u0219trilor \u0219i pe cele ale judec\u0103torilor, pl\u0103tesc sume uria\u0219e oficialilor implica\u021bi \u00een procesul birocratic de integrare european\u0103 sau cheltuiesc milioane de lei \u00een nesf\u00e2r\u0219ite c\u0103l\u0103torii de afaceri \u00een str\u0103in\u0103tate sau pentru finan\u021barea campaniei lor electorale.<\/p>\n<p>Amintim c\u0103 feroviarii moldoveni au protestat \u00een toat\u0103 \u021bara pe 14 februarie. Ei cer plata restan\u021belor pe salarii, pe care nu le-au mai primit de \u0219apte luni. Potrivit Federa\u021biei Sindicatelor Feroviare, p\u00e2n\u0103 \u00een prezent, datoriile salariale au dep\u0103\u0219it deja 191 de milioane de lei.<\/p>\n<p>Urm\u0103toarea ac\u021biune de protest a angaja\u021bilor \u00eentreprinderii de stat \u201eC\u0103ile Ferate din Moldova\u201d va avea loc m\u00e2ine, 28 februarie.<\/p>\n<p>IGOR GROSU, pre\u0219edintele Parlamentului, liderul PAS<\/p>\n<p>Este vorba de bani mul\u021bi. Dar nu po\u021bi la nesf\u00e2r\u0219it s\u0103 acoperi un deficit care cre\u0219te, \u0219i cre\u0219te, \u0219i cre\u0219te. Managementul acestei institu\u021bii trebuie s\u0103 r\u0103sufle m\u00e2necile \u0219i s\u0103 se pun\u0103 pe treab\u0103.<\/p>\n<p>Nu trebuie s\u0103 te g\u00e2nde\u0219ti \u00eentotdeauna c\u0103 exist\u0103 buget de stat, ne vom duce, \u00eentindem m\u00e2na \u0219i ne-o vor da. Acest lucru este nedrept. Exist\u0103 \u0219i alte \u00eentreprinderi de stat care func\u021bioneaz\u0103 cu succes \u2013 \u201ePo\u0219ta Moldovei\u201d, \u201eMoldtelecom\u201d, alte \u00eentreprinderi cu capital de stat. S\u0103 ne mi\u0219c\u0103m.<\/p>\n<p>Ei protesteaz\u0103 \u2013 da, toat\u0103 lumea are dreptul s\u0103 protesteze, dar este imposibiln tot timpul s\u0103 ei dintr-un buzunar \u0219i s\u0103 pui \u00een a\u0219t buzunar. s\u0103 se transfere constant dintr-un buzunar \u00een altul. Acesta p\u00e2n\u0103 la urm\u0103 este business. Nu este societate de binefacere, nu este organiza\u021bie de caritate.<\/p>\n<\/div>\n","protected":false},"excerpt":{"rendered":"<div><img decoding=\"async\" width=\"696\" height=\"392\" src=\"https:\/\/canal5.md\/wp-content\/uploads\/2025\/02\/igor-grosu-1024x576-optimized.jpg\" class=\"attachment-large size-large wp-post-image\" alt=\"\" loading=\"lazy\" srcset=\"https:\/\/canal5.md\/wp-content\/uploads\/2025\/02\/igor-grosu-1024x576-optimized.jpg 1024w, https:\/\/canal5.md\/wp-content\/uploads\/2025\/02\/igor-grosu-300x169-optimized.jpg 300w, https:\/\/canal5.md\/wp-content\/uploads\/2025\/02\/igor-grosu-768x432-optimized.jpg 768w, https:\/\/canal5.md\/wp-content\/uploads\/2025\/02\/igor-grosu-1536x864-optimized.jpg 1536w, https:\/\/canal5.md\/wp-content\/uploads\/2025\/02\/igor-grosu-696x392-optimized.jpg 696w, https:\/\/canal5.md\/wp-content\/uploads\/2025\/02\/igor-grosu-1068x601-optimized.jpg 1068w, https:\/\/canal5.md\/wp-content\/uploads\/2025\/02\/igor-grosu-optimized.jpg 1920w\">\u201eNu putem transforma bugetul de stat \u00eentr-un fond caritabil\u201d! A\u0219a a comentat pre\u0219edintele Parlamentului \u0219i liderul PAS, Igor Grosu cererea feroviarilor de a-\u0219i primi salariile restante din ultimele \u0219apte luni. El consider\u0103 c\u0103 \u00eentreprinderea de stat \u201eCalea Ferat\u0103 a Moldovei\u201d nu doar c\u0103 \u00eenregistreaz\u0103 pierderi, dar le \u0219i agraveaz\u0103 din cauza managementului ineficient. \u00cen opinia [\u2026]<\/div>\n","protected":false},"author":1,"featured_media":68043,"comment_status":"closed","ping_status":"closed","sticky":false,"template":"","format":"standard","meta":{"jnews-multi-image_gallery":[],"jnews_single_post":[],"jnews_primary_category":[],"jnews_social_meta":[],"jnews_override_counter":[],"footnotes":""},"categories":[23],"tags":[],"class_list":["post-68042","post","type-post","status-publish","format-standard","has-post-thumbnail","hentry","category-politica_ro"],"_links":{"self":[{"href":"https:\/\/orheifm.live\/index.php\/wp-json\/wp\/v2\/posts\/68042","targetHints":{"allow":["GET"]}}],"collection":[{"href":"https:\/\/orheifm.live\/index.php\/wp-json\/wp\/v2\/posts"}],"about":[{"href":"https:\/\/orheifm.live\/index.php\/wp-json\/wp\/v2\/types\/post"}],"author":[{"embeddable":true,"href":"https:\/\/orheifm.live\/index.php\/wp-json\/wp\/v2\/users\/1"}],"replies":[{"embeddable":true,"href":"https:\/\/orheifm.live\/index.php\/wp-json\/wp\/v2\/comments?post=68042"}],"version-history":[{"count":0,"href":"https:\/\/orheifm.live\/index.php\/wp-json\/wp\/v2\/posts\/68042\/revisions"}],"wp:featuredmedia":[{"embeddable":true,"href":"https:\/\/orheifm.live\/index.php\/wp-json\/wp\/v2\/media\/68043"}],"wp:attachment":[{"href":"https:\/\/orheifm.live\/index.php\/wp-json\/wp\/v2\/media?parent=68042"}],"wp:term":[{"taxonomy":"category","embeddable":true,"href":"https:\/\/orheifm.live\/index.php\/wp-json\/wp\/v2\/categories?post=68042"},{"taxonomy":"post_tag","embeddable":true,"href":"https:\/\/orheifm.live\/index.php\/wp-json\/wp\/v2\/tags?post=68042"}],"curies":[{"name":"wp","href":"https:\/\/api.w.org\/{rel}","templated":true}]}}