{"id":68040,"date":"2025-02-27T20:42:19","date_gmt":"2025-02-27T18:42:19","guid":{"rendered":"https:\/\/orheifm.live\/index.php\/2025\/02\/27\/cel-mai-important-este-sa-nu-ajungem-sa-ne-confruntam-cu-noi-insine-pas-respinge-initiativa-opozitiei-de-a-discuta-activitatea-retelei-soros-in-moldova-video\/"},"modified":"2025-02-27T20:42:19","modified_gmt":"2025-02-27T18:42:19","slug":"cel-mai-important-este-sa-nu-ajungem-sa-ne-confruntam-cu-noi-insine-pas-respinge-initiativa-opozitiei-de-a-discuta-activitatea-retelei-soros-in-moldova-video","status":"publish","type":"post","link":"https:\/\/orheifm.live\/index.php\/2025\/02\/27\/cel-mai-important-este-sa-nu-ajungem-sa-ne-confruntam-cu-noi-insine-pas-respinge-initiativa-opozitiei-de-a-discuta-activitatea-retelei-soros-in-moldova-video\/","title":{"rendered":"Cel mai important este s\u0103 nu ajungem s\u0103 ne confrunt\u0103m cu noi \u00een\u0219ine. PAS respinge ini\u021biativa opozi\u021biei de a discuta activitatea re\u021belei Soros \u00een Moldova |VIDEO"},"content":{"rendered":"<div>\n<p><strong>Majoritatea parlamentar\u0103 PAS a respins propunerea de a discuta, \u00een Parlament, activitatea re\u021belei Soros \u00een Moldova, pe fondul scandalurilor care s-au intensificat \u00een ultima perioad\u0103 \u00een jurul acestei structuri. Deputa\u021bii grupului \u201eVictorie\u201d au insistat pentru audieri cu participarea reprezentan\u021bilor autorit\u0103\u021bilor de for\u021b\u0103, dar ini\u021biativa lor a fost blocat\u0103. PAS a refuzat s\u0103 ia \u00een considerare \u0219i alte ini\u021biative ale opozi\u021biei.<\/strong><br \/>\n<iframe loading=\"lazy\" title=\"YouTube video player\" src=\"https:\/\/www.youtube.com\/embed\/nzuEDY87q4w?si=n-m7ZeMYyTwKungu\" width=\"560\" height=\"315\" frameborder=\"0\" allowfullscreen=\"allowfullscreen\"><\/iframe><br \/>\nAceast\u0103 abordare a devenit un obicei pentru actuala putere, de\u0219i ap\u0103r\u0103torii drepturilor omului au declarat de mai multe ori c\u0103 majoritatea parlamentar\u0103 \u00eencalc\u0103 sistematic drepturile deputa\u021bilor din opozi\u021bie, ignor\u00e2nd ini\u021biativele lor.<\/p>\n<p>La \u0219edin\u021ba parlamentului de joi, deputatul grupului \u201eVictorie\u201d, Alexandr Suhodolski, a propus organizarea unor audieri cu privire la activitatea a\u0219a-numitei re\u021bele Soros \u00een Republica Moldova. Pa \u0219i-a explicat ini\u021biativa prin necesitatea l\u0103muririi situa\u021biei pe fondul unor scandaluri de mare amploare cu care aceast\u0103 structur\u0103 este asociat\u0103 \u00een diverse \u021b\u0103ri.<\/p>\n<p>ALEXANDR SUHODOLSCKI deputat Blocul \u201eVictorie\u201d<\/p>\n<p>Propunem audierea conducerii Serviciului de Informa\u021bii \u0219i Securitate, a Procuraturii Generale, a Centrului Na\u021bional Anticorup\u021bie, a Ministerului Afacerilor Externe \u0219i a Serviciului de Prevenire a Sp\u0103l\u0103rii Banilor cu privire la activitatea re\u021belei \u201eSoros\u201d \u00een Republica Moldova, pe parcursul perioadei de independen\u021b\u0103 a \u021b\u0103rii noastre.<\/p>\n<p>Dup\u0103 cum observ\u0103m, at\u00e2t la nivel interna\u021bional, c\u00e2t \u0219i \u00een Republica Moldova, societatea este extrem de \u00eengrijorat\u0103 cu privire la scopurile reale, rolul \u0219i consecin\u021bele activit\u0103\u021bii re\u021belei \u201eSoros\u201d \u00een contextul asigur\u0103rii independen\u021bei \u0219i securit\u0103\u021bii statului nostru. \u00cen prezent, \u00een spa\u021biul public, mai mul\u021bi politicieni \u0219i persoane de stat, inclusiv din Uniunea European\u0103, vorbesc constant despre influen\u021ba negativ\u0103 a acestei re\u021bele.<\/p>\n<p>Propunerea a fost respins\u0103 de majoritatea PAS. Amintim c\u0103 pre\u0219edintele SUA, Donald Trump, a blocat recent finan\u021barea grupurilor \u0219i fondurilor asociate lui George \u0219i Alex Soros, care urmau s\u0103 primeasc\u0103 aproximativ 50 de miliarde de dolari de la Agen\u021bia USAID.<\/p>\n<p>Informa\u021bia a fost furnizat\u0103 de funda\u021bia \u201eOpen Lithuania\u201d, \u00eenfiin\u021bat\u0103 de Soros. Organiza\u021bii similare activeaz\u0103, printre altele, \u00een Moldova, Ungaria, India, China, Kazahstan, Uzbekistan, Georgia \u0219i alte \u021b\u0103ri.<\/p>\n<p>\u00cen Georgia, \u00eencercarea de a introduce raportarea fondurilor Soros \u0219i a organiza\u021biilor similare fa\u021b\u0103 de stat a dus la proteste \u00eendelungate. Interdic\u021bia lui Trump privind pl\u0103\u021bile c\u0103tre aceste ONG-uri ar putea reduce activitatea protestatarilor din Georgia, av\u00e2nd \u00een vedere c\u0103 multe dintre organiza\u021biile care sus\u021bin protestele din acea \u021bar\u0103 sunt finan\u021bate de Statele Unite.<\/p>\n<p>Amintim c\u0103 funda\u021bia condus\u0103 de miliardarul american George Soros finan\u021beaz\u0103 \u0219i o serie de institu\u021bii \u00een \u021bara noastr\u0103. Recent, pre\u0219edintele Consiliului Funda\u021biilor \u201eOpen Society\u201d, Alex Soros, s-a \u00eent\u00e2lnit cu premierul Dorin Recean la Forumul Economic Mondial de la Davos, unde au f\u0103cut o fotografie \u00eempreun\u0103.<\/p>\n<p>De asemenea, anul trecut, pre\u0219edintele Maia Sandu a avut dou\u0103 \u00eent\u00e2lniri cu Alex Soros. Ea s-a \u00eent\u00e2lnit cu el \u0219i \u00een ianuarie 2023, tot la Forumul Economic Mondial de la Davos, iar apoi \u2013 \u00een septembrie aceluia\u0219i an la New York, unde se afla la Adunarea General\u0103 a Organiza\u021biei Na\u021biunilor Unite.<\/p>\n<p>La \u0219edin\u021ba de joi nu au fost aprobate nici alte ini\u021biative ale opozi\u021biei. Printre acestea s-a num\u0103rat propunerea reprezentantei Blocului Comuni\u0219tilor \u0219i Sociali\u0219tilor, Diana Karaman. Ea a solicitat audirea prim-ministrului Dorin Recean privind achizi\u021bionarea echipamentului din Belgia, care ridic\u0103 mari semne de \u00eentrebare.<\/p>\n<p>DIANA CARAMAN, deputat BCS<\/p>\n<p>La 6 februarie, Congresul Autorit\u0103\u021bilor Locale din Republica Moldova a trimis o scrisoare c\u0103tre Guvern referitoare la proiectul acordului de \u00eemprumut dintre Republica Moldova \u0219i Belgia privind achizi\u021bionarea unor chio\u0219curi-sta\u021bii pentru v\u00e2nzarea apei potabile, \u00een valoare de 12 milioane de euro.<\/p>\n<p>\u00cen concluziile sale, CALM a atras aten\u021bia asupra faptului c\u0103, \u00een cadrul viitorului acord, se preconizeaz\u0103 achizi\u021bionarea a 68 de chio\u0219curi-sta\u021bii la un pre\u021b de 176 de mii de euro fiecare, \u00een timp ce pe pia\u021ba din Republica Moldova astfel de chio\u0219curi pot fi cump\u0103rate cu 3,4 mii de euro per unitate. Av\u00e2nd \u00een vedere c\u0103 diferen\u021ba de pre\u021b este de 51%, Blocul Comuni\u0219tilor \u0219i Sociali\u0219tilor \u00eel invit\u0103 pe prim-ministru la audieri pe acest subiect.<\/p>\n<p>Nici aceast\u0103 propunere nu a fost acceptat\u0103. Reprezentan\u021bii opozi\u021biei au semnalat \u00een repetate r\u00e2nduri \u00eenc\u0103lcarea sistematic\u0103 a drepturilor lor de c\u0103tre majoritatea parlamentar\u0103 a partidului de guvernare PAS. Ace\u0219tia au atras aten\u021bia asupra faptului c\u0103, de regul\u0103, propunerile lor nu sunt incluse pe ordinea de zi a Parlamentului.<\/p>\n<p>Deputa\u021bii grupului parlamentar \u201eVictorie\u201d consider\u0103 c\u0103 actuala guvernare manifest\u0103 indiferen\u021b\u0103 fa\u021b\u0103 de cet\u0103\u021beni, iar din cauza iresponsabilit\u0103\u021bii celor afla\u021bi la putere, au de suferit oamenii simpli. Aceste \u00eenc\u0103lc\u0103ri au fost semnalate \u0219i de Asocia\u021bia Promo- LEX, care monitorizeaz\u0103 activitatea legislativului.<\/p>\n<p>Organiza\u021bia a declarat \u00een repetate r\u00e2nduri c\u0103 majoritatea parlamentar\u0103 limiteaz\u0103 drepturile opozi\u021biei \u0219i \u00eencalc\u0103 Regulamentul Parlamentului. \u201e\u00cen timpul sesiunilor trebuie s\u0103 existe dou\u0103-trei \u0219edin\u021be dedicate proiectelor opozi\u021biei, dar, din p\u0103cate, acest lucru nu se \u00eent\u00e2mpl\u0103\u201d, se men\u021bioneaz\u0103 \u00eentr-unul dintre rapoartele Promo-LEX.<\/p>\n<\/div>\n","protected":false},"excerpt":{"rendered":"<div><img loading=\"lazy\" decoding=\"async\" width=\"696\" height=\"521\" src=\"https:\/\/canal5.md\/wp-content\/uploads\/2023\/12\/pas-1024x767-optimized.webp\" class=\"attachment-large size-large wp-post-image\" alt=\"\" srcset=\"https:\/\/canal5.md\/wp-content\/uploads\/2023\/12\/pas-1024x767-optimized.webp 1024w, https:\/\/canal5.md\/wp-content\/uploads\/2023\/12\/pas-300x225-optimized.webp 300w, https:\/\/canal5.md\/wp-content\/uploads\/2023\/12\/pas-768x576-optimized.webp 768w, https:\/\/canal5.md\/wp-content\/uploads\/2023\/12\/pas-1536x1151-optimized.webp 1536w, https:\/\/canal5.md\/wp-content\/uploads\/2023\/12\/pas-696x522-optimized.webp 696w, https:\/\/canal5.md\/wp-content\/uploads\/2023\/12\/pas-1068x800-optimized.webp 1068w, https:\/\/canal5.md\/wp-content\/uploads\/2023\/12\/pas-jpg-optimized.webp 1920w\">Majoritatea parlamentar\u0103 PAS a respins propunerea de a discuta, \u00een Parlament, activitatea re\u021belei Soros \u00een Moldova, pe fondul scandalurilor care s-au intensificat \u00een ultima perioad\u0103 \u00een jurul acestei structuri. Deputa\u021bii grupului \u201eVictorie\u201d au insistat pentru audieri cu participarea reprezentan\u021bilor autorit\u0103\u021bilor de for\u021b\u0103, dar ini\u021biativa lor a fost blocat\u0103. PAS a refuzat s\u0103 ia \u00een considerare [\u2026]<\/div>\n","protected":false},"author":1,"featured_media":68041,"comment_status":"closed","ping_status":"closed","sticky":false,"template":"","format":"standard","meta":{"jnews-multi-image_gallery":[],"jnews_single_post":[],"jnews_primary_category":[],"jnews_social_meta":[],"jnews_override_counter":[],"footnotes":""},"categories":[23],"tags":[],"class_list":["post-68040","post","type-post","status-publish","format-standard","has-post-thumbnail","hentry","category-politica_ro"],"_links":{"self":[{"href":"https:\/\/orheifm.live\/index.php\/wp-json\/wp\/v2\/posts\/68040","targetHints":{"allow":["GET"]}}],"collection":[{"href":"https:\/\/orheifm.live\/index.php\/wp-json\/wp\/v2\/posts"}],"about":[{"href":"https:\/\/orheifm.live\/index.php\/wp-json\/wp\/v2\/types\/post"}],"author":[{"embeddable":true,"href":"https:\/\/orheifm.live\/index.php\/wp-json\/wp\/v2\/users\/1"}],"replies":[{"embeddable":true,"href":"https:\/\/orheifm.live\/index.php\/wp-json\/wp\/v2\/comments?post=68040"}],"version-history":[{"count":0,"href":"https:\/\/orheifm.live\/index.php\/wp-json\/wp\/v2\/posts\/68040\/revisions"}],"wp:featuredmedia":[{"embeddable":true,"href":"https:\/\/orheifm.live\/index.php\/wp-json\/wp\/v2\/media\/68041"}],"wp:attachment":[{"href":"https:\/\/orheifm.live\/index.php\/wp-json\/wp\/v2\/media?parent=68040"}],"wp:term":[{"taxonomy":"category","embeddable":true,"href":"https:\/\/orheifm.live\/index.php\/wp-json\/wp\/v2\/categories?post=68040"},{"taxonomy":"post_tag","embeddable":true,"href":"https:\/\/orheifm.live\/index.php\/wp-json\/wp\/v2\/tags?post=68040"}],"curies":[{"name":"wp","href":"https:\/\/api.w.org\/{rel}","templated":true}]}}