{"id":68038,"date":"2025-02-27T20:39:23","date_gmt":"2025-02-27T18:39:23","guid":{"rendered":"https:\/\/orheifm.live\/index.php\/2025\/02\/27\/indestructibil-eugen-carpov-numit-presedinte-al-consiliului-anre-inca-din-timpul-lui-plahotniuc-cu-sprijinul-majoritatii-pas-video\/"},"modified":"2025-02-27T20:39:23","modified_gmt":"2025-02-27T18:39:23","slug":"indestructibil-eugen-carpov-numit-presedinte-al-consiliului-anre-inca-din-timpul-lui-plahotniuc-cu-sprijinul-majoritatii-pas-video","status":"publish","type":"post","link":"https:\/\/orheifm.live\/index.php\/2025\/02\/27\/indestructibil-eugen-carpov-numit-presedinte-al-consiliului-anre-inca-din-timpul-lui-plahotniuc-cu-sprijinul-majoritatii-pas-video\/","title":{"rendered":"Indestructibil. Eugen Carpov, numit pre\u0219edinte al Consiliului ANRE, \u00eenc\u0103 din timpul lui Plahotniuc, cu sprijinul majorit\u0103\u021bii PAS |VIDEO"},"content":{"rendered":"<div>\n<p><strong>Parlamentul l-a numit pe Eugen Carpov \u00een func\u021bia de pre\u0219edinte al Consiliului Administrativ al Agen\u021biei Na\u021bionale pentru Reglementare \u00een Energetic\u0103. El a ob\u021binut cel mai mare punctaj la interviu, la care au participat 14 candida\u021bi. Candidatura sa a fost sus\u021binut\u0103 de 55 de deputa\u021bi. <\/strong><br \/>\n<iframe loading=\"lazy\" title=\"YouTube video player\" src=\"https:\/\/www.youtube.com\/embed\/xeRTsSWWQV8?si=Y9k8LwlBpiFEQeak\" width=\"560\" height=\"315\" frameborder=\"0\" allowfullscreen=\"allowfullscreen\"><\/iframe><br \/>\nReprezentan\u021bii opozi\u021biei au atras aten\u021bia asupra faptului c\u0103 partidul de guvernare PAS, care pretindea c\u0103 lupt\u0103 \u00eempotriva regimului lui Plahotniuc, a numit acum la \u0219efia ANRE tocmai o persoan\u0103 care ocupa func\u021bii \u00eenalte \u00een perioada declarat\u0103 de ei \u201estat capturat\u201d.<\/p>\n<p>Men\u021bion\u0103m c\u0103 Agen\u021bia pentru Reglementare \u00een Energetic\u0103 figura pe lista altor institu\u021bii de stat \u00een declara\u021bia parlamentului din 2019 privind statul capturat, iar Carpov era deja pe atunci unul dintre directorii ANRE.<\/p>\n<p>Cu toate acestea, se pare c\u0103 PAS nu vede nicio problem\u0103 \u00een acest lucru. SNH+OFF Eugeniu Carpov, care anterior a lucrat la Ministerul de externe, a fost ambasador \u00een mai multe \u021b\u0103ri, deputat din partea PLDM \u0219i vicepremier pentru reintegrare, nu a avut niciodat\u0103 vreo leg\u0103tur\u0103 cu sectorul energetic.<\/p>\n<p>Cu toate acestea, activeaz\u0103 la ANRE \u0219i de \u0219ase ani este unul dintre cei cinci directori, care aprob\u0103 noile tarife. Iar acum, prin decizia parlamentului, timp de \u00eenc\u0103 \u0219ase ani, va conduce Consiliul Administrativ al Agen\u021biei. Dac\u0103 p\u00e2n\u0103 \u00een prezent, \u00een calitate de director, primea un salariu de 108 mii lei pe lun\u0103, \u00een noua func\u021bie va \u00eencasa deja 115 mii.<\/p>\n<p>RADU MARIAN, pre\u0219edinte Comisie economie, buget \u0219i finan\u021be<\/p>\n<p>Am oferit eu personal un punctaj bun pentru domnul Carpov, dar reiterez, \u00een mare parte componen\u021ba ANRE-ului s-a modificat, s-a schimbat \u00een ace\u0219ti ultimi ani \u2013 am adus persoane noi, persoane profesioniste, care asigur\u0103 gestiunea \u0219i conducerea acestei institu\u021bii importante.<\/p>\n<\/div>\n","protected":false},"excerpt":{"rendered":"<div><img loading=\"lazy\" decoding=\"async\" width=\"696\" height=\"393\" src=\"https:\/\/canal5.md\/wp-content\/uploads\/2025\/02\/b2c4bf11b5f5719b6d13bfa4debe890f-optimized.jpg\" class=\"attachment-large size-large wp-post-image\" alt=\"\" srcset=\"https:\/\/canal5.md\/wp-content\/uploads\/2025\/02\/b2c4bf11b5f5719b6d13bfa4debe890f-optimized.jpg 748w, https:\/\/canal5.md\/wp-content\/uploads\/2025\/02\/b2c4bf11b5f5719b6d13bfa4debe890f-300x169-optimized.jpg 300w, https:\/\/canal5.md\/wp-content\/uploads\/2025\/02\/b2c4bf11b5f5719b6d13bfa4debe890f-696x393-optimized.jpg 696w\">Parlamentul l-a numit pe Eugen Carpov \u00een func\u021bia de pre\u0219edinte al Consiliului Administrativ al Agen\u021biei Na\u021bionale pentru Reglementare \u00een Energetic\u0103. El a ob\u021binut cel mai mare punctaj la interviu, la care au participat 14 candida\u021bi. Candidatura sa a fost sus\u021binut\u0103 de 55 de deputa\u021bi. Reprezentan\u021bii opozi\u021biei au atras aten\u021bia asupra faptului c\u0103 partidul de guvernare [\u2026]<\/div>\n","protected":false},"author":1,"featured_media":68039,"comment_status":"closed","ping_status":"closed","sticky":false,"template":"","format":"standard","meta":{"jnews-multi-image_gallery":[],"jnews_single_post":[],"jnews_primary_category":[],"jnews_social_meta":[],"jnews_override_counter":[],"footnotes":""},"categories":[23],"tags":[],"class_list":["post-68038","post","type-post","status-publish","format-standard","has-post-thumbnail","hentry","category-politica_ro"],"_links":{"self":[{"href":"https:\/\/orheifm.live\/index.php\/wp-json\/wp\/v2\/posts\/68038","targetHints":{"allow":["GET"]}}],"collection":[{"href":"https:\/\/orheifm.live\/index.php\/wp-json\/wp\/v2\/posts"}],"about":[{"href":"https:\/\/orheifm.live\/index.php\/wp-json\/wp\/v2\/types\/post"}],"author":[{"embeddable":true,"href":"https:\/\/orheifm.live\/index.php\/wp-json\/wp\/v2\/users\/1"}],"replies":[{"embeddable":true,"href":"https:\/\/orheifm.live\/index.php\/wp-json\/wp\/v2\/comments?post=68038"}],"version-history":[{"count":0,"href":"https:\/\/orheifm.live\/index.php\/wp-json\/wp\/v2\/posts\/68038\/revisions"}],"wp:featuredmedia":[{"embeddable":true,"href":"https:\/\/orheifm.live\/index.php\/wp-json\/wp\/v2\/media\/68039"}],"wp:attachment":[{"href":"https:\/\/orheifm.live\/index.php\/wp-json\/wp\/v2\/media?parent=68038"}],"wp:term":[{"taxonomy":"category","embeddable":true,"href":"https:\/\/orheifm.live\/index.php\/wp-json\/wp\/v2\/categories?post=68038"},{"taxonomy":"post_tag","embeddable":true,"href":"https:\/\/orheifm.live\/index.php\/wp-json\/wp\/v2\/tags?post=68038"}],"curies":[{"name":"wp","href":"https:\/\/api.w.org\/{rel}","templated":true}]}}