{"id":68034,"date":"2025-02-27T20:35:38","date_gmt":"2025-02-27T18:35:38","guid":{"rendered":"https:\/\/orheifm.live\/index.php\/2025\/02\/27\/aerofood-isi-sisteaza-activitatea-la-aeroportul-chisinau-dupa-refuzul-unei-oferte-de-peste-un-milion-de-euro-video\/"},"modified":"2025-02-27T20:35:38","modified_gmt":"2025-02-27T18:35:38","slug":"aerofood-isi-sisteaza-activitatea-la-aeroportul-chisinau-dupa-refuzul-unei-oferte-de-peste-un-milion-de-euro-video","status":"publish","type":"post","link":"https:\/\/orheifm.live\/index.php\/2025\/02\/27\/aerofood-isi-sisteaza-activitatea-la-aeroportul-chisinau-dupa-refuzul-unei-oferte-de-peste-un-milion-de-euro-video\/","title":{"rendered":"\u201eAerofood\u201d \u00ee\u0219i sisteaz\u0103 activitatea la Aeroportul Chi\u0219in\u0103u dup\u0103 refuzul unei oferte de peste un milion de euro |VIDEO"},"content":{"rendered":"<div>\n<p><strong>Compania \u201eAerofood\u201d \u2013 cea care de\u021bine restaurantele din incinta Aeroportului Chi\u0219in\u0103u \u00ee\u0219i sisteaz\u0103 activitatea \u00een domeniul alimenta\u021bie public\u0103 \u00een restaurantul Plai, Air Cafe \u0219i Business Lounge. Totodat\u0103, \u00eentreprinderea \u00eencepe evacuarea bunurilor care \u00eei apar\u021bin. Despre aceasta a anun\u021bat \u00eentreprinderea \u00eentr-un comunicat de pres\u0103.<\/strong><br \/>\n<iframe loading=\"lazy\" title=\"YouTube video player\" src=\"https:\/\/www.youtube.com\/embed\/UHhwx0vIWro?si=K4V7l2z17aflhMnm\" width=\"560\" height=\"315\" frameborder=\"0\" allowfullscreen=\"allowfullscreen\"><\/iframe><br \/>\nPotrivit \u201eAerofood\u201d motivul este c\u0103 Aeroportul refuz\u0103 o ofert\u0103 de peste un milion de euro anual, pre\u021b mai mare dec\u00e2t cel stabilit la licita\u021bie, de la compania care gestioneaz\u0103 spa\u021biile comerciale din aerogar\u0103.<\/p>\n<p>Compania \u201eAerofood\u201d \u2013 cea care de\u021bine restaurantele din incinta Aeroportului Chi\u0219in\u0103u \u00ee\u0219i sisteaz\u0103 activitatea \u00een domeniul alimenta\u021bie public\u0103 \u00een restaurantul Plai, Air Cafe \u0219i Business Lounge.<\/p>\n<p>Totodat\u0103, \u00eentreprinderea \u00eencepe evacuarea bunurilor care \u00eei apar\u021bin. Despre aceasta a anun\u021bat \u00eentreprinderea \u00eentr-un comunicat de pres\u0103. Potrivit \u201eAerofood\u201d motivul este c\u0103 Aeroportul refuz\u0103 o ofert\u0103 de peste un milion de euro anual de la compania care gestioneaz\u0103 spa\u021biile comerciale din aerogar\u0103.<\/p>\n<p>Compania \u201eAerofood\u201d, care administreaz\u0103 mai multe localuri \u00een terminalul Aeroportului Interna\u021bional Chi\u0219in\u0103u, anun\u021b\u0103 despre sistarea activit\u0103\u021bii, din data de 28 februarie, a restaurantului Plai, aflat la al doilea etaj, precum \u0219i a unit\u0103\u021bilor de alimenta\u021bie public\u0103 \u201eAero Cafe\u201d \u0219i Business Lounge, din zona steril\u0103 a aerog\u0103rii.<\/p>\n<p>\u00cen comunicatul de pres\u0103 al companiei se men\u021bioneaz\u0103 c\u0103 decizia are la baz\u0103 o notificare emis\u0103 \u00een temeiul unei hot\u0103r\u00e2ri \u201eunilaterale \u0219i nejustificate\u201d, adoptat\u0103 de conducerea \u00centreprinderii de<\/p>\n<p>Stat \u201eAeroportul Interna\u021bional Chi\u0219in\u0103u\u201d. Potrivit companiei, aeroportul a refuzat o ofert\u0103 anual\u0103 de peste un milion de euro pentru utilizarea spa\u021biilor comerciale.<\/p>\n<p>\u201e\u00cen acest context, dorim s\u0103 inform\u0103m c\u0103, \u00eenc\u0103 din 12 februarie 2025, compania \u201eAerofood\u201d a propus \u201eAeroportului Interna\u021bional Chi\u0219in\u0103u\u201d pentru \u00eenchirierea acestor spa\u021bii un pre\u021b mai mare dec\u00e2t cel stabilit la licita\u021bie, \u0219i anume de 1.149 360 euro anual.<\/p>\n<p>Aceast\u0103 ofert\u0103 ar fi ajutat aeroportul s\u0103 evite pierderile generate de cele trei concursuri anulate. P\u00e2n\u0103 la publicarea acestui comunicat de pres\u0103, compania nu a primit un r\u0103spuns oficial \u0219i \u00eent\u00e2mpin\u0103 dificult\u0103\u021bi \u00een \u00eencetarea activit\u0103\u021bii \u0219i evacuarea bunurilor \u00een termenii stabili\u021bi prin contractul de loca\u021biune.<\/p>\n<p>Pe aceast\u0103 cale, \u201eAerofood\u201d SRL reitereaz\u0103 oferta sa c\u0103tre AIC \u0219i solicit\u0103 ca, p\u00e2n\u0103 la 28 februarie 2025, s\u0103 primeasc\u0103 un r\u0103spuns privind acceptarea acesteia sau, \u00een cazul respingerii, s\u0103 fie eliminate toate impedimentele care \u00eempiedic\u0103 evacuarea bunurilor din spa\u021biile aeroportului\u201d, se arat\u0103 \u00een comunicat.<\/p>\n<p>Totodat\u0103, \u00eentreprinderea sus\u021bine c\u0103 r\u0103m\u00e2ne interesat\u0103 s\u0103 continue prestarea serviciilor de calitate \u0219i s\u0103 investeasc\u0103 \u00een dezvoltare, ceea ce va duce inclusiv la crearea locurilor de munc\u0103 suplimentare, fa\u021b\u0103 de cele 350 existente ast\u0103zi.<\/p>\n<p>\u201eTrebuie s\u0103 men\u021bion\u0103m c\u0103 \u201eAerofood\u201d a realizat investi\u021bii semnificative pentru implementarea \u0219i modernizarea conceptului de utilizare a spa\u021biilor \u201eFood and Beverage\u201d din incinta aeroportului. Mai mult, \u00een anul 2024, compania a achitat \u00een bugetul de stat peste 50 de milioane de lei. \u00cen to\u021bi ace\u0219ti ani \u00een care a activat la<br \/>\naeroport, \u201eAerofood\u201d a deservit peste 25 de milioane de pasageri.<\/p>\n<p>Totodat\u0103, compania mai men\u021bioneaz\u0103 c\u0103 \u0219i-a desf\u0103\u0219urat activitatea \u00een strict\u0103 conformitate cu legisla\u021bia \u00een vigoare, respect\u00e2nd toate obliga\u021biile \u0219i oferind servicii de calitate pasagerilor. \u201e\u00cen acest context, ne cerem scuze fa\u021b\u0103 de consumatorii no\u0219tri, pe care i-am obi\u0219nuit, de-a lungul anilor, cu produse \u0219i servicii de calitate. Din p\u0103cate \u00eens\u0103 situa\u021bia actual\u0103 ne oblig\u0103 s\u0103 ac\u021bion\u0103m \u00een conformitate cu deciziile unilaterale \u0219i absolut nejustificate impuse de administra\u021bia aeroportului\u201d, se mai arat\u0103 \u00een comunicat. Aeroportul<\/p>\n<p>Interna\u021bional Chi\u0219in\u0103u nu a comentat deocamdat\u0103 cele anun\u021bate de \u201eAerofood\u201d.<br \/>\nJudec\u00e2nd dup\u0103 modul \u00een care este organizat\u0103 activitatea \u00een aeroport dup\u0103 preluarea acestuia de la concesionar \u0219i revenirea \u00een proprietatea statului, nu putem dec\u00e2t s\u0103 presupunem c\u0103 \u0219i acest domeniu, \u00een loc s\u0103 ofere servicii de calitate, va genera scheme dubioase \u0219i scandaluri.<\/p>\n<\/div>\n","protected":false},"excerpt":{"rendered":"<div><img loading=\"lazy\" decoding=\"async\" width=\"696\" height=\"392\" src=\"https:\/\/canal5.md\/wp-content\/uploads\/2025\/02\/img_7876-1536x864-c-default-1024x576-optimized.webp\" class=\"attachment-large size-large wp-post-image\" alt=\"\" srcset=\"https:\/\/canal5.md\/wp-content\/uploads\/2025\/02\/img_7876-1536x864-c-default-1024x576-optimized.webp 1024w, https:\/\/canal5.md\/wp-content\/uploads\/2025\/02\/img_7876-1536x864-c-default-300x169-optimized.webp 300w, https:\/\/canal5.md\/wp-content\/uploads\/2025\/02\/img_7876-1536x864-c-default-768x432-optimized.webp 768w, https:\/\/canal5.md\/wp-content\/uploads\/2025\/02\/img_7876-1536x864-c-default-696x392-optimized.webp 696w, https:\/\/canal5.md\/wp-content\/uploads\/2025\/02\/img_7876-1536x864-c-default-1068x601-optimized.webp 1068w, https:\/\/canal5.md\/wp-content\/uploads\/2025\/02\/img_7876-1536x864-c-default-optimized.webp 1536w\">Compania \u201eAerofood\u201d \u2013 cea care de\u021bine restaurantele din incinta Aeroportului Chi\u0219in\u0103u \u00ee\u0219i sisteaz\u0103 activitatea \u00een domeniul alimenta\u021bie public\u0103 \u00een restaurantul Plai, Air Cafe \u0219i Business Lounge. Totodat\u0103, \u00eentreprinderea \u00eencepe evacuarea bunurilor care \u00eei apar\u021bin. Despre aceasta a anun\u021bat \u00eentreprinderea \u00eentr-un comunicat de pres\u0103. Potrivit \u201eAerofood\u201d motivul este c\u0103 Aeroportul refuz\u0103 o ofert\u0103 de peste un [\u2026]<\/div>\n","protected":false},"author":1,"featured_media":68035,"comment_status":"closed","ping_status":"closed","sticky":false,"template":"","format":"standard","meta":{"jnews-multi-image_gallery":[],"jnews_single_post":[],"jnews_primary_category":[],"jnews_social_meta":[],"jnews_override_counter":[],"footnotes":""},"categories":[30],"tags":[],"class_list":["post-68034","post","type-post","status-publish","format-standard","has-post-thumbnail","hentry","category-social_ro"],"_links":{"self":[{"href":"https:\/\/orheifm.live\/index.php\/wp-json\/wp\/v2\/posts\/68034","targetHints":{"allow":["GET"]}}],"collection":[{"href":"https:\/\/orheifm.live\/index.php\/wp-json\/wp\/v2\/posts"}],"about":[{"href":"https:\/\/orheifm.live\/index.php\/wp-json\/wp\/v2\/types\/post"}],"author":[{"embeddable":true,"href":"https:\/\/orheifm.live\/index.php\/wp-json\/wp\/v2\/users\/1"}],"replies":[{"embeddable":true,"href":"https:\/\/orheifm.live\/index.php\/wp-json\/wp\/v2\/comments?post=68034"}],"version-history":[{"count":0,"href":"https:\/\/orheifm.live\/index.php\/wp-json\/wp\/v2\/posts\/68034\/revisions"}],"wp:featuredmedia":[{"embeddable":true,"href":"https:\/\/orheifm.live\/index.php\/wp-json\/wp\/v2\/media\/68035"}],"wp:attachment":[{"href":"https:\/\/orheifm.live\/index.php\/wp-json\/wp\/v2\/media?parent=68034"}],"wp:term":[{"taxonomy":"category","embeddable":true,"href":"https:\/\/orheifm.live\/index.php\/wp-json\/wp\/v2\/categories?post=68034"},{"taxonomy":"post_tag","embeddable":true,"href":"https:\/\/orheifm.live\/index.php\/wp-json\/wp\/v2\/tags?post=68034"}],"curies":[{"name":"wp","href":"https:\/\/api.w.org\/{rel}","templated":true}]}}