{"id":68032,"date":"2025-02-27T20:33:08","date_gmt":"2025-02-27T18:33:08","guid":{"rendered":"https:\/\/orheifm.live\/index.php\/2025\/02\/27\/proprietara-salonului-unde-a-murit-liuba-babutchi-data-in-urmarire-internationala-ancheta-marcata-de-controverse\/"},"modified":"2025-02-27T20:33:08","modified_gmt":"2025-02-27T18:33:08","slug":"proprietara-salonului-unde-a-murit-liuba-babutchi-data-in-urmarire-internationala-ancheta-marcata-de-controverse","status":"publish","type":"post","link":"https:\/\/orheifm.live\/index.php\/2025\/02\/27\/proprietara-salonului-unde-a-murit-liuba-babutchi-data-in-urmarire-internationala-ancheta-marcata-de-controverse\/","title":{"rendered":"Proprietara salonului unde a murit Liuba Babu\u021bchi  dat\u0103 \u00een urm\u0103rire interna\u021bional\u0103 \u2013 ancheta, marcat\u0103 de controverse"},"content":{"rendered":"<div>\n<p><strong>Proprietara salonului de \u00eenfrumuse\u021bare din capital\u0103, unde o client\u0103 a murit \u00een timpul unei proceduri cosmetologice, a fost dat\u0103 \u00een urm\u0103rire interna\u021bional\u0103. Potrivit Ministerului Afacerilor Interne, cet\u0103\u021beana Ucrainei, Irina Borodkina, a p\u0103r\u0103sit teritoriul Republicii Moldova chiar \u00een ziua tragediei \u0219i s-ar afla acum \u00een \u021bara sa natal\u0103. <\/strong><br \/>\n<iframe loading=\"lazy\" title=\"YouTube video player\" src=\"https:\/\/www.youtube.com\/embed\/F2yKUVRedZI?si=evTLkcobzBWmgDhD\" width=\"560\" height=\"315\" frameborder=\"0\" allowfullscreen=\"allowfullscreen\"><\/iframe><br \/>\n\u00centre timp, expertiza a confirmat c\u0103 Liuba Babu\u021bchi a decedat din cauza inject\u0103rii mai multor substan\u021be care au provocat o embolie.<\/p>\n<p>Cu toate acestea, procuratura nu a dezv\u0103luit cauza oficial\u0103 a mor\u021bii \u0219i nu comenteaz\u0103 declara\u021biile f\u0103cute \u00een spa\u021biul public pe acest subiect. Amintim c\u0103 ancheta este marcat\u0103 de scandaluri \u2013 so\u021bul femeii decedate sus\u021bine c\u0103 persoane influente \u00eencearc\u0103 s\u0103 mu\u0219amalizeze cazul, iar avocata ap\u0103r\u0103rii s-a retras din dosar invoc\u00e2nd amenin\u021b\u0103ri.<\/p>\n<p>Cet\u0103\u021beanca Ucrainei Irina Borodkina, proprietara salonului de frumuse\u021be din Chi\u0219in\u0103u unde \u0219i-a pierdut via\u021ba o client\u0103 a fost dat\u0103 \u00een urm\u0103rire interna\u021bional\u0103. Despre acest lucru a anun\u021bat ministra Afacerilor Interne, Daniela Misail-Nichitin, \u00een cadrul unei emisiuni la RLIVE TV. Potrivit informa\u021biilor, una dintre cele dou\u0103 acuzate s-ar afla, \u00een prezent, pe teritoriul Ucrainei.<\/p>\n<p>DANIELA MISAIL-NICHITIN, ministrul Afacerilor Interne<\/p>\n<p>Aceast\u0103 crim\u0103 \u00eentr-adev\u0103r, a bulversat opinia public\u0103 \u0219i este o cauz\u0103 penal\u0103 care este gestionat\u0103 de c\u0103tre Procuratur\u0103. Vreau s\u0103 aduc unele complet\u0103ri, pentru c\u0103 exact, reprezentan\u021bii mass-media ne-au adresat aceast\u0103 \u00eentrebare dup\u0103 \u0219edin\u021ba de Guvern, de ast\u0103zi. Deci, organul de urm\u0103rire penal\u0103 a recep\u021bionat raportul de expertiz\u0103 medico-legal\u0103, care a fost unul complex.<\/p>\n<p>Sunt dou\u0103 persoane \u00eenvinuite pe aceast\u0103 cauz\u0103 pentru practicarea medicinei \u00een condi\u021bii ilegale, dar \u0219i pentru provocarea unor interven\u021bii \u0219i manipula\u021bii medicale neautorizate care s-au soldat cu decesul persoanei. Dup\u0103 cum spuneam o persoan\u0103 este \u00een arest, proprietara acestui butic fiind de cet\u0103\u021benie a Ucrainei a p\u0103r\u0103sit Republica Moldova \u00een aceea\u0219i zi c\u00e2nd a fost sesizat\u0103 \u0219i raportat\u0103 aceast\u0103 fapt\u0103.<\/p>\n<p>Mai mult ca at\u00e2t, la moment, persoana este \u00een c\u0103utare interna\u021bional\u0103 \u0219i urmare a schimbului de informa\u021bii la nivelul poli\u021biei din Republica Moldova \u0219i Ucraina, ea se afl\u0103 pe teritoriul Ucrainei\u201d, a declarat ministra MAI.<\/p>\n<p>\u00centre timp, serviciul de pres\u0103 al Procuraturii Generale nu ne- a oferit un r\u0103spuns la \u00eentrebarea adresat\u0103 de CANAl5 privind acuza\u021biile care i se aduc Irinei Borodkina. \u00centreba\u021bi \u00een ce \u021bar\u0103 s-ar afla aceasta, ni s-a spus \u2013 cit\u0103m \u2013 \u201eUrm\u0103rirea penal\u0103 continu\u0103, iar organul de urm\u0103rire penal\u0103 \u00eentreprinde cu promptitudine toate ac\u021biunile pentru solu\u021bionarea corect\u0103 a acestei cauze penale, inclusiv localizarea suspec\u021bilor pe dosar\u201d.<\/p>\n<p>Procuratura General\u0103 a confirmat, de asemenea, c\u0103 sunt gata rezultatele expertizei medico-legale \u00een cazul decesului Liubei Babu\u021bchi, \u00eens\u0103 responsabilii de acolo au refuzat s\u0103 dezv\u0103luie cauza decesului.<\/p>\n<p>Amintim c\u0103, pe 26 februarie, ministra Afacerilor Interne, Daniela Misail-Nichitin, a declarat c\u0103, potrivit expertizei, femeia de afaceri a decedat \u00een urma inject\u0103rii mai multor substan\u021be, care au provocat o embolie, adic\u0103 blocarea vaselor sangvine. Subliniem c\u0103, anterior, informa\u021bia privind rezultatele expertizei medico-legale s-a scurs \u00een pres\u0103.<\/p>\n<p>So\u021bul femeii decedate \u0219i-a exprimat nedumerirea fa\u021b\u0103 de faptul c\u0103 aceast\u0103 informa\u021bie a ajuns \u00een spa\u021biul public, \u00een condi\u021biile \u00een care el nu primise \u00eenc\u0103 rezultatele oficiale. Pe 27 februarie, postul nostru de televiziune l-a contactat pe Roman Babu\u021bchi pentru a afla dac\u0103 i-au fost comunicate rezultatele expertizei \u0219i pentru alte detalii, \u00eens\u0103 acesta a declarat c\u0103, \u00een interesul anchetei, nu va face deocamdat\u0103 nicio declara\u021bie pe acest subiect.<\/p>\n<p>Liuba Babu\u021bchi a decedat la 30 ianuarie \u00eentr-un salon de \u00eenfrumuse\u021bare din capital\u0103, \u00een timpul unei proceduri cosmetologice. Abia dup\u0103 ce acest caz a fost mediatizat pe scar\u0103 larg\u0103, la o s\u0103pt\u0103m\u00e2n\u0103 dup\u0103 tragedie, anesteziologa Ecaterina Maniuc a fost arestat\u0103 pentru 30 de zile.<\/p>\n<p>Aceasta este acuzat\u0103 \u00een baza articolului 214 din Codul Penal \u2013 \u201eExercitarea ilegal\u0103 a practicii medicale sau farmaceutice\u201d, partea a doua: \u201eExercitarea profesiei de medic sau a activit\u0103\u021bii farmaceutice de c\u0103tre o persoan\u0103 f\u0103r\u0103 licen\u021b\u0103 sau alt\u0103 autoriza\u021bie, care a cauzat din impruden\u021b\u0103 decesul victimei\u201d.<\/p>\n<p>Conform acestui articol, pedeapsa prev\u0103zut\u0103 este \u00eenchisoarea de la un an la cinci ani. Men\u021bion\u0103m c\u0103 Roman Babu\u021bchi acuz\u0103 mai multe persoane cunoscute din domeniul medical \u0219i juridic c\u0103 ar \u00eencerca s\u0103 mu\u0219amalizeze acest caz. Potrivit lui, printre cei implica\u021bi s-ar num\u0103ra medicul Igor Kurov, care este \u0219i vicepre\u0219edinte al mi\u0219c\u0103rii<\/p>\n<p>Respect Moldova. Kurov respinge toate acuza\u021biile. Babu\u021bchi a mai declarat c\u0103 a fost amenin\u021bat \u0219i i s-a propus s\u0103 renun\u021be la investigarea cazului privind moartea so\u021biei sale. Pe 25 februarie, avocata Ocsana Ivanov, care \u00eel reprezenta pe Roman Babu\u021bchi \u00een acest dosar, a anun\u021bat c\u0103 se retrage, motiv\u00e2ndu-\u0219i decizia prin amenin\u021b\u0103ri cu moartea la adresa sa. Avocata a precizat c\u0103 ie\u0219irea sa din proces a fost convenit\u0103 \u00een prealabil cu Roman Babu\u021bchi, care a insistat asupra acestui lucru.<\/p>\n<\/div>\n","protected":false},"excerpt":{"rendered":"<div><img decoding=\"async\" width=\"696\" height=\"444\" src=\"https:\/\/canal5.md\/wp-content\/uploads\/2025\/02\/blob-20-optimized.jpg\" class=\"attachment-large size-large wp-post-image\" alt=\"\" loading=\"lazy\" srcset=\"https:\/\/canal5.md\/wp-content\/uploads\/2025\/02\/blob-20-optimized.jpg 927w, https:\/\/canal5.md\/wp-content\/uploads\/2025\/02\/blob-20-300x191-optimized.jpg 300w, https:\/\/canal5.md\/wp-content\/uploads\/2025\/02\/blob-20-768x490-optimized.jpg 768w, https:\/\/canal5.md\/wp-content\/uploads\/2025\/02\/blob-20-696x444-optimized.jpg 696w\">Proprietara salonului de \u00eenfrumuse\u021bare din capital\u0103, unde o client\u0103 a murit \u00een timpul unei proceduri cosmetologice, a fost dat\u0103 \u00een urm\u0103rire interna\u021bional\u0103. Potrivit Ministerului Afacerilor Interne, cet\u0103\u021beana Ucrainei, Irina Borodkina, a p\u0103r\u0103sit teritoriul Republicii Moldova chiar \u00een ziua tragediei \u0219i s-ar afla acum \u00een \u021bara sa natal\u0103. \u00centre timp, expertiza a confirmat c\u0103 Liuba Babu\u021bchi [\u2026]<\/div>\n","protected":false},"author":1,"featured_media":68033,"comment_status":"closed","ping_status":"closed","sticky":false,"template":"","format":"standard","meta":{"jnews-multi-image_gallery":[],"jnews_single_post":[],"jnews_primary_category":[],"jnews_social_meta":[],"jnews_override_counter":[],"footnotes":""},"categories":[30],"tags":[],"class_list":["post-68032","post","type-post","status-publish","format-standard","has-post-thumbnail","hentry","category-social_ro"],"_links":{"self":[{"href":"https:\/\/orheifm.live\/index.php\/wp-json\/wp\/v2\/posts\/68032","targetHints":{"allow":["GET"]}}],"collection":[{"href":"https:\/\/orheifm.live\/index.php\/wp-json\/wp\/v2\/posts"}],"about":[{"href":"https:\/\/orheifm.live\/index.php\/wp-json\/wp\/v2\/types\/post"}],"author":[{"embeddable":true,"href":"https:\/\/orheifm.live\/index.php\/wp-json\/wp\/v2\/users\/1"}],"replies":[{"embeddable":true,"href":"https:\/\/orheifm.live\/index.php\/wp-json\/wp\/v2\/comments?post=68032"}],"version-history":[{"count":0,"href":"https:\/\/orheifm.live\/index.php\/wp-json\/wp\/v2\/posts\/68032\/revisions"}],"wp:featuredmedia":[{"embeddable":true,"href":"https:\/\/orheifm.live\/index.php\/wp-json\/wp\/v2\/media\/68033"}],"wp:attachment":[{"href":"https:\/\/orheifm.live\/index.php\/wp-json\/wp\/v2\/media?parent=68032"}],"wp:term":[{"taxonomy":"category","embeddable":true,"href":"https:\/\/orheifm.live\/index.php\/wp-json\/wp\/v2\/categories?post=68032"},{"taxonomy":"post_tag","embeddable":true,"href":"https:\/\/orheifm.live\/index.php\/wp-json\/wp\/v2\/tags?post=68032"}],"curies":[{"name":"wp","href":"https:\/\/api.w.org\/{rel}","templated":true}]}}