{"id":68030,"date":"2025-02-27T18:26:24","date_gmt":"2025-02-27T16:26:24","guid":{"rendered":"https:\/\/orheifm.live\/index.php\/2025\/02\/27\/trafic-restrictionat-in-chisinau-pe-28-februarie-in-ziua-funeraliilor-scriitorului-vladimir-besleaga\/"},"modified":"2025-02-27T18:26:24","modified_gmt":"2025-02-27T16:26:24","slug":"trafic-restrictionat-in-chisinau-pe-28-februarie-in-ziua-funeraliilor-scriitorului-vladimir-besleaga","status":"publish","type":"post","link":"https:\/\/orheifm.live\/index.php\/2025\/02\/27\/trafic-restrictionat-in-chisinau-pe-28-februarie-in-ziua-funeraliilor-scriitorului-vladimir-besleaga\/","title":{"rendered":"Trafic restric\u021bionat \u00een Chi\u0219in\u0103u pe 28 februarie, \u00een ziua funeraliilor scriitorului Vladimir Be\u0219leag\u0103"},"content":{"rendered":"<div>\n<div class=\"flex max-w-full flex-col flex-grow\">\n<div class=\"min-h-8 text-message relative flex w-full flex-col items-end gap-2 whitespace-normal break-words text-start [.text-message+&amp;]:mt-5\" dir=\"auto\" data-message-author-role=\"assistant\" data-message-id=\"73173784-1845-4d89-9365-78685157243a\" data-message-model-slug=\"gpt-4o\">\n<div class=\"flex w-full flex-col gap-1 empty:hidden first:pt-[3px]\">\n<div class=\"markdown prose w-full break-words dark:prose-invert light\">\n<p data-start=\"113\" data-end=\"405\"><strong>Traficul rutier pe mai multe str\u0103zi din centrul Chi\u0219in\u0103ului va fi sistat temporar vineri, 28 februarie 2025, \u00een contextul funeraliilor scriitorului Vladimir Be\u0219leag\u0103. Prim\u0103ria Capitalei a anun\u021bat c\u0103 restric\u021biile vor intra \u00een vigoare de la ora 12:00 \u0219i vor fi valabile pe urm\u0103toarele artere:<\/strong><\/p>\n<ul data-start=\"407\" data-end=\"786\">\n<li data-start=\"407\" data-end=\"504\">Strada Aleksandr Pu\u0219kin (\u00eentre strada 31 August 1989 \u0219i bulevardul \u0218tefan cel Mare \u0219i Sf\u00e2nt);<\/li>\n<li data-start=\"505\" data-end=\"605\">Bulevardul \u0218tefan cel Mare \u0219i Sf\u00e2nt (\u00eentre strada Aleksandr Pu\u0219kin \u0219i strada Vasile Alecsandri);<\/li>\n<li data-start=\"606\" data-end=\"706\">Strada Vasile Alecsandri (\u00eentre bulevardul \u0218tefan cel Mare \u0219i Sf\u00e2nt \u0219i strada Alexei Mateevici);<\/li>\n<li data-start=\"707\" data-end=\"786\">Strada Alexei Mateevici (\u00eentre strada Vasile Alecsandri \u0219i strada Bulgar\u0103).<\/li>\n<\/ul>\n<p data-start=\"788\" data-end=\"945\">Autorit\u0103\u021bile \u00eendeamn\u0103 \u0219oferii s\u0103 respecte indica\u021biile agen\u021bilor de circula\u021bie, s\u0103 manifeste r\u0103bdare \u0219i s\u0103 se conformeze Regulamentului circula\u021biei rutiere.<\/p>\n<p data-start=\"947\" data-end=\"1114\" data-is-last-node=\"\" data-is-only-node=\"\">Scriitorul Vladimir Be\u0219leag\u0103 s-a stins din via\u021b\u0103 pe 25 februarie 2025, la v\u00e2rsta de 93 de ani. \u00cen semn de omagiu, ziua de 28 februarie a fost declarat\u0103 doliu na\u021bional.<\/p>\n<\/div>\n<\/div>\n<\/div>\n<\/div>\n<\/div>\n","protected":false},"excerpt":{"rendered":"<div><img loading=\"lazy\" decoding=\"async\" width=\"696\" height=\"464\" src=\"https:\/\/canal5.md\/wp-content\/uploads\/2024\/09\/image-2024-05-12-27125765-41-politie-girofar-1-optimized.webp\" class=\"attachment-large size-large wp-post-image\" alt=\"\" srcset=\"https:\/\/canal5.md\/wp-content\/uploads\/2024\/09\/image-2024-05-12-27125765-41-politie-girofar-1-optimized.webp 800w, https:\/\/canal5.md\/wp-content\/uploads\/2024\/09\/image-2024-05-12-27125765-41-politie-girofar-1-300x200-optimized.webp 300w, https:\/\/canal5.md\/wp-content\/uploads\/2024\/09\/image-2024-05-12-27125765-41-politie-girofar-1-768x512-optimized.webp 768w, https:\/\/canal5.md\/wp-content\/uploads\/2024\/09\/image-2024-05-12-27125765-41-politie-girofar-1-696x464-optimized.webp 696w\">Traficul rutier pe mai multe str\u0103zi din centrul Chi\u0219in\u0103ului va fi sistat temporar vineri, 28 februarie 2025, \u00een contextul funeraliilor scriitorului Vladimir Be\u0219leag\u0103. Prim\u0103ria Capitalei a anun\u021bat c\u0103 restric\u021biile vor intra \u00een vigoare de la ora 12:00 \u0219i vor fi valabile pe urm\u0103toarele artere: Strada Aleksandr Pu\u0219kin (\u00eentre strada 31 August 1989 \u0219i bulevardul \u0218tefan [\u2026]<\/div>\n","protected":false},"author":1,"featured_media":68031,"comment_status":"closed","ping_status":"closed","sticky":false,"template":"","format":"standard","meta":{"jnews-multi-image_gallery":[],"jnews_single_post":[],"jnews_primary_category":[],"jnews_social_meta":[],"jnews_override_counter":[],"footnotes":""},"categories":[30],"tags":[],"class_list":["post-68030","post","type-post","status-publish","format-standard","has-post-thumbnail","hentry","category-social_ro"],"_links":{"self":[{"href":"https:\/\/orheifm.live\/index.php\/wp-json\/wp\/v2\/posts\/68030","targetHints":{"allow":["GET"]}}],"collection":[{"href":"https:\/\/orheifm.live\/index.php\/wp-json\/wp\/v2\/posts"}],"about":[{"href":"https:\/\/orheifm.live\/index.php\/wp-json\/wp\/v2\/types\/post"}],"author":[{"embeddable":true,"href":"https:\/\/orheifm.live\/index.php\/wp-json\/wp\/v2\/users\/1"}],"replies":[{"embeddable":true,"href":"https:\/\/orheifm.live\/index.php\/wp-json\/wp\/v2\/comments?post=68030"}],"version-history":[{"count":0,"href":"https:\/\/orheifm.live\/index.php\/wp-json\/wp\/v2\/posts\/68030\/revisions"}],"wp:featuredmedia":[{"embeddable":true,"href":"https:\/\/orheifm.live\/index.php\/wp-json\/wp\/v2\/media\/68031"}],"wp:attachment":[{"href":"https:\/\/orheifm.live\/index.php\/wp-json\/wp\/v2\/media?parent=68030"}],"wp:term":[{"taxonomy":"category","embeddable":true,"href":"https:\/\/orheifm.live\/index.php\/wp-json\/wp\/v2\/categories?post=68030"},{"taxonomy":"post_tag","embeddable":true,"href":"https:\/\/orheifm.live\/index.php\/wp-json\/wp\/v2\/tags?post=68030"}],"curies":[{"name":"wp","href":"https:\/\/api.w.org\/{rel}","templated":true}]}}