{"id":68028,"date":"2025-02-27T18:00:37","date_gmt":"2025-02-27T16:00:37","guid":{"rendered":"https:\/\/orheifm.live\/index.php\/2025\/02\/27\/iti-pare-ca-esti-de-la-mai-pietoneaza-mai-departe-scandal-pe-un-trotuar-blocat-de-masini-intre-un-activist-si-doi-agenti-de-paza\/"},"modified":"2025-02-27T18:00:37","modified_gmt":"2025-02-27T16:00:37","slug":"iti-pare-ca-esti-de-la-mai-pietoneaza-mai-departe-scandal-pe-un-trotuar-blocat-de-masini-intre-un-activist-si-doi-agenti-de-paza","status":"publish","type":"post","link":"https:\/\/orheifm.live\/index.php\/2025\/02\/27\/iti-pare-ca-esti-de-la-mai-pietoneaza-mai-departe-scandal-pe-un-trotuar-blocat-de-masini-intre-un-activist-si-doi-agenti-de-paza\/","title":{"rendered":"\u201e- \u00ce\u021bi pare c\u0103 e\u0219ti de la MAI? \u2013 Pietoneaz\u0103 mai departe!\u201d Scandal pe un trotuar blocat de ma\u0219ini, \u00eentre un activist \u0219i doi agen\u021bi de paz\u0103"},"content":{"rendered":"<div>\n<p><strong>Replici aprinse \u00eentre doi angaja\u021bi ai Serviciului de Paz\u0103 al Ministerului Afacerilor Interne \u0219i activi\u0219tii APCUB, pe un trotuar de pe strada Pu\u0219kin a capitalei, blocat de ma\u0219ini parcate. \u201e- \u00ce\u021bi pare c\u0103 e\u0219ti cu camera? \u2013 Dar \u021bie \u00ee\u021bi pare c\u0103 e\u0219ti de la MAI? Tare repejor g\u0103sesc limb\u0103 comun\u0103 cu tine\u201d.<\/strong><\/p>\n<p>Activi\u0219tii APCUB au avut parte de un incident mai pu\u021bin obi\u0219nuit \u00een cadrul raidului f\u0103cut pe un trotuar de pe strada Pu\u0219kin din centrul capitalei. Una dintre ma\u0219inile parcate neregulamentar s-a dovedit a fi a Serviciului de Paz\u0103 al MAI. Agen\u021bii de paz\u0103 au avut un schimb de replici cu Ion, de la APCUB.<\/p>\n<p>\u201e- Sau aprinde\u021bi girofarul, sau muta\u021bi automobilul.<\/p>\n<p>\u2013 Dvs cine sunte\u021bi?<\/p>\n<p>\u2013 Ion \u00eemi spune.<\/p>\n<p>\u2013 Dar care e rolul dvs?<\/p>\n<p>\u2013 Pieton.<\/p>\n<p>\u2013 P\u0103i pietona\u021bi \u00eencolo, \u00eencoace.<\/p>\n<p>\u2013 Eu pietonez acu\u0219, peste automobilul dvs. Eu cu bun sim\u021b m-am adresat la dvs.<\/p>\n<p>\u2013 Cu bun sim\u021b v\u0103 r\u0103spund. Dac\u0103 v\u0103 numi\u021bi pieton, a\u0219a face pietonul, se duce, vine.<\/p>\n<p>\u2013 Eu am venit, nu vede\u021bi?<\/p>\n<p>\u2013 Sta\u021bi \u0219i face\u021bi altceva.<\/p>\n<p>\u2013 Cum stau, eu am venit, am vorbit cu un \u0219ofer.<\/p>\n<p>\u2013 M\u0103 chema\u021bi pe mine, pe cel\u0103lat. Asta nu se nume\u0219te pieton.<\/p>\n<p>\u2013 Eu v\u0103 pre\u00eent\u00e2mpin s\u0103 nu primi\u021bi amend\u0103, iar dvs veni\u021bi cu r\u0103u la mine.<\/p>\n<p>\u2013 Ave\u021bi alt\u0103 menire, ca atare, nu ca pieton. Eu v-am \u00een\u021beles.<\/p>\n<p>\u2013 Alt\u0103 menire nu exist\u0103 \u00een via\u021ba asta, doar una, s\u0103 faci curat, ca pietonii s\u0103 mearg\u0103 liber pe trotuare.<\/p>\n<p>\u2013 \u0218i el nu e curat?<\/p>\n<p>\u2013 Sigur c\u0103 nu. St\u0103 automobilul dvs. Ave\u021bi un pic de obraz, trebuie s\u0103 \u0219ti\u021bi s\u0103 v\u0103 parca\u021bi\u201d.<\/p>\n<p>La o replic\u0103 a unui angajat al MAI, Ion de la APCUB i-a r\u0103spuns: \u201eNu vorbi a\u0219a, c\u0103 nu-\u021bi st\u0103 bine deloc\u201d.<\/p>\n<p>\u201e- Hai termin\u0103.<\/p>\n<p>\u2013 Termin\u0103, eu \u00ee\u021bi spun.<\/p>\n<p>\u2013 \u00ce\u021bi pare c\u0103 e\u0219ti cu camera?<\/p>\n<p>\u2013 Dar \u021bie \u00ee\u021bi pare c\u0103 e\u0219ti de la MAI? Tare repejor g\u0103sesc limb\u0103 comun\u0103 cu tine.\u201d<\/p>\n<p>\u201e\u0218i ace\u0219tia sunt reprezentan\u021bi ai statului, pl\u0103ti\u021bi din banii no\u0219tri. \u201eGata, eu mi-am pus casca la piept, pot s\u0103 vorbesc cu oamenii cum vreau eu\u201d. Da, ei au facilit\u0103\u021bi, dar atunci c\u00e2nd aprind girofarul. E\u0219ti la misiune, aprinde girofarul\u201d, a comentat activistul.<\/p>\n<div class=\"embed-block\"><a href=\"https:\/\/unimedia.info\/ro\/news\/7bd7e3323ea318c8\/video-iti-pare-ca-esti-de-la-mai-pietoneaza-mai-departe-scandal-pe-un-trotuar-blocat-de-masini-intre-un-activist-si-doi-agenti-de-paza.html\">Unimedia.info<\/a><\/div>\n<\/div>\n","protected":false},"excerpt":{"rendered":"<div><img loading=\"lazy\" decoding=\"async\" width=\"696\" height=\"392\" src=\"https:\/\/canal5.md\/wp-content\/uploads\/2025\/02\/003b9f8c2e46bc4abf996ababb17b6627917e1b0056b3d8a6cb0efb574cb8cb5-optimized.png\" class=\"attachment-large size-large wp-post-image\" alt=\"\" srcset=\"https:\/\/canal5.md\/wp-content\/uploads\/2025\/02\/003b9f8c2e46bc4abf996ababb17b6627917e1b0056b3d8a6cb0efb574cb8cb5-optimized.png 800w, https:\/\/canal5.md\/wp-content\/uploads\/2025\/02\/003b9f8c2e46bc4abf996ababb17b6627917e1b0056b3d8a6cb0efb574cb8cb5-300x169-optimized.png 300w, https:\/\/canal5.md\/wp-content\/uploads\/2025\/02\/003b9f8c2e46bc4abf996ababb17b6627917e1b0056b3d8a6cb0efb574cb8cb5-768x432-optimized.png 768w, https:\/\/canal5.md\/wp-content\/uploads\/2025\/02\/003b9f8c2e46bc4abf996ababb17b6627917e1b0056b3d8a6cb0efb574cb8cb5-696x392-optimized.png 696w\">Replici aprinse \u00eentre doi angaja\u021bi ai Serviciului de Paz\u0103 al Ministerului Afacerilor Interne \u0219i activi\u0219tii APCUB, pe un trotuar de pe strada Pu\u0219kin a capitalei, blocat de ma\u0219ini parcate. \u201e- \u00ce\u021bi pare c\u0103 e\u0219ti cu camera? \u2013 Dar \u021bie \u00ee\u021bi pare c\u0103 e\u0219ti de la MAI? Tare repejor g\u0103sesc limb\u0103 comun\u0103 cu tine\u201d. Activi\u0219tii APCUB [\u2026]<\/div>\n","protected":false},"author":1,"featured_media":68029,"comment_status":"closed","ping_status":"closed","sticky":false,"template":"","format":"standard","meta":{"jnews-multi-image_gallery":[],"jnews_single_post":[],"jnews_primary_category":[],"jnews_social_meta":[],"jnews_override_counter":[],"footnotes":""},"categories":[23],"tags":[],"class_list":["post-68028","post","type-post","status-publish","format-standard","has-post-thumbnail","hentry","category-politica_ro"],"_links":{"self":[{"href":"https:\/\/orheifm.live\/index.php\/wp-json\/wp\/v2\/posts\/68028","targetHints":{"allow":["GET"]}}],"collection":[{"href":"https:\/\/orheifm.live\/index.php\/wp-json\/wp\/v2\/posts"}],"about":[{"href":"https:\/\/orheifm.live\/index.php\/wp-json\/wp\/v2\/types\/post"}],"author":[{"embeddable":true,"href":"https:\/\/orheifm.live\/index.php\/wp-json\/wp\/v2\/users\/1"}],"replies":[{"embeddable":true,"href":"https:\/\/orheifm.live\/index.php\/wp-json\/wp\/v2\/comments?post=68028"}],"version-history":[{"count":0,"href":"https:\/\/orheifm.live\/index.php\/wp-json\/wp\/v2\/posts\/68028\/revisions"}],"wp:featuredmedia":[{"embeddable":true,"href":"https:\/\/orheifm.live\/index.php\/wp-json\/wp\/v2\/media\/68029"}],"wp:attachment":[{"href":"https:\/\/orheifm.live\/index.php\/wp-json\/wp\/v2\/media?parent=68028"}],"wp:term":[{"taxonomy":"category","embeddable":true,"href":"https:\/\/orheifm.live\/index.php\/wp-json\/wp\/v2\/categories?post=68028"},{"taxonomy":"post_tag","embeddable":true,"href":"https:\/\/orheifm.live\/index.php\/wp-json\/wp\/v2\/tags?post=68028"}],"curies":[{"name":"wp","href":"https:\/\/api.w.org\/{rel}","templated":true}]}}