{"id":68026,"date":"2025-02-27T17:40:25","date_gmt":"2025-02-27T15:40:25","guid":{"rendered":"https:\/\/orheifm.live\/index.php\/2025\/02\/27\/tragedie-la-cricova-un-barbat-de-68-de-ani-a-murit-intr-un-incendiu-provocat-de-o-tigara-nestinsa\/"},"modified":"2025-02-27T17:40:25","modified_gmt":"2025-02-27T15:40:25","slug":"tragedie-la-cricova-un-barbat-de-68-de-ani-a-murit-intr-un-incendiu-provocat-de-o-tigara-nestinsa","status":"publish","type":"post","link":"https:\/\/orheifm.live\/index.php\/2025\/02\/27\/tragedie-la-cricova-un-barbat-de-68-de-ani-a-murit-intr-un-incendiu-provocat-de-o-tigara-nestinsa\/","title":{"rendered":"Tragedie la Cricova: Un b\u0103rbat de 68 de ani a murit \u00eentr-un incendiu provocat de o \u021bigar\u0103 nestins\u0103"},"content":{"rendered":"<div>\n<p><strong>Tragedie la Cricova: Un b\u0103rbat de 68 de ani a murit \u00eentr-un incendiu devastator. <\/strong><\/p>\n<p>Casa acestuia de pe strada P\u0103cii a fost cuprins\u0103 de fl\u0103c\u0103ri ieri-seara, iar victima a fost g\u0103sit\u0103 decedat\u0103 de c\u0103tre pompieri \u00een timpul lichid\u0103rii focului.<\/p>\n<p>Incendiul a afectat toate cele trei od\u0103i ale locuin\u021bei \u0219i acoperi\u0219ul. Se presupune c\u0103 focul ar fi izbucnit din cauza unei \u021big\u0103ri nestinse.<\/p>\n<\/div>\n","protected":false},"excerpt":{"rendered":"<div><img loading=\"lazy\" decoding=\"async\" width=\"696\" height=\"392\" src=\"https:\/\/canal5.md\/wp-content\/uploads\/2025\/02\/2301e04106ea309541fc00b6d5e2d67b5f3743c5418432f8cf00783353485bdf-1024x576-optimized.jpg\" class=\"attachment-large size-large wp-post-image\" alt=\"\" srcset=\"https:\/\/canal5.md\/wp-content\/uploads\/2025\/02\/2301e04106ea309541fc00b6d5e2d67b5f3743c5418432f8cf00783353485bdf-1024x576-optimized.jpg 1024w, https:\/\/canal5.md\/wp-content\/uploads\/2025\/02\/2301e04106ea309541fc00b6d5e2d67b5f3743c5418432f8cf00783353485bdf-300x169-optimized.jpg 300w, https:\/\/canal5.md\/wp-content\/uploads\/2025\/02\/2301e04106ea309541fc00b6d5e2d67b5f3743c5418432f8cf00783353485bdf-768x432-optimized.jpg 768w, https:\/\/canal5.md\/wp-content\/uploads\/2025\/02\/2301e04106ea309541fc00b6d5e2d67b5f3743c5418432f8cf00783353485bdf-696x392-optimized.jpg 696w, https:\/\/canal5.md\/wp-content\/uploads\/2025\/02\/2301e04106ea309541fc00b6d5e2d67b5f3743c5418432f8cf00783353485bdf-1068x601-optimized.jpg 1068w, https:\/\/canal5.md\/wp-content\/uploads\/2025\/02\/2301e04106ea309541fc00b6d5e2d67b5f3743c5418432f8cf00783353485bdf-optimized.jpg 1200w\">Tragedie la Cricova: Un b\u0103rbat de 68 de ani a murit \u00eentr-un incendiu devastator. Casa acestuia de pe strada P\u0103cii a fost cuprins\u0103 de fl\u0103c\u0103ri ieri-seara, iar victima a fost g\u0103sit\u0103 decedat\u0103 de c\u0103tre pompieri \u00een timpul lichid\u0103rii focului. Incendiul a afectat toate cele trei od\u0103i ale locuin\u021bei \u0219i acoperi\u0219ul. Se presupune c\u0103 focul ar [\u2026]<\/div>\n","protected":false},"author":1,"featured_media":68027,"comment_status":"closed","ping_status":"closed","sticky":false,"template":"","format":"standard","meta":{"jnews-multi-image_gallery":[],"jnews_single_post":[],"jnews_primary_category":[],"jnews_social_meta":[],"jnews_override_counter":[],"footnotes":""},"categories":[30],"tags":[],"class_list":["post-68026","post","type-post","status-publish","format-standard","has-post-thumbnail","hentry","category-social_ro"],"_links":{"self":[{"href":"https:\/\/orheifm.live\/index.php\/wp-json\/wp\/v2\/posts\/68026","targetHints":{"allow":["GET"]}}],"collection":[{"href":"https:\/\/orheifm.live\/index.php\/wp-json\/wp\/v2\/posts"}],"about":[{"href":"https:\/\/orheifm.live\/index.php\/wp-json\/wp\/v2\/types\/post"}],"author":[{"embeddable":true,"href":"https:\/\/orheifm.live\/index.php\/wp-json\/wp\/v2\/users\/1"}],"replies":[{"embeddable":true,"href":"https:\/\/orheifm.live\/index.php\/wp-json\/wp\/v2\/comments?post=68026"}],"version-history":[{"count":0,"href":"https:\/\/orheifm.live\/index.php\/wp-json\/wp\/v2\/posts\/68026\/revisions"}],"wp:featuredmedia":[{"embeddable":true,"href":"https:\/\/orheifm.live\/index.php\/wp-json\/wp\/v2\/media\/68027"}],"wp:attachment":[{"href":"https:\/\/orheifm.live\/index.php\/wp-json\/wp\/v2\/media?parent=68026"}],"wp:term":[{"taxonomy":"category","embeddable":true,"href":"https:\/\/orheifm.live\/index.php\/wp-json\/wp\/v2\/categories?post=68026"},{"taxonomy":"post_tag","embeddable":true,"href":"https:\/\/orheifm.live\/index.php\/wp-json\/wp\/v2\/tags?post=68026"}],"curies":[{"name":"wp","href":"https:\/\/api.w.org\/{rel}","templated":true}]}}