{"id":68024,"date":"2025-02-27T17:20:56","date_gmt":"2025-02-27T15:20:56","guid":{"rendered":"https:\/\/orheifm.live\/index.php\/2025\/02\/27\/lipsa-de-antivirale-si-medicamente-pentru-astm-in-urma-cresterii-infectiilor-virale-autoritatile-anunta-noi-livrari-in-curand\/"},"modified":"2025-02-27T17:20:56","modified_gmt":"2025-02-27T15:20:56","slug":"lipsa-de-antivirale-si-medicamente-pentru-astm-in-urma-cresterii-infectiilor-virale-autoritatile-anunta-noi-livrari-in-curand","status":"publish","type":"post","link":"https:\/\/orheifm.live\/index.php\/2025\/02\/27\/lipsa-de-antivirale-si-medicamente-pentru-astm-in-urma-cresterii-infectiilor-virale-autoritatile-anunta-noi-livrari-in-curand\/","title":{"rendered":"Lipsa de antivirale \u0219i medicamente pentru astm \u00een urma cre\u0219terii infec\u021biilor virale: Autorit\u0103\u021bile anun\u021b\u0103 noi livr\u0103ri \u00een cur\u00e2nd"},"content":{"rendered":"<div>\n<p><strong>Cre\u0219terea num\u0103rului de infec\u021bii virale \u0219i a cazurilor de grip\u0103 a dus la epuizarea stocurilor de antivirale \u0219i medicamente pentru astm bron\u0219ic, anun\u021b\u0103 autorit\u0103\u021bile.<\/strong><\/p>\n<p>Directorul general al Agen\u021biei Medicamentului, Drago\u0219 Gu\u021bu, a declarat c\u0103 stocurile planificate pentru iarn\u0103 \u0219i prim\u0103var\u0103 s-au epuizat mai devreme dec\u00e2t era estimat, iar o nou\u0103 livrare este a\u0219teptat\u0103 s\u0103pt\u0103m\u00e2na viitoare.<\/p>\n<p>\u00cen ceea ce prive\u0219te lipsa Salbutamolului, Gu\u021bu a precizat c\u0103 aceasta este cauzat\u0103 de cre\u0219terea pre\u021burilor de produc\u021bie, iar importatorii nu pot aduce medicamentul la un pre\u021b mai mare dec\u00e2t cel stabilit de stat. Autorit\u0103\u021bile dau asigur\u0103ri c\u0103 livr\u0103rile vor fi reluate \u00een c\u00e2teva s\u0103pt\u0103m\u00e2ni.<\/p>\n<\/div>\n","protected":false},"excerpt":{"rendered":"<div><img loading=\"lazy\" decoding=\"async\" width=\"696\" height=\"458\" src=\"https:\/\/canal5.md\/wp-content\/uploads\/2025\/02\/800370-optimized.webp\" class=\"attachment-large size-large wp-post-image\" alt=\"\" srcset=\"https:\/\/canal5.md\/wp-content\/uploads\/2025\/02\/800370-optimized.webp 760w, https:\/\/canal5.md\/wp-content\/uploads\/2025\/02\/800370-300x197-optimized.webp 300w, https:\/\/canal5.md\/wp-content\/uploads\/2025\/02\/800370-696x458-optimized.webp 696w\">Cre\u0219terea num\u0103rului de infec\u021bii virale \u0219i a cazurilor de grip\u0103 a dus la epuizarea stocurilor de antivirale \u0219i medicamente pentru astm bron\u0219ic, anun\u021b\u0103 autorit\u0103\u021bile. Directorul general al Agen\u021biei Medicamentului, Drago\u0219 Gu\u021bu, a declarat c\u0103 stocurile planificate pentru iarn\u0103 \u0219i prim\u0103var\u0103 s-au epuizat mai devreme dec\u00e2t era estimat, iar o nou\u0103 livrare este a\u0219teptat\u0103 s\u0103pt\u0103m\u00e2na viitoare. [\u2026]<\/div>\n","protected":false},"author":1,"featured_media":68025,"comment_status":"closed","ping_status":"closed","sticky":false,"template":"","format":"standard","meta":{"jnews-multi-image_gallery":[],"jnews_single_post":[],"jnews_primary_category":[],"jnews_social_meta":[],"jnews_override_counter":[],"footnotes":""},"categories":[30],"tags":[],"class_list":["post-68024","post","type-post","status-publish","format-standard","has-post-thumbnail","hentry","category-social_ro"],"_links":{"self":[{"href":"https:\/\/orheifm.live\/index.php\/wp-json\/wp\/v2\/posts\/68024","targetHints":{"allow":["GET"]}}],"collection":[{"href":"https:\/\/orheifm.live\/index.php\/wp-json\/wp\/v2\/posts"}],"about":[{"href":"https:\/\/orheifm.live\/index.php\/wp-json\/wp\/v2\/types\/post"}],"author":[{"embeddable":true,"href":"https:\/\/orheifm.live\/index.php\/wp-json\/wp\/v2\/users\/1"}],"replies":[{"embeddable":true,"href":"https:\/\/orheifm.live\/index.php\/wp-json\/wp\/v2\/comments?post=68024"}],"version-history":[{"count":0,"href":"https:\/\/orheifm.live\/index.php\/wp-json\/wp\/v2\/posts\/68024\/revisions"}],"wp:featuredmedia":[{"embeddable":true,"href":"https:\/\/orheifm.live\/index.php\/wp-json\/wp\/v2\/media\/68025"}],"wp:attachment":[{"href":"https:\/\/orheifm.live\/index.php\/wp-json\/wp\/v2\/media?parent=68024"}],"wp:term":[{"taxonomy":"category","embeddable":true,"href":"https:\/\/orheifm.live\/index.php\/wp-json\/wp\/v2\/categories?post=68024"},{"taxonomy":"post_tag","embeddable":true,"href":"https:\/\/orheifm.live\/index.php\/wp-json\/wp\/v2\/tags?post=68024"}],"curies":[{"name":"wp","href":"https:\/\/api.w.org\/{rel}","templated":true}]}}