{"id":68021,"date":"2025-02-27T17:00:46","date_gmt":"2025-02-27T15:00:46","guid":{"rendered":"https:\/\/orheifm.live\/index.php\/2025\/02\/27\/ultima-zi-de-iarna-vine-cu-ieftiniri-la-pompa-cat-vor-costa-maine-benzina-si-motorina\/"},"modified":"2025-02-27T17:00:46","modified_gmt":"2025-02-27T15:00:46","slug":"ultima-zi-de-iarna-vine-cu-ieftiniri-la-pompa-cat-vor-costa-maine-benzina-si-motorina","status":"publish","type":"post","link":"https:\/\/orheifm.live\/index.php\/2025\/02\/27\/ultima-zi-de-iarna-vine-cu-ieftiniri-la-pompa-cat-vor-costa-maine-benzina-si-motorina\/","title":{"rendered":"Ultima zi de iarn\u0103 vine cu ieftiniri la pomp\u0103: C\u00e2t vor costa m\u00e2ine benzina \u0219i motorina"},"content":{"rendered":"<div>\n<p><strong>Agen\u021bia Na\u021bional\u0103 pentru Reglementare \u00een Energetic\u0103 a afi\u0219at pre\u021burile la carburan\u021bi pentru m\u00e2ine, 28 februarie. Astfel, motorina se ieftine\u0219te cu 10 bani, iar pre\u021bul benzinei scade cu 8 bani.<\/strong><\/p>\n<p>Astfel, litrul de benzin\u0103 va costa 24,32 lei, iar cel de motorin\u0103 \u2013 21,15 lei.<img loading=\"lazy\" decoding=\"async\" class=\"alignnone size-full wp-image-77569\" src=\"https:\/\/orheifm.live\/wp-content\/uploads\/2025\/02\/e5e9d309558311dc38772761460eae119edf707839e25b1226521e0d664b68c1-optimized.jpg\" alt=\"\" width=\"685\" height=\"323\" srcset=\"https:\/\/orheifm.live\/wp-content\/uploads\/2025\/02\/e5e9d309558311dc38772761460eae119edf707839e25b1226521e0d664b68c1-optimized.jpg 685w, https:\/\/canal5.md\/wp-content\/uploads\/2025\/02\/e5e9d309558311dc38772761460eae119edf707839e25b1226521e0d664b68c1-300x141-optimized.jpg 300w\" sizes=\"auto, (max-width: 685px) 100vw, 685px\"><\/p>\n<\/div>\n","protected":false},"excerpt":{"rendered":"<div><img loading=\"lazy\" decoding=\"async\" width=\"640\" height=\"426\" src=\"https:\/\/canal5.md\/wp-content\/uploads\/2025\/02\/i-11-optimized.webp\" class=\"attachment-large size-large wp-post-image\" alt=\"\" srcset=\"https:\/\/canal5.md\/wp-content\/uploads\/2025\/02\/i-11-optimized.webp 640w, https:\/\/canal5.md\/wp-content\/uploads\/2025\/02\/i-11-300x200-optimized.webp 300w\">Agen\u021bia Na\u021bional\u0103 pentru Reglementare \u00een Energetic\u0103 a afi\u0219at pre\u021burile la carburan\u021bi pentru m\u00e2ine, 28 februarie. Astfel, motorina se ieftine\u0219te cu 10 bani, iar pre\u021bul benzinei scade cu 8 bani. Astfel, litrul de benzin\u0103 va costa 24,32 lei, iar cel de motorin\u0103 \u2013 21,15 lei.<\/div>\n","protected":false},"author":1,"featured_media":68022,"comment_status":"closed","ping_status":"closed","sticky":false,"template":"","format":"standard","meta":{"jnews-multi-image_gallery":[],"jnews_single_post":[],"jnews_primary_category":[],"jnews_social_meta":[],"jnews_override_counter":[],"footnotes":""},"categories":[30],"tags":[],"class_list":["post-68021","post","type-post","status-publish","format-standard","has-post-thumbnail","hentry","category-social_ro"],"_links":{"self":[{"href":"https:\/\/orheifm.live\/index.php\/wp-json\/wp\/v2\/posts\/68021","targetHints":{"allow":["GET"]}}],"collection":[{"href":"https:\/\/orheifm.live\/index.php\/wp-json\/wp\/v2\/posts"}],"about":[{"href":"https:\/\/orheifm.live\/index.php\/wp-json\/wp\/v2\/types\/post"}],"author":[{"embeddable":true,"href":"https:\/\/orheifm.live\/index.php\/wp-json\/wp\/v2\/users\/1"}],"replies":[{"embeddable":true,"href":"https:\/\/orheifm.live\/index.php\/wp-json\/wp\/v2\/comments?post=68021"}],"version-history":[{"count":0,"href":"https:\/\/orheifm.live\/index.php\/wp-json\/wp\/v2\/posts\/68021\/revisions"}],"wp:featuredmedia":[{"embeddable":true,"href":"https:\/\/orheifm.live\/index.php\/wp-json\/wp\/v2\/media\/68022"}],"wp:attachment":[{"href":"https:\/\/orheifm.live\/index.php\/wp-json\/wp\/v2\/media?parent=68021"}],"wp:term":[{"taxonomy":"category","embeddable":true,"href":"https:\/\/orheifm.live\/index.php\/wp-json\/wp\/v2\/categories?post=68021"},{"taxonomy":"post_tag","embeddable":true,"href":"https:\/\/orheifm.live\/index.php\/wp-json\/wp\/v2\/tags?post=68021"}],"curies":[{"name":"wp","href":"https:\/\/api.w.org\/{rel}","templated":true}]}}