{"id":68017,"date":"2025-02-27T16:20:59","date_gmt":"2025-02-27T14:20:59","guid":{"rendered":"https:\/\/orheifm.live\/index.php\/2025\/02\/27\/cresterea-cazurilor-de-gripa-si-infectii-respiratorii-in-republica-moldova\/"},"modified":"2025-02-27T16:20:59","modified_gmt":"2025-02-27T14:20:59","slug":"cresterea-cazurilor-de-gripa-si-infectii-respiratorii-in-republica-moldova","status":"publish","type":"post","link":"https:\/\/orheifm.live\/index.php\/2025\/02\/27\/cresterea-cazurilor-de-gripa-si-infectii-respiratorii-in-republica-moldova\/","title":{"rendered":"Cre\u0219terea cazurilor de grip\u0103 \u0219i infec\u021bii respiratorii \u00een Republica Moldova"},"content":{"rendered":"<div>\n<p><strong>Num\u0103rul cazurilor de infec\u021bii respiratorii \u0219i grip\u0103 sezonier\u0103 continu\u0103 s\u0103 creasc\u0103 \u00een Republica Moldova. \u00cen ultima s\u0103pt\u0103m\u00e2n\u0103 au fost \u00eenregistrate 10.503 cazuri de infec\u021bii acute ale c\u0103ilor respiratorii superioare \u0219i aproape 500 de cazuri de grip\u0103. <\/strong><\/p>\n<p>Ministra S\u0103n\u0103t\u0103\u021bii, Ala Nemerenco, a \u00eendemnat cet\u0103\u021benii s\u0103 fie pruden\u021bi, s\u0103 urmeze m\u0103surile de prevenire \u0219i s\u0103 r\u0103m\u00e2n\u0103 acas\u0103 atunci c\u00e2nd sunt bolnavi, pentru a proteja persoanele din jur.<\/p>\n<p>\u00cen plus, Nemerenco a subliniat cre\u0219terea semnificativ\u0103 a cazurilor de grip\u0103, care au fost de patru ori mai multe dec\u00e2t \u00een sezonul anterior. Ministerul S\u0103n\u0103t\u0103\u021bii va asigura pentru anul viitor mai multe doze de vaccin antigripal, av\u00e2nd \u00een vedere cererea mare.<\/p>\n<\/div>\n","protected":false},"excerpt":{"rendered":"<div><img loading=\"lazy\" decoding=\"async\" width=\"696\" height=\"391\" src=\"https:\/\/canal5.md\/wp-content\/uploads\/2025\/02\/259bf80c407f35ca7f3c24a5b6fe7cd1-optimized.jpg\" class=\"attachment-large size-large wp-post-image\" alt=\"\" srcset=\"https:\/\/canal5.md\/wp-content\/uploads\/2025\/02\/259bf80c407f35ca7f3c24a5b6fe7cd1-optimized.jpg 900w, https:\/\/canal5.md\/wp-content\/uploads\/2025\/02\/259bf80c407f35ca7f3c24a5b6fe7cd1-300x168-optimized.jpg 300w, https:\/\/canal5.md\/wp-content\/uploads\/2025\/02\/259bf80c407f35ca7f3c24a5b6fe7cd1-768x431-optimized.jpg 768w, https:\/\/canal5.md\/wp-content\/uploads\/2025\/02\/259bf80c407f35ca7f3c24a5b6fe7cd1-696x391-optimized.jpg 696w\">Num\u0103rul cazurilor de infec\u021bii respiratorii \u0219i grip\u0103 sezonier\u0103 continu\u0103 s\u0103 creasc\u0103 \u00een Republica Moldova. \u00cen ultima s\u0103pt\u0103m\u00e2n\u0103 au fost \u00eenregistrate 10.503 cazuri de infec\u021bii acute ale c\u0103ilor respiratorii superioare \u0219i aproape 500 de cazuri de grip\u0103. Ministra S\u0103n\u0103t\u0103\u021bii, Ala Nemerenco, a \u00eendemnat cet\u0103\u021benii s\u0103 fie pruden\u021bi, s\u0103 urmeze m\u0103surile de prevenire \u0219i s\u0103 r\u0103m\u00e2n\u0103 acas\u0103 [\u2026]<\/div>\n","protected":false},"author":1,"featured_media":68018,"comment_status":"closed","ping_status":"closed","sticky":false,"template":"","format":"standard","meta":{"jnews-multi-image_gallery":[],"jnews_single_post":[],"jnews_primary_category":[],"jnews_social_meta":[],"jnews_override_counter":[],"footnotes":""},"categories":[30],"tags":[],"class_list":["post-68017","post","type-post","status-publish","format-standard","has-post-thumbnail","hentry","category-social_ro"],"_links":{"self":[{"href":"https:\/\/orheifm.live\/index.php\/wp-json\/wp\/v2\/posts\/68017","targetHints":{"allow":["GET"]}}],"collection":[{"href":"https:\/\/orheifm.live\/index.php\/wp-json\/wp\/v2\/posts"}],"about":[{"href":"https:\/\/orheifm.live\/index.php\/wp-json\/wp\/v2\/types\/post"}],"author":[{"embeddable":true,"href":"https:\/\/orheifm.live\/index.php\/wp-json\/wp\/v2\/users\/1"}],"replies":[{"embeddable":true,"href":"https:\/\/orheifm.live\/index.php\/wp-json\/wp\/v2\/comments?post=68017"}],"version-history":[{"count":0,"href":"https:\/\/orheifm.live\/index.php\/wp-json\/wp\/v2\/posts\/68017\/revisions"}],"wp:featuredmedia":[{"embeddable":true,"href":"https:\/\/orheifm.live\/index.php\/wp-json\/wp\/v2\/media\/68018"}],"wp:attachment":[{"href":"https:\/\/orheifm.live\/index.php\/wp-json\/wp\/v2\/media?parent=68017"}],"wp:term":[{"taxonomy":"category","embeddable":true,"href":"https:\/\/orheifm.live\/index.php\/wp-json\/wp\/v2\/categories?post=68017"},{"taxonomy":"post_tag","embeddable":true,"href":"https:\/\/orheifm.live\/index.php\/wp-json\/wp\/v2\/tags?post=68017"}],"curies":[{"name":"wp","href":"https:\/\/api.w.org\/{rel}","templated":true}]}}