{"id":68007,"date":"2025-02-27T15:41:07","date_gmt":"2025-02-27T13:41:07","guid":{"rendered":"https:\/\/orheifm.live\/index.php\/2025\/02\/27\/guvernarea-pas-ocoleste-legea-ramona-strugariu-obtine-cetatenia-moldoveneasca-dupa-numirea-in-functia-de-director-al-inj\/"},"modified":"2025-02-27T15:41:07","modified_gmt":"2025-02-27T13:41:07","slug":"guvernarea-pas-ocoleste-legea-ramona-strugariu-obtine-cetatenia-moldoveneasca-dupa-numirea-in-functia-de-director-al-inj","status":"publish","type":"post","link":"https:\/\/orheifm.live\/index.php\/2025\/02\/27\/guvernarea-pas-ocoleste-legea-ramona-strugariu-obtine-cetatenia-moldoveneasca-dupa-numirea-in-functia-de-director-al-inj\/","title":{"rendered":"Guvernarea PAS ocole\u0219te legea? Ramona Strugariu ob\u021bine cet\u0103\u021benia moldoveneasc\u0103 dup\u0103 numirea \u00een func\u021bia de director al INJ"},"content":{"rendered":"<div>\n<p><strong>Guvernarea PAS continu\u0103 s\u0103 \u00eempart\u0103 generos cet\u0103\u021benia Republicii Moldova pentru fra\u021bii rom\u00e2ni, odat\u0103 cu func\u021biile de conducere \u00een diferite institu\u021bii cheie ale statului. La doar c\u00e2teva zile de la scandalul legat de noul director al Institutului Na\u021bional al Justi\u021biei, Ramona Victoria Strugariu, c\u00e2nd s-a aflat c\u0103, de\u0219i nu are cet\u0103\u021benie moldoveneasc\u0103, aceasta a c\u00e2\u0219tigat concursul pentru \u0219efia INJ, iat\u0103 c\u0103 rom\u00e2nca a devenit cet\u0103\u021bean al moldovean cu acte \u00een regul\u0103.\u00a0<\/strong><br \/>\n<iframe loading=\"lazy\" title=\"YouTube video player\" src=\"https:\/\/www.youtube.com\/embed\/_tY--1D0MFs?si=xS7zQoUJo9ISUZjx\" width=\"560\" height=\"315\" frameborder=\"0\" allowfullscreen=\"allowfullscreen\"><\/iframe><br \/>\nFostul europarlamentar rom\u00e2n Ramona Victoria Strugariu, care c\u00e2\u0219tigase concursul pentru func\u021bia de director al Institutului Na\u021bional al Justi\u021biei, a ob\u021binut cet\u0103\u021benia Republicii Moldova. Decretul a fost semnat de pre\u0219edintele Maia Sandu, \u00een data de 25 februarie 2025 \u0219i va intra \u00een vigoare la data public\u0103rii \u00een Monitorul Oficial.<\/p>\n<p>Se \u00eent\u00e2mpl\u0103 la scurt timp dup\u0103 scandalul legat de numirea rom\u00e2ncei \u00een func\u021bia de \u0219ef la INJ, f\u0103r\u0103 ca aceasta s\u0103 de\u021bin\u0103 cet\u0103\u021benie moldoveneasc\u0103.<\/p>\n<p>La acel moment, \u00eentr-o \u00eencercare de a justifica alegerea Ramonei<\/p>\n<p>Srtrugariu \u00eentr-o func\u021bie de conducere a unei institu\u021bii cheie din domeniul judiciar, ministra Justi\u021biei, Veronica Mihailov-Moraru sus\u021binea c\u0103 \u201elegea institu\u021biei nu prevede obligativitatea de\u021binerii cet\u0103\u021beniei\u201d \u0219i c\u0103 nu \u201dexist\u0103 vreo interdic\u021bie legal\u0103, nici conform Constitu\u021biei\u201d. Asta \u00een condi\u021biile \u00een care art 39 aliniatul 2 din Legea Suprem\u0103, la care s-a referit Moraru, nu spune nimic despre cet\u0103\u021benii str\u0103ini.<\/p>\n<p>Mai mult ca at\u00e2t, \u00een alineatul 13, care se refer\u0103 nemijlocit la \u00eencadrarea \u00een serviciul public este men\u021bionat c\u0103 \u201ddreptul de a se angaja \u00eel au cet\u0103\u021benii Republicii Moldova, care domiciliaz\u0103 permanent \u00een republic\u0103\u201d. \u0218i, la fel, nu se spune nimic despre cet\u0103\u021benii str\u0103ini, c\u0103 ar avea \u0219i ei acest drept.<\/p>\n<p>Reiese c\u0103 Strungariu a c\u00e2\u0219tigat ilegal concursul pentru \u0219efia Institutului Na\u021bional al Justi\u021biei, iar guvernarea PAS, din nou \u201ea pus carul \u00eenaintea boilor\u201d. Ce-i drept, \u00een a\u0219teptarea ob\u021binerii cet\u0103\u021beniei Republicii Moldova, Strugariu, a depus o cerere prin care a solicitat o pauz\u0103 \u0219i \u00ee\u0219i va \u00eencepe oficial mandatul pe 4 martie 2025.<\/p>\n<p>Motivul \u2013 derularea \u0219i finalizarea procedurilor necesare \u00een ceea ce prive\u0219te dreptul la munc\u0103 \u0219i \u0219edere. Cu alte cuvinte, \u0219i de aceast\u0103 dat\u0103 guvernarea Sandu-PAS a inventat o cale de a ocoli buchia legii.<\/p>\n<p>\u00cen context, mai men\u021bion\u0103m c\u0103 ex-judec\u0103torul, Victoria Sanduta, a contestat numirea \u00een func\u021bie de \u0219ef\u0103 al INJ a Ramonei Strungariu, invoc\u00e2nd dou\u0103 motive: Interdic\u021bia legal\u0103 de a ocupa aceast\u0103 func\u021bie din cauza lipsei cet\u0103\u021beniei \u0219i incompatibilitatea de a ocupa aceast\u0103 func\u021bie, deoarece nu \u00eendepline\u0219te condi\u021biile de la art.9 din Legea INJ.<\/p>\n<p>Iar, potrivit legisla\u021biei, at\u00e2t timp c\u00e2t exist\u0103 o cerere prealabil\u0103 prin care se contest\u0103 oficial numirea ei \u00een func\u021bie, strugariu oricum nu poate s\u0103 intre \u00een exercitarea func\u021biei.<\/p>\n<p>Amintim c\u0103 Ramona Victoria Strugariu a fost numit\u0103 director al Institutului Na\u021bional al Justi\u021biei pe 14 februarie 2024. Ea s-a \u00eenscris la concursul repetat din 9 octombrie 2024, dup\u0103 ce prima \u00eencercare a e\u0219uat. Strugariu a fost membr\u0103 de partide \u0219i eurodeputat\u0103 p\u00e2n\u0103 anul trecut.<\/p>\n<p>Este apropiat\u0103 de Dacian Ciolo\u0219, fostul premier rom\u00e2n, care a p\u0103r\u0103sit USR pentru a crea o nou\u0103 forma\u021biune. Pe pagina sa de Facebook, sunt multe fotografii cu membri \u0219i sus\u021bin\u0103tori ai PAS, inclusiv Maia Sandu, Igor Grosu, Dorin Recean \u0219i Doina Gherman.<\/p>\n<p>Acum c\u00e2teva s\u0103pt\u0103m\u00e2ni, Maia Sandu a semnat un decret prin care a acordat cet\u0103\u021benia moldoveneasc\u0103 altor patru rom\u00e2ni, invoc\u00e2nd \u201einteresele statului\u201d. Anul trecut, rom\u00e2nca Anca Dragu a fost numit\u0103 \u00een calitate de pre\u0219edint\u0103 al B\u0103ncii Na\u021bionale a Moldovei. Tot din Rom\u00e2nia vine \u0219i unul dintre viceguvernatorii BNM, Mihnea Constatinescu.<\/p>\n<p>Potrivit unui sondaj realizat de compania IMAS, care a \u00eentrebat cet\u0103\u021benii dac\u0103 sunt sau nu de acord cu numirea rom\u00e2nilor \u00een func\u021bii importante \u00een statul moldovean, 62% dintre ace\u0219tia au r\u0103spuns c\u0103 nu sunt de acord, 10% au spus c\u0103 nu \u0219tiu sau nu au r\u0103spuns la aceast\u0103 \u00eentrebare \u0219i doar 28% au aprobat aceste decizii.<\/p>\n<p>A\u0219a sau altfel, numirea cet\u0103\u021benilor statului vecin \u00een func\u021bii de conducere a institu\u021biilor-cheie ale Republicii Moldova, dar \u0219i transferul c\u0103tre rom\u00e2ni a unor obiective strategice, cum ar fi sectorul gazelor, creaz\u0103 percep\u021bia c\u0103 actuala guvernare Sandu-PAS pred\u0103 treptat \u021bara Rom\u00e2niei.<\/p>\n<\/div>\n","protected":false},"excerpt":{"rendered":"<div><img loading=\"lazy\" decoding=\"async\" width=\"696\" height=\"377\" src=\"https:\/\/canal5.md\/wp-content\/uploads\/2025\/02\/blob-17-1-optimized.jpg\" class=\"attachment-large size-large wp-post-image\" alt=\"\" srcset=\"https:\/\/canal5.md\/wp-content\/uploads\/2025\/02\/blob-17-1-optimized.jpg 853w, https:\/\/canal5.md\/wp-content\/uploads\/2025\/02\/blob-17-1-300x162-optimized.jpg 300w, https:\/\/canal5.md\/wp-content\/uploads\/2025\/02\/blob-17-1-768x416-optimized.jpg 768w, https:\/\/canal5.md\/wp-content\/uploads\/2025\/02\/blob-17-1-696x377-optimized.jpg 696w\">Guvernarea PAS continu\u0103 s\u0103 \u00eempart\u0103 generos cet\u0103\u021benia Republicii Moldova pentru fra\u021bii rom\u00e2ni, odat\u0103 cu func\u021biile de conducere \u00een diferite institu\u021bii cheie ale statului. La doar c\u00e2teva zile de la scandalul legat de noul director al Institutului Na\u021bional al Justi\u021biei, Ramona Victoria Strugariu, c\u00e2nd s-a aflat c\u0103, de\u0219i nu are cet\u0103\u021benie moldoveneasc\u0103, aceasta a c\u00e2\u0219tigat concursul [\u2026]<\/div>\n","protected":false},"author":1,"featured_media":68008,"comment_status":"closed","ping_status":"closed","sticky":false,"template":"","format":"standard","meta":{"jnews-multi-image_gallery":[],"jnews_single_post":[],"jnews_primary_category":[],"jnews_social_meta":[],"jnews_override_counter":[],"footnotes":""},"categories":[23],"tags":[],"class_list":["post-68007","post","type-post","status-publish","format-standard","has-post-thumbnail","hentry","category-politica_ro"],"_links":{"self":[{"href":"https:\/\/orheifm.live\/index.php\/wp-json\/wp\/v2\/posts\/68007","targetHints":{"allow":["GET"]}}],"collection":[{"href":"https:\/\/orheifm.live\/index.php\/wp-json\/wp\/v2\/posts"}],"about":[{"href":"https:\/\/orheifm.live\/index.php\/wp-json\/wp\/v2\/types\/post"}],"author":[{"embeddable":true,"href":"https:\/\/orheifm.live\/index.php\/wp-json\/wp\/v2\/users\/1"}],"replies":[{"embeddable":true,"href":"https:\/\/orheifm.live\/index.php\/wp-json\/wp\/v2\/comments?post=68007"}],"version-history":[{"count":0,"href":"https:\/\/orheifm.live\/index.php\/wp-json\/wp\/v2\/posts\/68007\/revisions"}],"wp:featuredmedia":[{"embeddable":true,"href":"https:\/\/orheifm.live\/index.php\/wp-json\/wp\/v2\/media\/68008"}],"wp:attachment":[{"href":"https:\/\/orheifm.live\/index.php\/wp-json\/wp\/v2\/media?parent=68007"}],"wp:term":[{"taxonomy":"category","embeddable":true,"href":"https:\/\/orheifm.live\/index.php\/wp-json\/wp\/v2\/categories?post=68007"},{"taxonomy":"post_tag","embeddable":true,"href":"https:\/\/orheifm.live\/index.php\/wp-json\/wp\/v2\/tags?post=68007"}],"curies":[{"name":"wp","href":"https:\/\/api.w.org\/{rel}","templated":true}]}}