{"id":68005,"date":"2025-02-27T15:34:18","date_gmt":"2025-02-27T13:34:18","guid":{"rendered":"https:\/\/orheifm.live\/index.php\/2025\/02\/27\/tentativa-de-omor-in-sectorul-botanica-un-atac-armat-vizand-sportivul-ion-soltoianu-condamnat-pentru-crime-anterioare\/"},"modified":"2025-02-27T15:34:18","modified_gmt":"2025-02-27T13:34:18","slug":"tentativa-de-omor-in-sectorul-botanica-un-atac-armat-vizand-sportivul-ion-soltoianu-condamnat-pentru-crime-anterioare","status":"publish","type":"post","link":"https:\/\/orheifm.live\/index.php\/2025\/02\/27\/tentativa-de-omor-in-sectorul-botanica-un-atac-armat-vizand-sportivul-ion-soltoianu-condamnat-pentru-crime-anterioare\/","title":{"rendered":"Tentativ\u0103 de omor \u00een sectorul Botanica: Un atac armat viz\u00e2nd sportivul Ion \u0218oltoianu, condamnat pentru crime anterioare"},"content":{"rendered":"<div>\n<p><strong>Un atac armat, ca \u00een anii 90, a avut loc asear\u0103 \u00een sectorul Botanica al capitalei. Un individ cu cagul\u0103 pe cap a tras mai multe focuri de arm\u0103 spre un b\u0103rbat. S-a \u00eent\u00e2mplat dup\u0103 ce victima cobor\u00e2se din ma\u0219in\u0103 \u0219i \u00eencerca s\u0103 intre \u00een curtea casei sale. Cazul a avut loc pe strada Trandafirilor. <\/strong><br \/>\n<iframe loading=\"lazy\" title=\"YouTube video player\" src=\"https:\/\/www.youtube.com\/embed\/RbdLl3rmzRQ?si=jmRJWj7RliWksc1N\" width=\"560\" height=\"315\" frameborder=\"0\" allowfullscreen=\"allowfullscreen\"><\/iframe><br \/>\nJurnali\u0219tii Canal 5 au intrat \u00een posesia unor imagini video exclusive, surprinse de camerele de supraveghere din apropierea locului incidentului. Din acestea se vede cum, dup\u0103 ce a parcat automobilul \u00een fa\u021ba casei, b\u0103rbatul atacat se \u00eendreapt\u0103 spre poart\u0103.<\/p>\n<p>\u00cen acest timp se observ\u0103 cum infractorul se apropie de el \u0219i trage de mai multe ori \u00een direc\u021bia sa. Victima \u00eencearc\u0103 s\u0103 se protejeze cu o geant\u0103 sportiv\u0103. Dup\u0103 ce a realizat c\u0103 nu l-a \u021bintit, la scurt timp, individul a fugit.<\/p>\n<p>\u00cen spa\u021biul public a ap\u0103rut informa\u021bia c\u0103 persoana supus\u0103 atentatului este sportivul Ion \u0218oltoianu, condamnat penal \u00een repetate r\u00e2nduri. Poli\u021bia a confirmat cele \u00eent\u00e2mplate, dar nu \u0219i numele b\u0103rbatului spre care a fost \u00eendreptat\u0103 arma. \u00centr-un comunicat al IGP se spune c\u0103\u00a0 pu\u021bin dup\u01ce miezul nop\u021bii, poli\u021bi\u0219tii de la Botanica au fost sesiza\u021bi, prin apel la 112, de un barbat, care a comunicat c\u0103 o persoan\u0103 necunoscut\u0103 de gen masculin a efectuat o \u00eempu\u0219c\u0103tur\u0103 \u00een direc\u021bia sa, dup\u0103 care a fugit.<\/p>\n<p>Incidentul s-a produs \u00een fa\u021ba locuin\u021bei solicitantului. Barbatul nu a fost ranit. \u201dA fost creat un grup de investiga\u021bii, care, la moment, examineaza mai multe versiuni\u201d, transmite Inspectoratul.<\/p>\n<p>Am \u00eencercat s\u0103 afl\u0103m mai multe detalii de la avocatul care reprezint\u0103 interesele sportivului, Ion \u0218oltoianu, \u00eens\u0103 acesta a fost rezervat \u00een a ne oferi informa\u021bii.<\/p>\n<p>VITALIE NAGACEVSCHI, avocat din SNC TEL AVOCAT NAGACEVSCHI<\/p>\n<p>a\u021bi fost informat de domnul \u0218oltoianu de cele \u00eent\u00e2mplate. Mai departe, ce urmeaz\u0103 s\u0103 face\u021bi? \u2013Eu n-am cu el contract pe acest caz, \u00eel reprezint doar pe cazul care se afl\u0103 \u00een instan\u021ba de judecat\u0103, asta este sarcina mea.<\/p>\n<p>Eu \u00eel ap\u0103r pe domnul \u0218oltoianu pe alt dosar, nu pe dosarul \u0103sta \u0219i aici eu nu \u0219tiu ce o avut loc, ce s-o \u00eent\u00e2mplat.<\/p>\n<p>El o fost supus unui atac, nu \u0219tiu ce fel de atac \u0219i urmeaz\u0103 poli\u021bia s\u0103 reac\u021bioneze.<\/p>\n<p>Presa scrie c\u0103 potrivit unor surse apropiate anchetei, tentativa de omor asupra sportivului Ion \u0218oltoianu ar fi fost \u00eenscenat\u0103. Avocatul lui \u0218oltoianu nu a confirmat, nici infirmat informa\u021biile ap\u0103rute \u00een spa\u021biul public.<\/p>\n<p>Amintim c\u0103, Ion \u0218oltoianu a fost condamnat la 14 ani de \u00eenchisoare pentru omor, \u0219antaj \u0219i de\u021binere ilegal\u0103 de arme. Kickboxerul moldovean a fost acuzat de uciderea poli\u021bistului Ion Stratulat, \u00een septembrie 2011, la o teras\u0103 din centrul capitalei. La \u00eenceputul lunii aprilie 2023, fostul sportiv a ajuns din nou pe m\u00e2na poli\u021biei.<\/p>\n<p>De data aceasta a fost re\u021binut pentru c\u0103 ar fi pretins prin \u0219antaj peste cinci milioane de lei de la un fost coleg de\u021binut. Dosarul de \u00eenvinuire a fost trimis \u00een instan\u021b\u0103 \u00een octombrie, acestuia fiindu-i incriminate trei capete de acuzare. Acum un an, Judec\u0103toria Buiucani a decis eliberarea lui din arest, la solicitarea procurorului de caz.<\/p>\n<\/div>\n","protected":false},"excerpt":{"rendered":"<div><img loading=\"lazy\" decoding=\"async\" width=\"696\" height=\"424\" src=\"https:\/\/canal5.md\/wp-content\/uploads\/2024\/04\/politie-820x500-1-jpg-optimized.webp\" class=\"attachment-large size-large wp-post-image\" alt=\"\" srcset=\"https:\/\/canal5.md\/wp-content\/uploads\/2024\/04\/politie-820x500-1-jpg-optimized.webp 820w, https:\/\/canal5.md\/wp-content\/uploads\/2024\/04\/politie-820x500-1-300x183-optimized.webp 300w, https:\/\/canal5.md\/wp-content\/uploads\/2024\/04\/politie-820x500-1-768x468-optimized.webp 768w, https:\/\/canal5.md\/wp-content\/uploads\/2024\/04\/politie-820x500-1-696x424-optimized.webp 696w\">Un atac armat, ca \u00een anii 90, a avut loc asear\u0103 \u00een sectorul Botanica al capitalei. Un individ cu cagul\u0103 pe cap a tras mai multe focuri de arm\u0103 spre un b\u0103rbat. S-a \u00eent\u00e2mplat dup\u0103 ce victima cobor\u00e2se din ma\u0219in\u0103 \u0219i \u00eencerca s\u0103 intre \u00een curtea casei sale. Cazul a avut loc pe strada Trandafirilor. [\u2026]<\/div>\n","protected":false},"author":1,"featured_media":68006,"comment_status":"closed","ping_status":"closed","sticky":false,"template":"","format":"standard","meta":{"jnews-multi-image_gallery":[],"jnews_single_post":[],"jnews_primary_category":[],"jnews_social_meta":[],"jnews_override_counter":[],"footnotes":""},"categories":[30],"tags":[],"class_list":["post-68005","post","type-post","status-publish","format-standard","has-post-thumbnail","hentry","category-social_ro"],"_links":{"self":[{"href":"https:\/\/orheifm.live\/index.php\/wp-json\/wp\/v2\/posts\/68005","targetHints":{"allow":["GET"]}}],"collection":[{"href":"https:\/\/orheifm.live\/index.php\/wp-json\/wp\/v2\/posts"}],"about":[{"href":"https:\/\/orheifm.live\/index.php\/wp-json\/wp\/v2\/types\/post"}],"author":[{"embeddable":true,"href":"https:\/\/orheifm.live\/index.php\/wp-json\/wp\/v2\/users\/1"}],"replies":[{"embeddable":true,"href":"https:\/\/orheifm.live\/index.php\/wp-json\/wp\/v2\/comments?post=68005"}],"version-history":[{"count":0,"href":"https:\/\/orheifm.live\/index.php\/wp-json\/wp\/v2\/posts\/68005\/revisions"}],"wp:featuredmedia":[{"embeddable":true,"href":"https:\/\/orheifm.live\/index.php\/wp-json\/wp\/v2\/media\/68006"}],"wp:attachment":[{"href":"https:\/\/orheifm.live\/index.php\/wp-json\/wp\/v2\/media?parent=68005"}],"wp:term":[{"taxonomy":"category","embeddable":true,"href":"https:\/\/orheifm.live\/index.php\/wp-json\/wp\/v2\/categories?post=68005"},{"taxonomy":"post_tag","embeddable":true,"href":"https:\/\/orheifm.live\/index.php\/wp-json\/wp\/v2\/tags?post=68005"}],"curies":[{"name":"wp","href":"https:\/\/api.w.org\/{rel}","templated":true}]}}