{"id":67999,"date":"2025-02-27T14:36:36","date_gmt":"2025-02-27T12:36:36","guid":{"rendered":"https:\/\/orheifm.live\/index.php\/2025\/02\/27\/protest-in-fata-primariei-comrat-autoritatile-centrale-ignora-din-nou-drepturile-legale-ale-autonomiei-gagauze-video\/"},"modified":"2025-02-27T14:36:36","modified_gmt":"2025-02-27T12:36:36","slug":"protest-in-fata-primariei-comrat-autoritatile-centrale-ignora-din-nou-drepturile-legale-ale-autonomiei-gagauze-video","status":"publish","type":"post","link":"https:\/\/orheifm.live\/index.php\/2025\/02\/27\/protest-in-fata-primariei-comrat-autoritatile-centrale-ignora-din-nou-drepturile-legale-ale-autonomiei-gagauze-video\/","title":{"rendered":"Protest \u00een fa\u021ba prim\u0103riei Comrat: Autorit\u0103\u021bile centrale ignor\u0103 din nou drepturile legale ale Autonomiei G\u0103g\u0103uze |VIDEO"},"content":{"rendered":"<div>\n<p><strong>Protest la Comrat din cauza ignor\u0103rii crase a conducerii autonomiei g\u0103g\u0103uze \u0219i, de\u0219i, a legii. Mai mul\u021bi locuitori s-au adunat \u00een fa\u021ba prim\u0103riei, unde se desf\u0103\u0219oar\u0103 o \u0219edin\u021b\u0103 a Agen\u021biei pentru Dezvoltare Regional\u0103, la care particip\u0103 \u0219i ministrul Infrastructurii, Vladimir Bolea.<\/strong><br \/>\n<iframe loading=\"lazy\" title=\"YouTube video player\" src=\"https:\/\/www.youtube.com\/embed\/eOx44nz965Y?si=UIGQ1dZAO8FcyW6n\" width=\"560\" height=\"315\" frameborder=\"0\" allowfullscreen=\"allowfullscreen\"><\/iframe><br \/>\nConform legii, pre\u0219edintele acestei \u0219edin\u021be ar trebui s\u0103 fie ba\u0219canul G\u0103g\u0103uziei, Evghenia Gu\u021bul, \u00eens\u0103 aceasta nu a fost informat\u0103 despre eveniment. \u00cen locul ei, a fost desemnat primarul ora\u0219ului, Serghei Anastasov.<\/p>\n<p>Locuitorii prezen\u021bi cer respect fa\u021b\u0103 de conducerea autonomiei din partea autorit\u0103\u021bilor centrale. Ei sus\u021bin c\u0103 astfel de \u0219edin\u021be cu u\u0219ile \u00eenchise sunt ilegale \u0219i acuz\u0103 guvernarea PAS de abuz de putere, ac\u021bion\u00e2nd \u00een interes propriu \u0219i ignor\u00e2nd voin\u021ba \u0219i drepturile cet\u0103\u021benilor.<\/p>\n<p>Locuitorii, activi\u0219tii \u0219i reprezentan\u021bii executivului local din Comrat au protestat \u00een fa\u021ba prim\u0103riei, cer\u00e2nd ministrului Infrastructurii, Vladimir Bolea, s\u0103 p\u0103r\u0103seasc\u0103 \u0219edin\u021ba Agen\u021biei pentru Dezvoltare Regional\u0103, considerat\u0103 ilegal\u0103.<\/p>\n<p>Ace\u0219tia au criticat ignorarea ba\u0219canului G\u0103g\u0103uziei, Evghenia Gu\u021bul, care conform legii ar trebui s\u0103 conduc\u0103 \u0219edin\u021ba. Ei \u00eens\u0103 nici m\u0103car nu i s-a comunicat despre \u00eentrunire. Astfel, protestatarii acuz\u0103 guvernarea PAS de abuz de putere \u0219i de \u00eemp\u0103r\u021birea dup\u0103 bunul plac a banilor G\u0103g\u0103uziei.<\/p>\n<p>IURII CUZNE\u021aOV, consilierul ba\u0219canului G\u0103g\u0103uziei<\/p>\n<p>M\u0103 \u00eentreb, cum fostul deputat al Parlamentului Republicii Moldova, actualul ministru, poate ac\u021biona \u00eempotriva legii statului<br \/>\ns\u0103u.<\/p>\n<p>Aceste persoane ac\u021bioneaz\u0103 doar \u00een propriul lor interes, motiv pentru care \u0219edin\u021ba de ast\u0103zi este clar ilegal\u0103 \u0219i ilegitim\u0103. De asemenea, vreau s\u0103 subliniez c\u0103 cei care conduc acum, care prezideaz\u0103 \u0219edin\u021ba, sunt secretari ai acestei comisii \u2013 ac\u021biunile lor pot duce la deschiderea unor dosare penale. Ei abuzeaz\u0103 de putere, iar, pentru a fi \u00een\u021bele\u0219i de toat\u0103 lumea, trebuie men\u021bionat c\u0103 ast\u0103zi vor fi responsabili cu administrarea banilor no\u0219tri.<\/p>\n<p>Protestatarii spun c\u0103 au venit \u00een fa\u021ba prim\u0103riei ca s\u0103 cear\u0103 respect pentru autonomia G\u0103g\u0103uz\u0103 \u0219i pentru cet\u0103\u021benii Republicii Moldova. Jurnali\u0219tii \u0219i reprezentan\u021bii executivului local au \u00eencercat s\u0103 participe la \u0219edin\u021ba Agen\u021biei pentru Dezvoltare Regional\u0103, care de obicei este public\u0103, dar au fost \u00eempiedica\u021bi de poli\u021bi\u0219tii de pe holul prim\u0103riei. Se raporteaz\u0103 c\u0103 doar mass-media favorabile guvern\u0103rii au avut acces la \u00eentrunire.<\/p>\n<p>\u2013 Bun\u0103 ziua.<\/p>\n<p>\u2013 Bun\u0103 ziua. Pot s\u0103 trec.<\/p>\n<p>\u2013 Nu.<\/p>\n<p>IVAN STAMOV, activist<\/p>\n<p>Am solicitat angaja\u021bilor poli\u021biei s\u0103 ne permit\u0103 s\u0103 particip\u0103m la aceast\u0103 \u0219edin\u021b\u0103, \u00eens\u0103 ace\u0219tia ne-au spus c\u0103 nu avem voie s\u0103 intr\u0103m. Chiar \u00een fa\u021ba noastr\u0103, reprezentan\u021bi ai altor televiziuni \u0219i portaluri online pro-guvernamentale au fost l\u0103sa\u021bi s\u0103 treac\u0103, iar poli\u021bi\u0219tii ne-au spus c\u0103 viceprimarul este cel responsabil \u0219i l-au invitat pe acesta.<\/p>\n<p>Viceprimarul ne-a spus personal c\u0103 \u0219edin\u021ba este una \u00eenchis\u0103 \u0219i c\u0103 reprezentan\u021bii presei nu sunt invita\u021bi. Este o minciun\u0103 flagrant\u0103! \u00cen\u021belege\u021bi? Acum vor filma ce le convine \u0219i vor difuza materialele dup\u0103 bunul lor plac, exact a\u0219a cum ne-au min\u021bit \u00een ultimii 10 ani.<\/p>\n<p>Prin urmare, manifestan\u021bii i-au cerut ministrului Infrastructurii, Vladimir Bolea, s\u0103 p\u0103r\u0103seasc\u0103 \u0219edin\u021ba ilegal\u0103 a Agen\u021biei pentru Dezvoltare Regional\u0103 \u0219i s\u0103 plece din G\u0103g\u0103uzia.<\/p>\n<p>Domnule Bolea, aunte\u021bi obligat s\u0103 p\u0103r\u0103si\u021bi prim\u0103ria Comrat.<\/p>\n<p>IVAN PANEA, activist<\/p>\n<p>A\u021bi decis din nou s\u0103 v\u0103 organiza\u021bi \u201e\u0219edin\u021bele voastre\u201d \u00een spatele u\u0219ilor \u00eenchise, s\u0103 t\u0103ia\u021bi banii din buget, taxele noastre, s\u0103 le distribui\u021bi NU a\u0219a cum prevede legea. Desigur, pentru Bolea \u0219i Anastasov este normal, \u00een ultima vreme primarul nostru intr\u0103 foarte des \u00een scandaluri \u0219i conflicte unde vrea s\u0103 \u201eeconomiseasc\u0103\u201d banii no\u0219tri, unde vrea s\u0103 fac\u0103 \u201ebine\u201d pentru noi.<\/p>\n<p>Jos PAS! Jos PAS! IVAN STAMOV, activist<\/p>\n<p>Le-au permis s\u0103 fure din buzunarul vostru. Ace\u0219ti ho\u021bi stau \u00een prim\u0103rii, \u00een consilii, \u00een alte servicii descompuse, nu li se deschid dosare penale, la ei nu vine anticorup\u021bia.<\/p>\n<p>Ei au transformat obraznic bugetul pe care voi, dragi prieteni, \u00eel forma\u021bi, prin munca voastr\u0103, \u00eentr-o surs\u0103 de hran\u0103 de unde se tot hr\u0103nesc.<\/p>\n<p>La \u00eent\u00e2lnire au participat \u0219efii administra\u021biilor raionale, vice- ba\u0219canul Victor Petrov \u0219i \u0219eful departamentului de afaceri al ba\u0219canului, Ivan Kolioglo. Men\u021bion\u0103m c\u0103 nu este pentru prima dat\u0103 c\u00e2nd puterea PAS ignor\u0103 autorit\u0103\u021bile din G\u0103g\u0103uzia, \u00een special pe ba\u0219canul Evghenia Gu\u021bul, aleas\u0103 democratic de locuitori.<\/p>\n<p>Anterior, au avut loc \u0219i alte \u0219edin\u021be la Comrat la care guvernatorul nu a fost invitat\u0103. De asemenea, pre\u0219edintele Maia Sandu refuz\u0103 s\u0103 semneze decretul de numire a acesteia \u00een cabinetul de mini\u0219tri ca membru din oficiu, de\u0219i legea prevede reprezentarea Autonomiei G\u0103g\u0103uze \u00een guvern.<\/p>\n<\/div>\n","protected":false},"excerpt":{"rendered":"<div><img loading=\"lazy\" decoding=\"async\" width=\"696\" height=\"328\" src=\"https:\/\/canal5.md\/wp-content\/uploads\/2025\/02\/blob-16-1-optimized.jpg\" class=\"attachment-large size-large wp-post-image\" alt=\"\" srcset=\"https:\/\/canal5.md\/wp-content\/uploads\/2025\/02\/blob-16-1-optimized.jpg 988w, https:\/\/canal5.md\/wp-content\/uploads\/2025\/02\/blob-16-1-300x141-optimized.jpg 300w, https:\/\/canal5.md\/wp-content\/uploads\/2025\/02\/blob-16-1-768x362-optimized.jpg 768w, https:\/\/canal5.md\/wp-content\/uploads\/2025\/02\/blob-16-1-696x328-optimized.jpg 696w\">Protest la Comrat din cauza ignor\u0103rii crase a conducerii autonomiei g\u0103g\u0103uze \u0219i, de\u0219i, a legii. Mai mul\u021bi locuitori s-au adunat \u00een fa\u021ba prim\u0103riei, unde se desf\u0103\u0219oar\u0103 o \u0219edin\u021b\u0103 a Agen\u021biei pentru Dezvoltare Regional\u0103, la care particip\u0103 \u0219i ministrul Infrastructurii, Vladimir Bolea. Conform legii, pre\u0219edintele acestei \u0219edin\u021be ar trebui s\u0103 fie ba\u0219canul G\u0103g\u0103uziei, Evghenia Gu\u021bul, \u00eens\u0103 [\u2026]<\/div>\n","protected":false},"author":1,"featured_media":68000,"comment_status":"closed","ping_status":"closed","sticky":false,"template":"","format":"standard","meta":{"jnews-multi-image_gallery":[],"jnews_single_post":[],"jnews_primary_category":[],"jnews_social_meta":[],"jnews_override_counter":[],"footnotes":""},"categories":[23],"tags":[],"class_list":["post-67999","post","type-post","status-publish","format-standard","has-post-thumbnail","hentry","category-politica_ro"],"_links":{"self":[{"href":"https:\/\/orheifm.live\/index.php\/wp-json\/wp\/v2\/posts\/67999","targetHints":{"allow":["GET"]}}],"collection":[{"href":"https:\/\/orheifm.live\/index.php\/wp-json\/wp\/v2\/posts"}],"about":[{"href":"https:\/\/orheifm.live\/index.php\/wp-json\/wp\/v2\/types\/post"}],"author":[{"embeddable":true,"href":"https:\/\/orheifm.live\/index.php\/wp-json\/wp\/v2\/users\/1"}],"replies":[{"embeddable":true,"href":"https:\/\/orheifm.live\/index.php\/wp-json\/wp\/v2\/comments?post=67999"}],"version-history":[{"count":0,"href":"https:\/\/orheifm.live\/index.php\/wp-json\/wp\/v2\/posts\/67999\/revisions"}],"wp:featuredmedia":[{"embeddable":true,"href":"https:\/\/orheifm.live\/index.php\/wp-json\/wp\/v2\/media\/68000"}],"wp:attachment":[{"href":"https:\/\/orheifm.live\/index.php\/wp-json\/wp\/v2\/media?parent=67999"}],"wp:term":[{"taxonomy":"category","embeddable":true,"href":"https:\/\/orheifm.live\/index.php\/wp-json\/wp\/v2\/categories?post=67999"},{"taxonomy":"post_tag","embeddable":true,"href":"https:\/\/orheifm.live\/index.php\/wp-json\/wp\/v2\/tags?post=67999"}],"curies":[{"name":"wp","href":"https:\/\/api.w.org\/{rel}","templated":true}]}}