{"id":67995,"date":"2025-02-27T13:40:01","date_gmt":"2025-02-27T11:40:01","guid":{"rendered":"https:\/\/orheifm.live\/index.php\/2025\/02\/27\/romania-retrogradata-de-la-democratie-viciata-la-regim-hibrid-dupa-decizia-subreda-de-anulare-a-alegerilor-in-indexul-democratiilor-the-economis\/"},"modified":"2025-02-27T13:40:01","modified_gmt":"2025-02-27T11:40:01","slug":"romania-retrogradata-de-la-democratie-viciata-la-regim-hibrid-dupa-decizia-subreda-de-anulare-a-alegerilor-in-indexul-democratiilor-the-economis","status":"publish","type":"post","link":"https:\/\/orheifm.live\/index.php\/2025\/02\/27\/romania-retrogradata-de-la-democratie-viciata-la-regim-hibrid-dupa-decizia-subreda-de-anulare-a-alegerilor-in-indexul-democratiilor-the-economis\/","title":{"rendered":"Rom\u00e2nia, retrogradat\u0103 de la \u201edemocra\u021bie viciat\u0103\u201d la \u201eregim hibrid\u201d dup\u0103 decizia \u201e\u0219ubred\u0103\u201d de anulare a alegerilor, \u00een Indexul democra\u021biilor The Economist"},"content":{"rendered":"<div>\n<p><strong>Scorul Rom\u00e2niei a fost retrogradat dup\u0103 o \u201edecizie \u0219ubred\u0103\u201d a Cur\u021bii Constitu\u021bionale de anulare a alegerilor, \u00een urma acuza\u021biilor privind interferen\u021b\u0103 rus\u0103, tacticile ilegale pe re\u021belele sociale \u0219i \u00eenc\u0103lc\u0103rile legii finan\u021b\u0103rii campaniei, spune studiul realizat de exper\u021bii\u00a0<a href=\"https:\/\/archive.ph\/3qRzp#selection-9001.455-9005.1\" target=\"_blank\" rel=\"noopener\">Economist Intelligence Unit<\/a>\u00a0(EIU).<\/strong>\u00a0<strong>\u00cen acest clasament, 36 de \u021b\u0103ri sunt clasificate drept \u201eregimuri hibride\u201d, care combin\u0103 elemente de democra\u021bie electoral\u0103 cu comportamente autoritare.<\/strong><\/p>\n<p>Rom\u00e2nia a fost retrogradat\u0103 de la rangul de \u201edemocra\u021bie viciat\u0103\u201d la \u201eregim hibrid\u201d \u00een Indexul democra\u021biilor \u00eentocmit de grupul The Economist, un clasament anual realizat de dou\u0103 decenii, care analizeaz\u0103 cinci criterii: procesele electorale \u015fi pluralism, func\u0163ionarea guvernului, participarea politic\u0103, cultura politic\u0103 \u015fi libert\u0103\u0163ile civile.<img loading=\"lazy\" decoding=\"async\" class=\"alignnone size-full wp-image-77538\" src=\"https:\/\/orheifm.live\/wp-content\/uploads\/2025\/02\/harta-economist-optimized.webp\" alt=\"\" width=\"880\" height=\"580\" srcset=\"https:\/\/orheifm.live\/wp-content\/uploads\/2025\/02\/harta-economist-optimized.webp 880w, https:\/\/canal5.md\/wp-content\/uploads\/2025\/02\/harta-economist-300x198-optimized.webp 300w, https:\/\/canal5.md\/wp-content\/uploads\/2025\/02\/harta-economist-768x506-optimized.webp 768w, https:\/\/canal5.md\/wp-content\/uploads\/2025\/02\/harta-economist-696x459-optimized.webp 696w\" sizes=\"auto, (max-width: 880px) 100vw, 880px\"><\/p>\n<p>Scorul Rom\u00e2niei a fost retrogradat dup\u0103 ce acuza\u021biile privind interferen\u021b\u0103 rus\u0103, tacticile ilegale pe re\u021belele sociale \u0219i \u00eenc\u0103lc\u0103rile legii finan\u021b\u0103rii campaniei au determinat Curtea Constitu\u021bional\u0103 s\u0103 anuleze alegerile preziden\u021biale \u0219i s\u0103 solicite un nou vot, scrie The Economist.<\/p>\n<p>\u00cen clasamentul care analizeaz\u0103 situa\u021bia din 167 de \u0163\u0103ri, 36 sunt clasificate drept \u201eregimuri hibride\u201d, care combin\u0103 elemente de democra\u021bie electoral\u0103 cu comportamente autoritare.<\/p>\n<p>De asemenea, 71 de \u021b\u0103ri sunt clasificate drept democra\u021bii \u2013 25 de \u201edemocra\u021bii depline\u201d \u0219i 46 de \u201edemocra\u021bii viciate\u201d. Restul \u021b\u0103rilor \u2013 60 la num\u0103r \u2013 tr\u0103iesc \u00eentr-un \u201eregim autoritar\u201d.<\/p>\n<p>Scorul Rom\u00e2niei a sc\u0103zut cu 0,46 puncte, la 5,99, iar \u021bara noastr\u0103 a cobor\u00e2t 12 locuri \u00een clasament pentru a se al\u0103tura celorlalte patru \u201eregimuri hibride\u201d din regiune \u2013 Armenia, Bosnia \u0219i Her\u021begovina, Georgia \u0219i Ucraina.<\/p>\n<p>Rom\u00e2nia este singurul \u201eregim hibrid\u201d din UE, unde<\/p>\n<h2 class=\"wp-block-heading\">O decizie \u201e\u0219ubred\u0103\u201d de anulare a alegerilor<\/h2>\n<p>Cet\u0103\u021benii rom\u00e2ni au r\u0103spuns cu un amestec de furie \u0219i u\u0219urare la decizia Cur\u021bii Constitu\u021bionale de a anula rezultatele primului tur al alegerilor preziden\u021biale din 24 noiembrie \u0219i doilea tur de scrutin din 8 decembrie. \u00centr-o \u201ehot\u0103r\u00e2re \u0219ubred\u0103\u201d, f\u0103r\u0103 a prezenta dovezi concrete pentru a-\u0219i sus\u021bine decizia, instan\u021ba a sus\u021binut c\u0103 o opera\u021biune de influen\u021b\u0103 str\u0103in\u0103 \u00een social media a influen\u021bat rezultatul alegerilor, precizeaz\u0103 studiul realizat de EIU.<\/p>\n<p>Primul tur a fost c\u00e2\u0219tigat de doi candida\u021bi anti-mainstream, care au devansat candida\u021bii partidelor de guvern\u0103m\u00e2nt, devenite extrem de nepopulare.<\/p>\n<p>Decizia instan\u021bei de anulare a alegerilor, bazat\u0103 pe rapoarte obscure privind interferen\u021ba rus\u0103 \u00een alegeri, este o m\u0103sur\u0103 extraordinar\u0103, deoarece dovezile au fost, \u00een cel mai bun caz, discutabile, spun autorii studiului.<\/p>\n<p>Afirma\u021bia c\u0103 votan\u021bii outsiderului de dreapta C\u0103lin Georgescu au fost influen\u021ba\u021bi pe scar\u0103 larg\u0103 de o campanie TikTok este lipsit\u0103 de credibilitate, mai ales av\u00e2nd \u00een vedere compozi\u021bia social\u0103 a sus\u021bin\u0103torilor lui Georgescu \u2013 mul\u021bi dintre ace\u0219tia sunt aleg\u0103tori rurali mai \u00een v\u00e2rst\u0103 care \u00ee\u0219i iau \u0219tirile de la televizor (televiziunea fiind dominat\u0103 de partidele de guvernare), sus\u021bine studiul.<\/p>\n<p>Ulterior, au ap\u0103rut dovezi c\u0103 unul dintre partidele de guvern\u0103m\u00e2nt, Partidul Na\u021bional Liberal (PNL), a furnizat finan\u021bare pentru campania din social media \u00een sprijinul lui Georgescu, \u00eentr-o mi\u0219care tactic\u0103 care s-a \u00eentors \u00eempotriva sa, adaug\u0103 autorii studiului.<\/p>\n<p>Acest e\u0219ec va submina \u0219i mai mult nivelul extrem de sc\u0103zut de \u00eencredere al cet\u0103\u021benilor \u00een guvern \u0219i \u00een partidele politice, spune studiul.<\/p>\n<h2 class=\"wp-block-heading\">Exist\u0103 riscul ca scorul Rom\u00e2niei s\u0103 scad\u0103 \u0219i mai mult \u00een 2025<\/h2>\n<p>Rom\u00e2nia era clasificat\u0103 drept \u201edemocra\u021bie viciat\u0103\u201d \u0219i, prin urmare, sc\u0103derea scorului s\u0103u general de la 6,45 la 5,99 \u00een 2024 a fost suficient pentru a duce la retrogradarea sa la rangul de \u201eregim hibrid\u201d.<\/p>\n<p>Anularea alegerilor a afectat \u00een mod negativ scorul \u021b\u0103rii la capitolul \u201eprocesul electoral \u0219i pluralismul\u201d, dar retrogradarea altor scoruri ar fi avut loc chiar \u0219i f\u0103r\u0103 evenimentul de la finalul anului, spune studiul EIU.<\/p>\n<p>Datele sondajelor au confirmat c\u0103 \u00eencrederea public\u0103 \u00een partidele politice \u0219i \u00een guvern a sc\u0103zut \u0219i mai mult \u00een ultimul an, ceea ce a dus la sc\u0103derea mai multor indicatori. \u00cen conformitate cu un exerci\u021biu global de evaluare comparativ\u0103, scorul Rom\u00e2niei pentru prevalen\u021ba corup\u021biei a fost, de asemenea, retrogradat.<\/p>\n<p>Exist\u0103 riscul ca scorul Rom\u00e2niei s\u0103 scad\u0103 \u0219i mai mult \u00een 2025, \u00een func\u021bie de modul \u00een care va gestiona repetarea alegerilor preziden\u021biale \u0219i \u00een func\u021bie de ce o s\u0103 mai apar\u0103 legat de motivele originale pentru anularea alegerilor, spun autorii studiului.<\/p>\n<p>M\u0103surile luate de guvern pentru a modifica normele electorale care reglementeaz\u0103 comportamentul social media \u00een alegeri \u0219i de c\u0103tre partidele aflate la putere pentru a bloca \u0219ansele de victorie ale unui candidat anti-establishment nu sunt de bun augur pentru s\u0103n\u0103tatea democra\u021biei \u00een Rom\u00e2nia, adaug\u0103 studiul.<\/p>\n<h2 class=\"wp-block-heading\">Cea mai democratic\u0103 \u021bar\u0103, cea mai nedemocratic\u0103<\/h2>\n<p>Studiul a ar\u0103tat c\u0103 democra\u021bia global\u0103 se afl\u0103 \u00eentr-o situa\u021bie mai proast\u0103 dec\u00e2t oric\u00e2nd \u00een istoria de aproape dou\u0103 decenii a indexului, scrie The Economist.<\/p>\n<div id=\"div-billboard7\" class=\"inserted-position billboard-7 mobile\" data-ad-requested=\"true\" data-google-query-id=\"CMv4qtfV44sDFXXzEQgdxQMFqA\">\n<div id=\"google_ads_iframe_\/22264327084\/hotnews_art\/billboard7_0__container__\"><\/div>\n<\/div>\n<p>Pentru al 16-lea an consecutiv, Norvegia a fost desemnat\u0103 cea mai democratic\u0103 \u021bar\u0103 din lume, cu un scor de 9,81. Au urmat Noua Zeeland\u0103 \u0219i Suedia.<\/p>\n<p>Afganistanul r\u0103m\u00e2ne, din 2021, \u021bara clasat\u0103 pe ultimul loc \u00een acest index al democra\u021biilor, ob\u021bin\u00e2nd doar 0,25 puncte.<\/p>\n<p>Media global\u0103 a sc\u0103zut la un nou minim record de 5,17, \u00een sc\u0103dere de la un maxim de 5,55 \u00een 2015. Doar 6,6% din popula\u021bia lumii tr\u0103ie\u0219te \u00een prezent \u00eentr-o democra\u021bie deplin\u0103, \u00een sc\u0103dere de la 12,5% \u00een urm\u0103 cu zece ani.<\/p>\n<p>De asemenea, o mare parte din popula\u021bia lumii \u2013 \u00een prezent, doi din cinci oameni \u2013 tr\u0103ie\u0219te sub un regim autoritar.<\/p>\n<p>Unele alegeri au reprezentat doar o fars\u0103, scrie The Economist.<\/p>\n<p>Ziua scrutinului din Pakistan, de exemplu, a fost marcat\u0103 de violen\u021be. Cel mai popular politician, Imran Khan, ale c\u0103rui acredit\u0103ri democratice sunt discutabile, a fost \u00eencarcerat cu pu\u021bin timp \u00eenainte de desf\u0103\u0219urarea alegerilor. Scorul \u021b\u0103rii a sc\u0103zut de la 3,25 \u00een 2023 la 2,84.<\/p>\n<p>\u00cen Rusia, un alt simulacru de alegeri i-a oferit lui Vladimir Putin al cincilea mandat de pre\u0219edinte \u2013 Rusia a ob\u021binut doar dou\u0103 puncte \u00een clasament. \u00cen alte \u021b\u0103ri \u2013 inclusiv Burkina Faso, Mali \u0219i Qatar \u2013 alegerile au fost anulate complet.<\/p>\n<h2 class=\"wp-block-heading\">Fran\u021ba, retrogradat\u0103 de la democra\u021bie deplin\u0103 la democra\u021bie viciat\u0103. Semne de \u00eentrebare pentru SUA<\/h2>\n<p>Chiar \u0219i Europa \u2013 unde se afl\u0103 nou\u0103 dintre primele zece \u021b\u0103ri din clasament \u2013 a \u00eenregistrat unele sc\u0103deri notabile, observ\u0103 The Economist.<\/p>\n<p>Nu e vorba doar despre Rom\u00e2nia.<\/p>\n<p>Fran\u021ba a fost retrogradat\u0103 de la o democra\u021bie deplin\u0103 la una viciat\u0103. Acest lucru reflect\u0103 \u00een principal o deteriorare a scorului s\u0103u de \u00eencredere \u00een guvernare dup\u0103 ce alegerile anticipate din iunie nu au reu\u0219it s\u0103 asigure o majoritate legislativ\u0103 pentru niciun partid sau bloc.<\/p>\n<p>De asemenea, patru prim-mini\u0219tri diferi\u021bi \u00een cursul anului nu au contribuit prea mult la insuflarea \u00eencrederii).<\/p>\n<p>\u00cen Asia, Coreea de Sud a ie\u0219it din categoria democra\u021biilor depline dup\u0103 ce pre\u0219edintele Yoon Suk Yeol a declarat \u2013 apoi a revocat \u00een grab\u0103 \u2013 legea mar\u021bial\u0103, arunc\u00e2nd \u021bara \u00een criz\u0103.<\/p>\n<p>America a r\u0103mas o democra\u021bie viciat\u0103, cu o schimbare u\u0219oar\u0103 fa\u021b\u0103 de pozi\u021bia sa din 2023. Dar s-ar putea confrunta cu probleme mai mari \u00een acest an: prima lun\u0103 a celui de-al doilea mandat al pre\u0219edintelui Donald Trump a pus deja la \u00eendoial\u0103 independen\u021ba politic\u0103 a administra\u021biei publice \u0219i a fost martor\u0103 la o avalan\u0219\u0103 de ordine executive cu autoritate juridic\u0103 \u00eendoielnic\u0103.<\/p>\n<p>Victoria lui Trump \u00een 2024 a fost parte a unei reac\u021bii globale mai ample \u00eempotriva pre\u0219edin\u021bilor \u00een func\u021bie. Urm\u0103torul test pentru democra\u021bia global\u0103 \u00een 2025 va fi modul \u00een care ace\u0219ti lideri nou ale\u0219i vor alege s\u0103 guverneze.<\/p>\n<\/div>\n","protected":false},"excerpt":{"rendered":"<div><img loading=\"lazy\" decoding=\"async\" width=\"696\" height=\"464\" src=\"https:\/\/canal5.md\/wp-content\/uploads\/2025\/02\/profimedia-0938188222-optimized.webp\" class=\"attachment-large size-large wp-post-image\" alt=\"\" srcset=\"https:\/\/canal5.md\/wp-content\/uploads\/2025\/02\/profimedia-0938188222-optimized.webp 800w, https:\/\/canal5.md\/wp-content\/uploads\/2025\/02\/profimedia-0938188222-300x200-optimized.webp 300w, https:\/\/canal5.md\/wp-content\/uploads\/2025\/02\/profimedia-0938188222-768x512-optimized.webp 768w, https:\/\/canal5.md\/wp-content\/uploads\/2025\/02\/profimedia-0938188222-696x464-optimized.webp 696w\">Scorul Rom\u00e2niei a fost retrogradat dup\u0103 o \u201edecizie \u0219ubred\u0103\u201d a Cur\u021bii Constitu\u021bionale de anulare a alegerilor, \u00een urma acuza\u021biilor privind interferen\u021b\u0103 rus\u0103, tacticile ilegale pe re\u021belele sociale \u0219i \u00eenc\u0103lc\u0103rile legii finan\u021b\u0103rii campaniei, spune studiul realizat de exper\u021bii\u00a0Economist Intelligence Unit\u00a0(EIU).\u00a0\u00cen acest clasament, 36 de \u021b\u0103ri sunt clasificate drept \u201eregimuri hibride\u201d, care combin\u0103 elemente de democra\u021bie electoral\u0103 [\u2026]<\/div>\n","protected":false},"author":1,"featured_media":67996,"comment_status":"closed","ping_status":"closed","sticky":false,"template":"","format":"standard","meta":{"jnews-multi-image_gallery":[],"jnews_single_post":[],"jnews_primary_category":[],"jnews_social_meta":[],"jnews_override_counter":[],"footnotes":""},"categories":[29],"tags":[],"class_list":["post-67995","post","type-post","status-publish","format-standard","has-post-thumbnail","hentry","category-externe_ro"],"_links":{"self":[{"href":"https:\/\/orheifm.live\/index.php\/wp-json\/wp\/v2\/posts\/67995","targetHints":{"allow":["GET"]}}],"collection":[{"href":"https:\/\/orheifm.live\/index.php\/wp-json\/wp\/v2\/posts"}],"about":[{"href":"https:\/\/orheifm.live\/index.php\/wp-json\/wp\/v2\/types\/post"}],"author":[{"embeddable":true,"href":"https:\/\/orheifm.live\/index.php\/wp-json\/wp\/v2\/users\/1"}],"replies":[{"embeddable":true,"href":"https:\/\/orheifm.live\/index.php\/wp-json\/wp\/v2\/comments?post=67995"}],"version-history":[{"count":0,"href":"https:\/\/orheifm.live\/index.php\/wp-json\/wp\/v2\/posts\/67995\/revisions"}],"wp:featuredmedia":[{"embeddable":true,"href":"https:\/\/orheifm.live\/index.php\/wp-json\/wp\/v2\/media\/67996"}],"wp:attachment":[{"href":"https:\/\/orheifm.live\/index.php\/wp-json\/wp\/v2\/media?parent=67995"}],"wp:term":[{"taxonomy":"category","embeddable":true,"href":"https:\/\/orheifm.live\/index.php\/wp-json\/wp\/v2\/categories?post=67995"},{"taxonomy":"post_tag","embeddable":true,"href":"https:\/\/orheifm.live\/index.php\/wp-json\/wp\/v2\/tags?post=67995"}],"curies":[{"name":"wp","href":"https:\/\/api.w.org\/{rel}","templated":true}]}}