{"id":67988,"date":"2025-02-27T13:00:21","date_gmt":"2025-02-27T11:00:21","guid":{"rendered":"https:\/\/orheifm.live\/index.php\/2025\/02\/27\/avarie-la-reteaua-de-termoficare-din-balti-sase-blocuri-fara-caldura\/"},"modified":"2025-02-27T13:00:21","modified_gmt":"2025-02-27T11:00:21","slug":"avarie-la-reteaua-de-termoficare-din-balti-sase-blocuri-fara-caldura","status":"publish","type":"post","link":"https:\/\/orheifm.live\/index.php\/2025\/02\/27\/avarie-la-reteaua-de-termoficare-din-balti-sase-blocuri-fara-caldura\/","title":{"rendered":"Avarie la re\u021beaua de termoficare din B\u0103l\u021bi: \u0218ase blocuri f\u0103r\u0103 c\u0103ldur\u0103"},"content":{"rendered":"<div>\n<p><strong>\u0218ase blocuri din ora\u0219ul B\u0103l\u021bi r\u0103m\u00e2n f\u0103r\u0103 c\u0103ldur\u0103 dup\u0103 o avarie la re\u021beaua de termoficare, produs\u0103 pe 26 februarie. Potrivit reprezentan\u021bilor CET-Nord, p\u00e2n\u0103 acum patru blocuri au fost reconectate la sistemul de termoficare, dintre care trei asear\u0103, \u00een jurul orei 20:00.<\/strong><\/p>\n<p>Incidentul a fost cauzat de o interven\u021bie neautorizaAvarie la re\u021beaua de termoficare din B\u0103l\u021bi: \u0218ase blocuri f\u0103r\u0103 c\u0103ldur\u0103t\u0103 asupra unei vane de sec\u021bionare, care a generat un incident hidraulic, cresc\u00e2nd presiunea \u0219i provoc\u00e2nd fisuri \u00een instala\u021biile de \u00eenc\u0103lzire. Aceste fisuri au dus la deconectarea a 10 blocuri locative.<\/p>\n<p>Echipele de interven\u021bie ale CET-Nord \u0219i GLC B\u0103l\u021bi continu\u0103 lucr\u0103rile de repara\u021bie, iar \u00een cursul zilei, c\u0103ldura va fi restabilit\u0103 la cele \u0219ase blocuri afectate. Defec\u021biuni suplimentare \u00een re\u021belele de termoficare nu au fost raportate.<\/p>\n<p>Blocurile care \u00eenc\u0103 nu au fost conectate sunt: strada Bulgar\u0103 19\/1, 50A, 102, 108, 132 \u0219i 152.<\/p>\n<\/div>\n","protected":false},"excerpt":{"rendered":"<div><img loading=\"lazy\" decoding=\"async\" width=\"696\" height=\"391\" src=\"https:\/\/canal5.md\/wp-content\/uploads\/2025\/02\/18_social_ajutoare_caldura_w1920_h1079_q100-900x505-1-optimized.jpg\" class=\"attachment-large size-large wp-post-image\" alt=\"\" srcset=\"https:\/\/canal5.md\/wp-content\/uploads\/2025\/02\/18_social_ajutoare_caldura_w1920_h1079_q100-900x505-1-optimized.jpg 900w, https:\/\/canal5.md\/wp-content\/uploads\/2025\/02\/18_social_ajutoare_caldura_w1920_h1079_q100-900x505-1-300x168-optimized.jpg 300w, https:\/\/canal5.md\/wp-content\/uploads\/2025\/02\/18_social_ajutoare_caldura_w1920_h1079_q100-900x505-1-768x431-optimized.jpg 768w, https:\/\/canal5.md\/wp-content\/uploads\/2025\/02\/18_social_ajutoare_caldura_w1920_h1079_q100-900x505-1-696x391-optimized.jpg 696w\">\u0218ase blocuri din ora\u0219ul B\u0103l\u021bi r\u0103m\u00e2n f\u0103r\u0103 c\u0103ldur\u0103 dup\u0103 o avarie la re\u021beaua de termoficare, produs\u0103 pe 26 februarie. Potrivit reprezentan\u021bilor CET-Nord, p\u00e2n\u0103 acum patru blocuri au fost reconectate la sistemul de termoficare, dintre care trei asear\u0103, \u00een jurul orei 20:00. Incidentul a fost cauzat de o interven\u021bie neautorizaAvarie la re\u021beaua de termoficare din B\u0103l\u021bi: [\u2026]<\/div>\n","protected":false},"author":1,"featured_media":67989,"comment_status":"closed","ping_status":"closed","sticky":false,"template":"","format":"standard","meta":{"jnews-multi-image_gallery":[],"jnews_single_post":[],"jnews_primary_category":[],"jnews_social_meta":[],"jnews_override_counter":[],"footnotes":""},"categories":[30],"tags":[],"class_list":["post-67988","post","type-post","status-publish","format-standard","has-post-thumbnail","hentry","category-social_ro"],"_links":{"self":[{"href":"https:\/\/orheifm.live\/index.php\/wp-json\/wp\/v2\/posts\/67988","targetHints":{"allow":["GET"]}}],"collection":[{"href":"https:\/\/orheifm.live\/index.php\/wp-json\/wp\/v2\/posts"}],"about":[{"href":"https:\/\/orheifm.live\/index.php\/wp-json\/wp\/v2\/types\/post"}],"author":[{"embeddable":true,"href":"https:\/\/orheifm.live\/index.php\/wp-json\/wp\/v2\/users\/1"}],"replies":[{"embeddable":true,"href":"https:\/\/orheifm.live\/index.php\/wp-json\/wp\/v2\/comments?post=67988"}],"version-history":[{"count":0,"href":"https:\/\/orheifm.live\/index.php\/wp-json\/wp\/v2\/posts\/67988\/revisions"}],"wp:featuredmedia":[{"embeddable":true,"href":"https:\/\/orheifm.live\/index.php\/wp-json\/wp\/v2\/media\/67989"}],"wp:attachment":[{"href":"https:\/\/orheifm.live\/index.php\/wp-json\/wp\/v2\/media?parent=67988"}],"wp:term":[{"taxonomy":"category","embeddable":true,"href":"https:\/\/orheifm.live\/index.php\/wp-json\/wp\/v2\/categories?post=67988"},{"taxonomy":"post_tag","embeddable":true,"href":"https:\/\/orheifm.live\/index.php\/wp-json\/wp\/v2\/tags?post=67988"}],"curies":[{"name":"wp","href":"https:\/\/api.w.org\/{rel}","templated":true}]}}