{"id":67986,"date":"2025-02-27T12:40:38","date_gmt":"2025-02-27T10:40:38","guid":{"rendered":"https:\/\/orheifm.live\/index.php\/2025\/02\/27\/accident-rutier-in-causeni-o-fetita-a-fost-lovita-pe-zebra\/"},"modified":"2025-02-27T12:40:38","modified_gmt":"2025-02-27T10:40:38","slug":"accident-rutier-in-causeni-o-fetita-a-fost-lovita-pe-zebra","status":"publish","type":"post","link":"https:\/\/orheifm.live\/index.php\/2025\/02\/27\/accident-rutier-in-causeni-o-fetita-a-fost-lovita-pe-zebra\/","title":{"rendered":"Accident rutier \u00een C\u0103u\u0219eni: O feti\u021b\u0103 a fost lovit\u0103 pe zebr\u0103"},"content":{"rendered":"<div>\n<p><strong>Un accident rutier a avut loc ieri, 26 februarie, pe o strad\u0103 din ora\u0219ul C\u0103u\u0219eni. O fat\u0103 de 11 ani a fost lovit\u0103 de un automobil \u00een timp ce traversa pe o trecere de pietoni.<\/strong><\/p>\n<p>Potrivit ofi\u021berului de pres\u0103 al IP C\u0103u\u0219eni, Mariana Didenco, incidentul a fost raportat autorit\u0103\u021bilor \u00een jurul orei 13:00 pe strada Iurii Gagarin din C\u0103u\u0219eni, transmite \u0218tiri.md.<\/p>\n<p>La fa\u021ba locului, poli\u021bi\u0219tii au stabilit c\u0103 un automobil Ford, condus de un b\u0103rbat de 43 de ani, a lovit minorul care traversa strada pe trecerea de pietoni.<\/p>\n<p>Din fericire, \u00een urma impactului, feti\u021ba nu a suferit r\u0103ni grave \u0219i nu este \u00een pericol.<\/p>\n<p>Testul de alcoolemie a indicat rezultat negativ. Cazul a fost \u00eenregistrat \u0219i este \u00een curs de investigare pentru a stabili toate circumstan\u021bele.<\/p>\n<\/div>\n","protected":false},"excerpt":{"rendered":"<div><img loading=\"lazy\" decoding=\"async\" width=\"696\" height=\"392\" src=\"https:\/\/canal5.md\/wp-content\/uploads\/2025\/02\/0ab296609683dce831a8e55344819a8c-optimized.jpg\" class=\"attachment-large size-large wp-post-image\" alt=\"\" srcset=\"https:\/\/canal5.md\/wp-content\/uploads\/2025\/02\/0ab296609683dce831a8e55344819a8c-optimized.jpg 809w, https:\/\/canal5.md\/wp-content\/uploads\/2025\/02\/0ab296609683dce831a8e55344819a8c-300x169-optimized.jpg 300w, https:\/\/canal5.md\/wp-content\/uploads\/2025\/02\/0ab296609683dce831a8e55344819a8c-768x433-optimized.jpg 768w, https:\/\/canal5.md\/wp-content\/uploads\/2025\/02\/0ab296609683dce831a8e55344819a8c-696x392-optimized.jpg 696w\">Un accident rutier a avut loc ieri, 26 februarie, pe o strad\u0103 din ora\u0219ul C\u0103u\u0219eni. O fat\u0103 de 11 ani a fost lovit\u0103 de un automobil \u00een timp ce traversa pe o trecere de pietoni. Potrivit ofi\u021berului de pres\u0103 al IP C\u0103u\u0219eni, Mariana Didenco, incidentul a fost raportat autorit\u0103\u021bilor \u00een jurul orei 13:00 pe strada [\u2026]<\/div>\n","protected":false},"author":1,"featured_media":67987,"comment_status":"closed","ping_status":"closed","sticky":false,"template":"","format":"standard","meta":{"jnews-multi-image_gallery":[],"jnews_single_post":[],"jnews_primary_category":[],"jnews_social_meta":[],"jnews_override_counter":[],"footnotes":""},"categories":[30],"tags":[],"class_list":["post-67986","post","type-post","status-publish","format-standard","has-post-thumbnail","hentry","category-social_ro"],"_links":{"self":[{"href":"https:\/\/orheifm.live\/index.php\/wp-json\/wp\/v2\/posts\/67986","targetHints":{"allow":["GET"]}}],"collection":[{"href":"https:\/\/orheifm.live\/index.php\/wp-json\/wp\/v2\/posts"}],"about":[{"href":"https:\/\/orheifm.live\/index.php\/wp-json\/wp\/v2\/types\/post"}],"author":[{"embeddable":true,"href":"https:\/\/orheifm.live\/index.php\/wp-json\/wp\/v2\/users\/1"}],"replies":[{"embeddable":true,"href":"https:\/\/orheifm.live\/index.php\/wp-json\/wp\/v2\/comments?post=67986"}],"version-history":[{"count":0,"href":"https:\/\/orheifm.live\/index.php\/wp-json\/wp\/v2\/posts\/67986\/revisions"}],"wp:featuredmedia":[{"embeddable":true,"href":"https:\/\/orheifm.live\/index.php\/wp-json\/wp\/v2\/media\/67987"}],"wp:attachment":[{"href":"https:\/\/orheifm.live\/index.php\/wp-json\/wp\/v2\/media?parent=67986"}],"wp:term":[{"taxonomy":"category","embeddable":true,"href":"https:\/\/orheifm.live\/index.php\/wp-json\/wp\/v2\/categories?post=67986"},{"taxonomy":"post_tag","embeddable":true,"href":"https:\/\/orheifm.live\/index.php\/wp-json\/wp\/v2\/tags?post=67986"}],"curies":[{"name":"wp","href":"https:\/\/api.w.org\/{rel}","templated":true}]}}