{"id":67982,"date":"2025-02-27T12:00:42","date_gmt":"2025-02-27T10:00:42","guid":{"rendered":"https:\/\/orheifm.live\/index.php\/2025\/02\/27\/barbat-prins-in-flagrant-pentru-taierea-ilegala-a-arborilor-in-calarasi\/"},"modified":"2025-02-27T12:00:42","modified_gmt":"2025-02-27T10:00:42","slug":"barbat-prins-in-flagrant-pentru-taierea-ilegala-a-arborilor-in-calarasi","status":"publish","type":"post","link":"https:\/\/orheifm.live\/index.php\/2025\/02\/27\/barbat-prins-in-flagrant-pentru-taierea-ilegala-a-arborilor-in-calarasi\/","title":{"rendered":"B\u0103rbat prins \u00een flagrant pentru t\u0103ierea ilegal\u0103 a arborilor \u00een C\u0103l\u0103ra\u0219i"},"content":{"rendered":"<div>\n<p><strong>Inspectorii de mediu din C\u0103l\u0103ra\u0219i au descoperit un caz de t\u0103iere ilegal\u0103 de arbori \u00eentr-o razie desf\u0103\u0219urat\u0103 pe timp de noapte \u00een fondul forestier al \u00centreprinderii de Stat pentru Silvicultur\u0103 C\u0103l\u0103ra\u0219i. <\/strong><\/p>\n<p>Un b\u0103rbat din satul C\u0103b\u0103ie\u0219ti a fost prins \u00een flagrant \u00een timp ce transporta lemn ob\u021binut ilegal. Verific\u0103rile au confirmat c\u0103 acesta t\u0103iase cinci arbori de stejar \u0219i carpen, cu un volum total de 2,02 metri cubi.<\/p>\n<p>Ca urmare a \u00eenc\u0103lc\u0103rii legisla\u021biei de protec\u021bie a mediului, b\u0103rbatul a fost sanc\u021bionat conform Codului Contraven\u021bional al Republicii Moldova \u0219i a fost obligat s\u0103 pl\u0103teasc\u0103 o amend\u0103. Inspectoratul pentru Protec\u021bia Mediului va continua s\u0103 monitorizeze \u0219i s\u0103 controleze activit\u0103\u021bile pentru a combate t\u0103ierea ilegal\u0103 a arborilor \u0219i \u00eendeamn\u0103 cet\u0103\u021benii s\u0103 semnaleze orice activitate suspect\u0103 ce ar putea afecta fondul forestier.<\/p>\n<\/div>\n","protected":false},"excerpt":{"rendered":"<div><img loading=\"lazy\" decoding=\"async\" width=\"696\" height=\"458\" src=\"https:\/\/canal5.md\/wp-content\/uploads\/2025\/02\/800199-optimized.webp\" class=\"attachment-large size-large wp-post-image\" alt=\"\" srcset=\"https:\/\/canal5.md\/wp-content\/uploads\/2025\/02\/800199-optimized.webp 760w, https:\/\/canal5.md\/wp-content\/uploads\/2025\/02\/800199-300x197-optimized.webp 300w, https:\/\/canal5.md\/wp-content\/uploads\/2025\/02\/800199-696x458-optimized.webp 696w\">Inspectorii de mediu din C\u0103l\u0103ra\u0219i au descoperit un caz de t\u0103iere ilegal\u0103 de arbori \u00eentr-o razie desf\u0103\u0219urat\u0103 pe timp de noapte \u00een fondul forestier al \u00centreprinderii de Stat pentru Silvicultur\u0103 C\u0103l\u0103ra\u0219i. Un b\u0103rbat din satul C\u0103b\u0103ie\u0219ti a fost prins \u00een flagrant \u00een timp ce transporta lemn ob\u021binut ilegal. Verific\u0103rile au confirmat c\u0103 acesta t\u0103iase cinci [\u2026]<\/div>\n","protected":false},"author":1,"featured_media":67983,"comment_status":"closed","ping_status":"closed","sticky":false,"template":"","format":"standard","meta":{"jnews-multi-image_gallery":[],"jnews_single_post":[],"jnews_primary_category":[],"jnews_social_meta":[],"jnews_override_counter":[],"footnotes":""},"categories":[30],"tags":[],"class_list":["post-67982","post","type-post","status-publish","format-standard","has-post-thumbnail","hentry","category-social_ro"],"_links":{"self":[{"href":"https:\/\/orheifm.live\/index.php\/wp-json\/wp\/v2\/posts\/67982","targetHints":{"allow":["GET"]}}],"collection":[{"href":"https:\/\/orheifm.live\/index.php\/wp-json\/wp\/v2\/posts"}],"about":[{"href":"https:\/\/orheifm.live\/index.php\/wp-json\/wp\/v2\/types\/post"}],"author":[{"embeddable":true,"href":"https:\/\/orheifm.live\/index.php\/wp-json\/wp\/v2\/users\/1"}],"replies":[{"embeddable":true,"href":"https:\/\/orheifm.live\/index.php\/wp-json\/wp\/v2\/comments?post=67982"}],"version-history":[{"count":0,"href":"https:\/\/orheifm.live\/index.php\/wp-json\/wp\/v2\/posts\/67982\/revisions"}],"wp:featuredmedia":[{"embeddable":true,"href":"https:\/\/orheifm.live\/index.php\/wp-json\/wp\/v2\/media\/67983"}],"wp:attachment":[{"href":"https:\/\/orheifm.live\/index.php\/wp-json\/wp\/v2\/media?parent=67982"}],"wp:term":[{"taxonomy":"category","embeddable":true,"href":"https:\/\/orheifm.live\/index.php\/wp-json\/wp\/v2\/categories?post=67982"},{"taxonomy":"post_tag","embeddable":true,"href":"https:\/\/orheifm.live\/index.php\/wp-json\/wp\/v2\/tags?post=67982"}],"curies":[{"name":"wp","href":"https:\/\/api.w.org\/{rel}","templated":true}]}}