{"id":67980,"date":"2025-02-27T11:42:50","date_gmt":"2025-02-27T09:42:50","guid":{"rendered":"https:\/\/orheifm.live\/index.php\/2025\/02\/27\/un-tanar-a-doborat-un-ghiveci-si-a-incercat-sa-l-ridice\/"},"modified":"2025-02-27T11:42:50","modified_gmt":"2025-02-27T09:42:50","slug":"un-tanar-a-doborat-un-ghiveci-si-a-incercat-sa-l-ridice","status":"publish","type":"post","link":"https:\/\/orheifm.live\/index.php\/2025\/02\/27\/un-tanar-a-doborat-un-ghiveci-si-a-incercat-sa-l-ridice\/","title":{"rendered":"Un t\u00e2n\u0103r a dobor\u00e2t un ghiveci \u0219i a \u00eencercat s\u0103-l ridice"},"content":{"rendered":"<div>\n<p><strong>Un t\u00e2n\u0103r din Chi\u0219in\u0103u a dobor\u00e2t un ghiveci cu flori de pe o strad\u0103, \u00eens\u0103, observ\u00e2nd camera de supraveghere, a \u00eencercat s\u0103 repare situa\u021bia. <\/strong><\/p>\n<p>Totu\u0219i, eforturile sale nu au avut succes. Incidentul a avut loc \u00een Capital\u0103, iar \u00eenregistrarea video a fost distribuit\u0103 pe TikTok cu subtitlul \u201eCultura e cam a\u0219a\u201d.<\/p>\n<p>\u00cen clip, se poate vedea cum t\u00e2n\u0103rul, realiz\u00e2nd c\u0103 este filmat, \u00eencearc\u0103 s\u0103 ridice ghiveciul, dar acesta este prea greu. Dup\u0103 c\u00e2teva \u00eencerc\u0103ri nereu\u0219ite, el se resemneaz\u0103 \u0219i pleac\u0103.<\/p>\n<p>Deocamdat\u0103, Poli\u021bia \u0219i Prim\u0103ria Chi\u0219in\u0103u nu au oferit un comentariu oficial.<\/p>\n<\/div>\n","protected":false},"excerpt":{"rendered":"<div><img loading=\"lazy\" decoding=\"async\" width=\"509\" height=\"455\" src=\"https:\/\/canal5.md\/wp-content\/uploads\/2025\/02\/snimok-ekrana_27-2-2025_84934_point.md_-optimized.jpeg\" class=\"attachment-large size-large wp-post-image\" alt=\"\" srcset=\"https:\/\/canal5.md\/wp-content\/uploads\/2025\/02\/snimok-ekrana_27-2-2025_84934_point.md_-optimized.jpeg 509w, https:\/\/canal5.md\/wp-content\/uploads\/2025\/02\/snimok-ekrana_27-2-2025_84934_point.md_-300x268-optimized.jpeg 300w\">Un t\u00e2n\u0103r din Chi\u0219in\u0103u a dobor\u00e2t un ghiveci cu flori de pe o strad\u0103, \u00eens\u0103, observ\u00e2nd camera de supraveghere, a \u00eencercat s\u0103 repare situa\u021bia. Totu\u0219i, eforturile sale nu au avut succes. Incidentul a avut loc \u00een Capital\u0103, iar \u00eenregistrarea video a fost distribuit\u0103 pe TikTok cu subtitlul \u201eCultura e cam a\u0219a\u201d. \u00cen clip, se poate [\u2026]<\/div>\n","protected":false},"author":1,"featured_media":67981,"comment_status":"closed","ping_status":"closed","sticky":false,"template":"","format":"standard","meta":{"jnews-multi-image_gallery":[],"jnews_single_post":[],"jnews_primary_category":[],"jnews_social_meta":[],"jnews_override_counter":[],"footnotes":""},"categories":[30],"tags":[],"class_list":["post-67980","post","type-post","status-publish","format-standard","has-post-thumbnail","hentry","category-social_ro"],"_links":{"self":[{"href":"https:\/\/orheifm.live\/index.php\/wp-json\/wp\/v2\/posts\/67980","targetHints":{"allow":["GET"]}}],"collection":[{"href":"https:\/\/orheifm.live\/index.php\/wp-json\/wp\/v2\/posts"}],"about":[{"href":"https:\/\/orheifm.live\/index.php\/wp-json\/wp\/v2\/types\/post"}],"author":[{"embeddable":true,"href":"https:\/\/orheifm.live\/index.php\/wp-json\/wp\/v2\/users\/1"}],"replies":[{"embeddable":true,"href":"https:\/\/orheifm.live\/index.php\/wp-json\/wp\/v2\/comments?post=67980"}],"version-history":[{"count":0,"href":"https:\/\/orheifm.live\/index.php\/wp-json\/wp\/v2\/posts\/67980\/revisions"}],"wp:featuredmedia":[{"embeddable":true,"href":"https:\/\/orheifm.live\/index.php\/wp-json\/wp\/v2\/media\/67981"}],"wp:attachment":[{"href":"https:\/\/orheifm.live\/index.php\/wp-json\/wp\/v2\/media?parent=67980"}],"wp:term":[{"taxonomy":"category","embeddable":true,"href":"https:\/\/orheifm.live\/index.php\/wp-json\/wp\/v2\/categories?post=67980"},{"taxonomy":"post_tag","embeddable":true,"href":"https:\/\/orheifm.live\/index.php\/wp-json\/wp\/v2\/tags?post=67980"}],"curies":[{"name":"wp","href":"https:\/\/api.w.org\/{rel}","templated":true}]}}