{"id":67972,"date":"2025-02-27T10:20:11","date_gmt":"2025-02-27T08:20:11","guid":{"rendered":"https:\/\/orheifm.live\/index.php\/2025\/02\/27\/un-barbat-din-cricova-a-cazut-dintr-un-copac-si-a-murit-strapuns-de-un-gard\/"},"modified":"2025-02-27T10:20:11","modified_gmt":"2025-02-27T08:20:11","slug":"un-barbat-din-cricova-a-cazut-dintr-un-copac-si-a-murit-strapuns-de-un-gard","status":"publish","type":"post","link":"https:\/\/orheifm.live\/index.php\/2025\/02\/27\/un-barbat-din-cricova-a-cazut-dintr-un-copac-si-a-murit-strapuns-de-un-gard\/","title":{"rendered":"Un b\u0103rbat din Cricova a c\u0103zut dintr-un copac \u0219i a murit str\u0103puns de un gard"},"content":{"rendered":"<div>\n<p><strong>Un b\u0103rbat de 75 de ani a murit dup\u0103 ce a c\u0103zut dintr-un copac \u0219i a fost str\u0103puns de r\u0103ngile metalice ale unui gard. Tragedia s-a petrecut \u00een aceast\u0103 sear\u0103, \u00een jurul orei 18:20, pe strada P\u0103cii din ora\u0219ul Cricova, municipiul Chi\u0219in\u0103u.<\/strong><\/p>\n<p>Victima ar fi efectuat lucr\u0103ri de cur\u0103\u021bire a copacilor din propria gospod\u0103rie, c\u00e2nd, din neaten\u021bie, a c\u0103zut din copac \u0219i a ajuns pe gardul din r\u0103ngi metalice. So\u021bia b\u0103rbatului l-a g\u0103sit \u00eenfipt \u00een gard \u0219i a sunat imediat la ambulan\u021b\u0103. Din p\u0103cate, medicii sosi\u021bi la fa\u021ba locului nu au putut dec\u00e2t s\u0103 constate decesul.<\/p>\n<p>Poli\u021bia cerceteaz\u0103 circumstan\u021bele \u00een care a avut loc acest accident tragic.<\/p>\n<\/div>\n","protected":false},"excerpt":{"rendered":"<div><img loading=\"lazy\" decoding=\"async\" width=\"696\" height=\"392\" src=\"https:\/\/canal5.md\/wp-content\/uploads\/2025\/02\/d378c0e8f07c5de86ba3e96f62c3719dca357afa6646d840fb925d98ac71359f-1024x576-optimized.jpg\" class=\"attachment-large size-large wp-post-image\" alt=\"\" srcset=\"https:\/\/canal5.md\/wp-content\/uploads\/2025\/02\/d378c0e8f07c5de86ba3e96f62c3719dca357afa6646d840fb925d98ac71359f-1024x576-optimized.jpg 1024w, https:\/\/canal5.md\/wp-content\/uploads\/2025\/02\/d378c0e8f07c5de86ba3e96f62c3719dca357afa6646d840fb925d98ac71359f-300x169-optimized.jpg 300w, https:\/\/canal5.md\/wp-content\/uploads\/2025\/02\/d378c0e8f07c5de86ba3e96f62c3719dca357afa6646d840fb925d98ac71359f-768x432-optimized.jpg 768w, https:\/\/canal5.md\/wp-content\/uploads\/2025\/02\/d378c0e8f07c5de86ba3e96f62c3719dca357afa6646d840fb925d98ac71359f-696x392-optimized.jpg 696w, https:\/\/canal5.md\/wp-content\/uploads\/2025\/02\/d378c0e8f07c5de86ba3e96f62c3719dca357afa6646d840fb925d98ac71359f-1068x601-optimized.jpg 1068w, https:\/\/canal5.md\/wp-content\/uploads\/2025\/02\/d378c0e8f07c5de86ba3e96f62c3719dca357afa6646d840fb925d98ac71359f-optimized.jpg 1200w\">Un b\u0103rbat de 75 de ani a murit dup\u0103 ce a c\u0103zut dintr-un copac \u0219i a fost str\u0103puns de r\u0103ngile metalice ale unui gard. Tragedia s-a petrecut \u00een aceast\u0103 sear\u0103, \u00een jurul orei 18:20, pe strada P\u0103cii din ora\u0219ul Cricova, municipiul Chi\u0219in\u0103u. Victima ar fi efectuat lucr\u0103ri de cur\u0103\u021bire a copacilor din propria gospod\u0103rie, c\u00e2nd, [\u2026]<\/div>\n","protected":false},"author":1,"featured_media":67973,"comment_status":"closed","ping_status":"closed","sticky":false,"template":"","format":"standard","meta":{"jnews-multi-image_gallery":[],"jnews_single_post":[],"jnews_primary_category":[],"jnews_social_meta":[],"jnews_override_counter":[],"footnotes":""},"categories":[30],"tags":[],"class_list":["post-67972","post","type-post","status-publish","format-standard","has-post-thumbnail","hentry","category-social_ro"],"_links":{"self":[{"href":"https:\/\/orheifm.live\/index.php\/wp-json\/wp\/v2\/posts\/67972","targetHints":{"allow":["GET"]}}],"collection":[{"href":"https:\/\/orheifm.live\/index.php\/wp-json\/wp\/v2\/posts"}],"about":[{"href":"https:\/\/orheifm.live\/index.php\/wp-json\/wp\/v2\/types\/post"}],"author":[{"embeddable":true,"href":"https:\/\/orheifm.live\/index.php\/wp-json\/wp\/v2\/users\/1"}],"replies":[{"embeddable":true,"href":"https:\/\/orheifm.live\/index.php\/wp-json\/wp\/v2\/comments?post=67972"}],"version-history":[{"count":0,"href":"https:\/\/orheifm.live\/index.php\/wp-json\/wp\/v2\/posts\/67972\/revisions"}],"wp:featuredmedia":[{"embeddable":true,"href":"https:\/\/orheifm.live\/index.php\/wp-json\/wp\/v2\/media\/67973"}],"wp:attachment":[{"href":"https:\/\/orheifm.live\/index.php\/wp-json\/wp\/v2\/media?parent=67972"}],"wp:term":[{"taxonomy":"category","embeddable":true,"href":"https:\/\/orheifm.live\/index.php\/wp-json\/wp\/v2\/categories?post=67972"},{"taxonomy":"post_tag","embeddable":true,"href":"https:\/\/orheifm.live\/index.php\/wp-json\/wp\/v2\/tags?post=67972"}],"curies":[{"name":"wp","href":"https:\/\/api.w.org\/{rel}","templated":true}]}}