{"id":67968,"date":"2025-02-27T09:20:56","date_gmt":"2025-02-27T07:20:56","guid":{"rendered":"https:\/\/orheifm.live\/index.php\/2025\/02\/27\/77457\/"},"modified":"2025-02-27T09:20:56","modified_gmt":"2025-02-27T07:20:56","slug":"77457","status":"publish","type":"post","link":"https:\/\/orheifm.live\/index.php\/2025\/02\/27\/77457\/","title":{"rendered":"Cum va fi vremea \u00een Moldova: Cer \u00eennorat \u0219i posibile ninsori"},"content":{"rendered":"<div>\n<p><strong>Ast\u0103zi, \u00een Republica Moldova, vremea va fi predominant \u00eennorat\u0103, f\u0103r\u0103 precipita\u021bii semnificative, iar temperaturile vor fi moderate pentru aceast\u0103 perioad\u0103.<\/strong><\/p>\n<p>\u00cen Chi\u0219in\u0103u, diminea\u021ba va \u00eencepe cu cer par\u021bial noros \u0219i o temperatur\u0103 minim\u0103 de -1,9\u00b0C. Norii vor acoperi complet cerul p\u00e2n\u0103 la pr\u00e2nz, iar temperatura va ajunge la un maxim de 5,9\u00b0C \u00een jurul orei 15:00. Spre sear\u0103, temperatura va sc\u0103dea p\u00e2n\u0103 la aproximativ 1,5\u00b0C.<\/p>\n<p>M\u00e2ine, vremea va fi \u00een general \u00eennorat\u0103, f\u0103r\u0103 precipita\u021bii semnificative, cu o temperatur\u0103 maxim\u0103 de 6,9\u00b0C \u0219i minime nocturne de 1,1\u00b0C.<\/p>\n<p>Poim\u00e2ine, se vor \u00eenregistra condi\u021bii meteo schimb\u0103toare, cu posibile c\u0103deri de z\u0103pad\u0103. Temperaturile maxime vor fi de 4,6\u00b0C, iar minimele vor atinge valori apropiate de \u00eenghe\u021b, de -0,1\u00b0C.<\/p>\n<\/div>\n","protected":false},"excerpt":{"rendered":"<div><img loading=\"lazy\" decoding=\"async\" width=\"696\" height=\"522\" src=\"https:\/\/canal5.md\/wp-content\/uploads\/2025\/02\/800px-large_stratocumulus-optimized.jpg\" class=\"attachment-large size-large wp-post-image\" alt=\"\" srcset=\"https:\/\/canal5.md\/wp-content\/uploads\/2025\/02\/800px-large_stratocumulus-optimized.jpg 800w, https:\/\/canal5.md\/wp-content\/uploads\/2025\/02\/800px-large_stratocumulus-300x225-optimized.jpg 300w, https:\/\/canal5.md\/wp-content\/uploads\/2025\/02\/800px-large_stratocumulus-768x576-optimized.jpg 768w, https:\/\/canal5.md\/wp-content\/uploads\/2025\/02\/800px-large_stratocumulus-696x522-optimized.jpg 696w\">Ast\u0103zi, \u00een Republica Moldova, vremea va fi predominant \u00eennorat\u0103, f\u0103r\u0103 precipita\u021bii semnificative, iar temperaturile vor fi moderate pentru aceast\u0103 perioad\u0103. \u00cen Chi\u0219in\u0103u, diminea\u021ba va \u00eencepe cu cer par\u021bial noros \u0219i o temperatur\u0103 minim\u0103 de -1,9\u00b0C. Norii vor acoperi complet cerul p\u00e2n\u0103 la pr\u00e2nz, iar temperatura va ajunge la un maxim de 5,9\u00b0C \u00een jurul orei [\u2026]<\/div>\n","protected":false},"author":1,"featured_media":67969,"comment_status":"closed","ping_status":"closed","sticky":false,"template":"","format":"standard","meta":{"jnews-multi-image_gallery":[],"jnews_single_post":[],"jnews_primary_category":[],"jnews_social_meta":[],"jnews_override_counter":[],"footnotes":""},"categories":[30],"tags":[],"class_list":["post-67968","post","type-post","status-publish","format-standard","has-post-thumbnail","hentry","category-social_ro"],"_links":{"self":[{"href":"https:\/\/orheifm.live\/index.php\/wp-json\/wp\/v2\/posts\/67968","targetHints":{"allow":["GET"]}}],"collection":[{"href":"https:\/\/orheifm.live\/index.php\/wp-json\/wp\/v2\/posts"}],"about":[{"href":"https:\/\/orheifm.live\/index.php\/wp-json\/wp\/v2\/types\/post"}],"author":[{"embeddable":true,"href":"https:\/\/orheifm.live\/index.php\/wp-json\/wp\/v2\/users\/1"}],"replies":[{"embeddable":true,"href":"https:\/\/orheifm.live\/index.php\/wp-json\/wp\/v2\/comments?post=67968"}],"version-history":[{"count":0,"href":"https:\/\/orheifm.live\/index.php\/wp-json\/wp\/v2\/posts\/67968\/revisions"}],"wp:featuredmedia":[{"embeddable":true,"href":"https:\/\/orheifm.live\/index.php\/wp-json\/wp\/v2\/media\/67969"}],"wp:attachment":[{"href":"https:\/\/orheifm.live\/index.php\/wp-json\/wp\/v2\/media?parent=67968"}],"wp:term":[{"taxonomy":"category","embeddable":true,"href":"https:\/\/orheifm.live\/index.php\/wp-json\/wp\/v2\/categories?post=67968"},{"taxonomy":"post_tag","embeddable":true,"href":"https:\/\/orheifm.live\/index.php\/wp-json\/wp\/v2\/tags?post=67968"}],"curies":[{"name":"wp","href":"https:\/\/api.w.org\/{rel}","templated":true}]}}